{"id":63791,"date":"2022-04-05T13:18:44","date_gmt":"2022-04-05T11:18:44","guid":{"rendered":"https:\/\/www.fedaiisf.it\/?p=63791"},"modified":"2022-04-05T13:18:44","modified_gmt":"2022-04-05T11:18:44","slug":"asl-toscana-una-task-force-per-controllare-la-spesa-farmaceutica","status":"publish","type":"post","link":"https:\/\/www.fedaiisf.it\/en\/asl-toscana-una-task-force-per-controllare-la-spesa-farmaceutica\/","title":{"rendered":"South-East Tuscany ASL. A Task Force to Control Pharmaceutical Spending"},"content":{"rendered":"<h2>Sanit\u00e0, una task force della Asl per controllare le spese per i farmaci. Ecco chi ne fa parte<\/h2>\n<p><a href=\"https:\/\/corrieredisiena.corr.it\/news\/siena\/31096116\/sanita-task-force-asl-spese-farmaci-ecco-chi-sono.html\" target=\"_blank\" rel=\"noopener\">Corriere di Siena &#8211; 4 aprile 2022<\/a> Di Marco Antonucci<\/p>\n<p><img loading=\"lazy\" decoding=\"async\" class=\"wp-image-63795 alignright\" src=\"https:\/\/www.fedaiisf.it\/wp-content\/uploads\/2022\/04\/Toscana-.jpeg\" alt=\"\" width=\"404\" height=\"227\" srcset=\"https:\/\/www.fedaiisf.it\/wp-content\/uploads\/2022\/04\/Toscana-.jpeg 1024w, https:\/\/www.fedaiisf.it\/wp-content\/uploads\/2022\/04\/Toscana--300x169.jpeg 300w, https:\/\/www.fedaiisf.it\/wp-content\/uploads\/2022\/04\/Toscana--768x432.jpeg 768w, https:\/\/www.fedaiisf.it\/wp-content\/uploads\/2022\/04\/Toscana--390x220.jpeg 390w\" sizes=\"auto, (max-width: 404px) 100vw, 404px\" \/>For\u00a0<strong>Siena<\/strong>, <strong>Arezzo<\/strong> And <strong>Grosseto<\/strong> una task force per tenere costantemente sotto controllo la spesa farmaceutica della <strong>Asl<\/strong>. Sono 14 i professionisti, nominati dal direttore generale <strong>Antonio D\u2019Urso<\/strong>, che avranno il compito, mese dopo mese, di valutare quanto viene speso per l\u2019acquisto di farmaci. Un organismo, \u00e8 giusto sottolinearlo, che verr\u00e0 creato in tutte le <strong>Asl toscane<\/strong> su richiesta di <strong>Frederick Gelli<\/strong>, a capo della Direzione sanit\u00e0 e sociale della <strong>Tuscany region<\/strong>. La nota relativa all\u2019assegnazione dei budget aziendali sulla spesa farmaceutica \u00e8 stata firmata l&#8217;8 marzo e nei giorni scorsi recepita dai vertici Asl. La delibera, proposta dal direttore sanitario <strong>Simona Dei<\/strong>e approvata dal dg <strong>D\u2019Urso<\/strong>, rende operativo questo organismo che \u00e8 stato voluto visto che \u201cl\u2019obiettivo generale di tutte le aziende del <strong>Servizio sanitario regionale<\/strong> \u00e8 quello di allineare la spesa farmaceutica alle reali disponibilit\u00e0 finanziarie\u201d. \u201cLa spesa per acquisti di farmaci da <strong>Estar<\/strong>\u201d si legge ancora nella delibera, \u201cdeve essere monitorata con pesatura del singolo mese rispetto al periodo complessivo\u201d. Inoltre \u201cviene espressa, dalla <strong>Tuscany region<\/strong>, la necessit\u00e0 di creare un maggior coinvolgimento dei professionisti con maggiori responsabilit\u00e0 sugli obiettivi legati alla spesa farmaceutica\u201d.<\/p>\n<p>Per questo la <strong>Region<\/strong>, attraverso il provvedimento firmato da <strong>Frederick Gelli<\/strong>, ha chiesto alle direzioni aziendali di dar vita a\u00a0una <strong>task force<\/strong>, multidisciplinare, \u201ccon il preciso compito di seguire direttamente l\u2019andamento del budget aziendale\u201d relativamente a questo particolare capitolo di spesa. Tra i compiti affidati a questi gruppi che saranno operativi in tutte le aziende sanitarie di tutta la <strong>Tuscany<\/strong>, anche quelli di \u201cmonitorare mensilmente lo scostamento rispetto al budget assegnato dalle diverse strutture\u201d, l\u2019intraprendere \u201ceventuali <img loading=\"lazy\" decoding=\"async\" class=\"wp-image-19858 alignleft\" src=\"https:\/\/www.fedaiisf.it\/wp-content\/uploads\/2015\/06\/spia-computer.jpg\" alt=\"\" width=\"364\" height=\"212\" srcset=\"https:\/\/www.fedaiisf.it\/wp-content\/uploads\/2015\/06\/spia-computer.jpg 482w, https:\/\/www.fedaiisf.it\/wp-content\/uploads\/2015\/06\/spia-computer-300x175.jpg 300w\" sizes=\"auto, (max-width: 364px) 100vw, 364px\" \/>nuove azioni correttive sulla base degli esiti delle valutazioni effettuate\u201d e \u201cprodurre un report di dettaglio periodico\u201d. Questo, dunque, il fondamento operativo e il raggio di azione entro il quale dovr\u00e0 muoversi la task force che, per quanto riguarda la <strong>Asl Toscana Sud Est<\/strong>, \u00e8 stata istituita nei giorni scorsi.<\/p>\n<p>Quattordici i componenti. Ecco chi sono: il direttore sanitario <strong>Simona Dei<\/strong>, che avr\u00e0 il compito di coordinare l\u2019attivit\u00e0 insieme al direttore amministrativo <strong>Francesco Ghelardi<\/strong>. Del gruppo fanno parte anche i direttori <strong>Roberto Turillazzi<\/strong> (staff direzione sanitaria); <strong>Fabio Lena<\/strong> (dipartimento del farmaco); <strong>Massimo Alessandri<\/strong> (dipartimento di medicina interna, delle specialistiche e della riabilitazione); <strong>Roberto Marconi<\/strong> (area neurologica); <strong>Giovanni Porciello<\/strong> (area reumatologica); <strong>Marco Matergi<\/strong> (area gastroenterologica); <strong>Carmelo Bengala<\/strong>(area oncologia medica); <strong>Andrea Romani<\/strong> (area oculistica); <strong>Anna Beltrano<\/strong> (dipartimento Cts territorio, della fragilit\u00e0 e delle dipendenze); <strong>Renato Fortunato Tulino<\/strong> (medicina generale); <strong>Luigi Bechi<\/strong>(Uoc controllo di gestione, performance aziendale e flussi informativi). Far\u00e0 parte della task force anche <strong>Giacomo Bassi<\/strong> (personale amministrativo di supporto per la segreteria). Un organismo che potr\u00e0 essere, per cos\u00ec dire, modulare: la delibera infatti stabilisce che il gruppo potr\u00e0 essere di volta in volta integrato con gli altri direttori di dipartimento, di area dipartimentale, di unit\u00e0 operativa, di zona distretto e di presidio ospedaliero.<\/p>\n<p>&nbsp;<\/p>","protected":false},"excerpt":{"rendered":"<p>Sanit\u00e0, una task force della Asl per controllare le spese per i farmaci. Ecco chi ne fa parte Corriere di Siena &#8211; 4 aprile 2022 Di Marco Antonucci Per\u00a0Siena, Arezzo e Grosseto una task force per tenere costantemente sotto controllo la spesa farmaceutica della Asl. Sono 14 i professionisti, nominati dal direttore generale Antonio D\u2019Urso, &hellip;<\/p>","protected":false},"author":4,"featured_media":63796,"comment_status":"closed","ping_status":"closed","sticky":false,"template":"","format":"standard","meta":{"footnotes":""},"categories":[1],"tags":[],"class_list":["post-63791","post","type-post","status-publish","format-standard","has-post-thumbnail","hentry","category-notizie"],"amp_enabled":true,"_links":{"self":[{"href":"https:\/\/www.fedaiisf.it\/en\/wp-json\/wp\/v2\/posts\/63791","targetHints":{"allow":["GET"]}}],"collection":[{"href":"https:\/\/www.fedaiisf.it\/en\/wp-json\/wp\/v2\/posts"}],"about":[{"href":"https:\/\/www.fedaiisf.it\/en\/wp-json\/wp\/v2\/types\/post"}],"author":[{"embeddable":true,"href":"https:\/\/www.fedaiisf.it\/en\/wp-json\/wp\/v2\/users\/4"}],"replies":[{"embeddable":true,"href":"https:\/\/www.fedaiisf.it\/en\/wp-json\/wp\/v2\/comments?post=63791"}],"version-history":[{"count":0,"href":"https:\/\/www.fedaiisf.it\/en\/wp-json\/wp\/v2\/posts\/63791\/revisions"}],"wp:featuredmedia":[{"embeddable":true,"href":"https:\/\/www.fedaiisf.it\/en\/wp-json\/wp\/v2\/media\/63796"}],"wp:attachment":[{"href":"https:\/\/www.fedaiisf.it\/en\/wp-json\/wp\/v2\/media?parent=63791"}],"wp:term":[{"taxonomy":"category","embeddable":true,"href":"https:\/\/www.fedaiisf.it\/en\/wp-json\/wp\/v2\/categories?post=63791"},{"taxonomy":"post_tag","embeddable":true,"href":"https:\/\/www.fedaiisf.it\/en\/wp-json\/wp\/v2\/tags?post=63791"}],"curies":[{"name":"wp","href":"https:\/\/api.w.org\/{rel}","templated":true}]}}