{"id":63799,"date":"2022-04-06T19:00:45","date_gmt":"2022-04-06T17:00:45","guid":{"rendered":"https:\/\/www.fedaiisf.it\/?p=63799"},"modified":"2022-04-06T19:47:42","modified_gmt":"2022-04-06T17:47:42","slug":"regione-lombardia-lassessore-moratti-risponde-sullistituzione-di-un-tavolo-sullinformazione-scientifica","status":"publish","type":"post","link":"https:\/\/www.fedaiisf.it\/en\/regione-lombardia-lassessore-moratti-risponde-sullistituzione-di-un-tavolo-sullinformazione-scientifica\/","title":{"rendered":"Lombardy region. Councilor Moratti replies NO to the proposal to set up a table on scientific information. Ed"},"content":{"rendered":"<p><a href=\"https:\/\/www.mediatecaconsiglio.regione.lombardia.it\/portal\/watch\/meeting\/12888?autostart=true&amp;startTime=6241\" target=\"_blank\" rel=\"noopener\"><img loading=\"lazy\" decoding=\"async\" class=\"wp-image-63823 alignright\" src=\"https:\/\/www.fedaiisf.it\/wp-content\/uploads\/2022\/04\/Schermata-2022-04-06-alle-19.02.42.png\" alt=\"\" width=\"449\" height=\"278\" srcset=\"https:\/\/www.fedaiisf.it\/wp-content\/uploads\/2022\/04\/Schermata-2022-04-06-alle-19.02.42.png 781w, https:\/\/www.fedaiisf.it\/wp-content\/uploads\/2022\/04\/Schermata-2022-04-06-alle-19.02.42-300x186.png 300w, https:\/\/www.fedaiisf.it\/wp-content\/uploads\/2022\/04\/Schermata-2022-04-06-alle-19.02.42-768x476.png 768w\" sizes=\"auto, (max-width: 449px) 100vw, 449px\" \/><\/a>In data 8 marzo 2022 il Consigliere Regionale Nicol\u00f2 Carretta present\u00f2 un&#8217;interrogazione a risposta scritta (<a href=\"https:\/\/www.consiglio.regione.lombardia.it\/wps\/RLCRLServiceIntegrator\/jsp\/geasi\/AllegatoGEASI.jsp?fileName=ITR-21433-testo-presentato.pdf&amp;url=\/alfresco\/service\/api\/node\/content\/workspace\/SpacesStore\/f1c49530-6bec-4b09-b01f-4dace201139b\/ITR_21433?attach=true\" target=\"_blank\" rel=\"noopener\">N. 21433<\/a>) all&#8217;Assessore al Walfare, Letizia Moratti, in cui si chiedeva &#8220;<em>l&#8217;<span style=\"color: #000000;\">Istituzione di un tavolo regionale sull\u2019informazione scientifica e revisione della normativa regionale in materia<\/span><\/em>&#8220;.<\/p>\n<p>Nella seduta antimeridiana del Consiglio Regionale del 5 aprile \u00a0l&#8217;Assessore Moratti ha comunicato la risposta [<em>cliccare sull&#8217;immagine a destra per il video dell&#8217;intervento<\/em>] al Consigliere Carretta che ha pubblicato la sottostante nota.<\/p>\n<hr \/>\n<p style=\"text-align: center;\"><span style=\"font-size: 14pt; color: #000000; font-family: arial, helvetica, sans-serif;\"><strong>&#8220;Istituzione del tavolo regionale sull&#8217;informazione scientifica&#8221;<\/strong><\/span><\/p>\n<p style=\"text-align: justify;\"><span style=\"font-family: arial, helvetica, sans-serif; color: #000000; font-size: 14pt;\">L&#8217;Assessore Letizia Moratti nel rispondere all&#8217;ITL ha ricordato che la materia dell&#8217;informazione medico scientifica sul farmaco \u00e8 normata dal Decreto 24\/04\/2006 n. 219 e dall&#8217;art. 48 co.21 del Decreto legge 30 settembre 2003 convertito in legge il 24 novembre 2003 n. 326.<\/span><\/p>\n<p style=\"text-align: justify;\"><span style=\"font-family: arial, helvetica, sans-serif; color: #000000; font-size: 14pt;\">L&#8217;Assessore ha dichiarato che Regione Lombardia, in considerazione alle indicazioni contenute nel documento &#8220;Linee guida di regolamento regionale dell&#8217;informazione scientifica sul farmaco&#8221; ai sensi dell&#8217;art 48 co.21, 22 , 23, 24 della legge 24 novembre 2003 approvato il 20 aprile 2006 dalla Conferenza dei Presidenti delle Regioni, ha adottato gli indirizzi in materia di informazione scientifica sul farmaco contenuti nelle linee guida in accordo con quanto disposto dall&#8217;AIFA in tale materia.<\/span><\/p>\n<p style=\"text-align: justify;\"><span style=\"font-family: arial, helvetica, sans-serif; color: #000000; font-size: 14pt;\">Considerato che dal momento in cui si sono adottate le indicazioni della Conferenza sull&#8217;informazione scientifica sul farmaco, ad oggi, non si sono verificate criticit\u00e0 o richieste in materia di informazione scientifica sul farmaco sul territorio lombardo.\u00a0\u00a0<\/span><\/p>\n<p style=\"text-align: justify;\"><span style=\"font-family: arial, helvetica, sans-serif; color: #000000; font-size: 14pt;\">Per questo motivo, non si \u00e8 ritenuto necessario costituire un tavolo di lavoro su questo tema.<\/span><\/p>\n<p style=\"text-align: justify;\"><span style=\"font-family: arial, helvetica, sans-serif; color: #000000; font-size: 14pt;\">L&#8217;Assessore ha voluto ricordare che anche nel periodo di pandemia, Regione Lombardia ha gestito gli informatori scientifici come operatori sanitari, dando la stessa priorit\u00e0 per la vaccinazione.<\/span><\/p>\n<p style=\"text-align: justify;\"><span style=\"font-family: arial, helvetica, sans-serif; color: #000000; font-size: 14pt;\">Sul punto richiesto dal Consigliere Carretta, relativo all&#8217;omogeneit\u00e0 delle informazioni alle diverse ats l&#8217;Assessore si \u00e8 impegnata direttamente per far avere in forma scritta un approfondimento puntuale.<\/span><\/p>\n<p style=\"text-align: justify;\"><span style=\"font-family: arial, helvetica, sans-serif; color: #000000; font-size: 14pt;\">L&#8217;Assessore Moratti ha infine dichiarato che i medicinali sono autorizzati da AIFA e EMA e nessuna agenzia menzionata ha novellato la materia dell&#8217;informazione medico scientifica in questi anni.<\/span><\/p>\n<p style=\"text-align: justify;\"><span style=\"font-family: arial, helvetica, sans-serif; color: #000000; font-size: 14pt;\">Regione Lombardia assicura impegno all&#8217;impiego sicuro e appropriato dei medicinali attraverso informazione e divulgazione indipendente, orientando le scelte terapeutiche sulle base delle evidenze scientifiche nell&#8217;interesse del paziente. Queste le parole conclusive della Vice Presidente della Lombardia.<\/span><\/p>\n<hr \/>\n<p><em><span style=\"font-size: 14pt; font-family: 'times new roman', times, serif; color: #000000;\"><img loading=\"lazy\" decoding=\"async\" class=\" wp-image-63219 alignleft\" src=\"https:\/\/www.fedaiisf.it\/wp-content\/uploads\/2022\/03\/Carretta_Niccolo428x187.jpeg\" alt=\"\" width=\"357\" height=\"156\" srcset=\"https:\/\/www.fedaiisf.it\/wp-content\/uploads\/2022\/03\/Carretta_Niccolo428x187.jpeg 428w, https:\/\/www.fedaiisf.it\/wp-content\/uploads\/2022\/03\/Carretta_Niccolo428x187-300x131.jpeg 300w\" sizes=\"auto, (max-width: 357px) 100vw, 357px\" \/>Il Consigliere Regionale <b>Niccol\u00f2 Carretta (AZIONE)<\/b>, che si \u00e8 fatto portavoce delle richieste degli informatori scientifici della Lombardia anche durante la Pandemia chiedendo alla Regione Lombardia che venissero considerati operatori sanitari per la priorit\u00e0 di vaccinazione, ha preso atto della mancanza di volont\u00e0 politica dell&#8217;istituzione di un tavolo regionale cos\u00ec come richiesto e ha per\u00f2 sollecitato l&#8217;Assessorato e la Direzione Generale affinch\u00e9 venga fatto un ulteriore approfondimento circa il coordinamento pi\u00f9 leggero per incontrare le richieste della categoria, che ha manifestato a pi\u00f9 riprese il bisogno di essere pi\u00f9 coordinata e in dialogo pi\u00f9 strutturato con la Direzione Generale. <\/span><\/em><br \/>\n<em><span style=\"font-size: 14pt; font-family: 'times new roman', times, serif; color: #000000;\">Il consigliere Carretta si impegna a trasmettere l&#8217;approfondimento scritto in arrivo dall&#8217;Assessorato al Welfare.<\/span><\/em><\/p>\n<hr \/>\n<p>Notizie correlate:\u00a0<a href=\"https:\/\/www.fedaiisf.it\/regione-lombardia-interrogazione-consigliere-carretta-istituzione-del-tavolo-regionale-sullinformazione-scientifica\/\" target=\"_blank\" rel=\"noopener\">Regione Lombardia. Interrogazione Consigliere Carretta: \u201cIstituzione del Tavolo regionale sull\u2019informazione scientifica\u201d<\/a><\/p>\n<p>Regione Lombardia <a href=\"https:\/\/www.fedaiisf.it\/wp-content\/uploads\/2019\/08\/Regolamento_informatori_farmaceutici_luglio_2019-2.pdf\" target=\"_blank\" rel=\"noopener\">Regolamento_informatori_farmaceutici_luglio_2019-2<\/a><\/p>\n<p>Linee Guida <a href=\"http:\/\/www.regioni.it\/conferenze\/2006\/04\/20\/doc-approvato-sanita-linee-guida-regolamento-regionale-informazione-scientifica-farmaco-105196\/\" target=\"_blank\" rel=\"noopener\">20 aprile 2006 dalla Conferenza delle Regioni e Province Autonome<\/a>.<\/p>\n<p><a href=\"https:\/\/web.camera.it\/parlam\/leggi\/deleghe\/06219dl.htm\" target=\"_blank\" rel=\"noopener\">Decreto Legislativo 24 aprile 2006, n. 219\u00a0<\/a><\/p>\n<p><a href=\"https:\/\/www.gazzettaufficiale.it\/eli\/id\/2003\/11\/25\/03A12911\/sg\" target=\"_blank\" rel=\"noopener\">DECRETO-LEGGE 30 settembre 2003, n. 269\u00a0<\/a><\/p>\n<p><a href=\"http:\/\/www.agenziafarmaco.gov.it\/wscs_render_attachment_by_id\/111.42604.114664474361898cc.pdf?id=111.42611.1146644743898\" target=\"_blank\" rel=\"noopener\">Decreto legislativo 30 dicembre 1992, n. 541<\/a><\/p>\n<hr \/>\n<p><strong><span style=\"color: #000000;\">N.d.R.<\/span><\/strong>:<\/p>\n<p>Siamo grati alla Regione Lombardia che ha gestito gli informatori scientifici come operatori sanitari durante la pandemia, ma vogliamo rispettosamente confutare le motivazioni che hanno portato l\u2019Assessorato a negare l\u2019Istituzione del tavolo regionale sull&#8217;informazione scientifica.<\/p>\n<p>Visto che nella risposta all\u2019interrogazione del Consigliere Carretta si fanno dei riferimenti di legge per giustificare una risposta negativa, ci corre l\u2019obbligo di chiarire cosa dicono questi riferimenti di legge.<\/p>\n<p><em>\u00abL&#8217;Assessore ha dichiarato che Regione Lombardia, in considerazione alle indicazioni contenute nel documento &#8220;Linee guida di regolamento regionale dell&#8217;informazione scientifica sul farmaco&#8221; ai sensi dell&#8217;art 48 co.21, 22 , 23, 24 della legge 24 novembre 2003 approvato il 20 aprile 2006 dalla Conferenza dei Presidenti delle Regioni, ha adottato gli indirizzi in materia di informazione scientifica sul farmaco contenuti nelle linee guida in accordo con quanto disposto dall&#8217;AIFA in tale materia.<\/em><\/p>\n<p><em>Considerato che dal momento in cui si sono adottate le indicazioni della Conferenza sull&#8217;informazione scientifica sul farmaco, ad oggi, non si sono verificate criticit\u00e0 o richieste in materia di informazione scientifica sul farmaco sul territorio lombardo\u00bb&#8230;<\/em><\/p>\n<p>\u00c8 sorprendente che il \u201cno\u201d faccia riferimento alle Linee Guida\u00a0<a href=\"http:\/\/www.regioni.it\/conferenze\/2006\/04\/20\/doc-approvato-sanita-linee-guida-regolamento-regionale-informazione-scientifica-farmaco-105196\/\" target=\"_blank\" rel=\"noopener\">20 aprile 2006 dalla Conferenza delle Regioni e Province Autonome<\/a> di regolamento regionale dell&#8217;informazione scientifica sul farmaco, attuato in base alla legge del novembre 2003, perch\u00e9 proprio nelle linee guida si dice che le Regioni \u201c<em>possono provvedere \u00a0alla \u00a0emanazioni di disposizioni\u00a0 per la costituzione, a livello provinciale, aziendale o inter-aziendale o regionale \u00a0di apposite commissione dove, indicativamente, dovrebbero essere rappresentati<\/em>\u2026\u201d anche \u201c<em>Le associazioni \u00a0degli informatori scientifici<\/em>\u201d e \u201c<em>A dette commissioni \u00a0deve essere demandata, ad integrazione\u00a0 della informazione scientifica prodotta dall\u2019industria farmaceutica, la programmazione e realizzazione, anche in collaborazione con l\u2019industria farmaceutica, di\u00a0 incontri,\u00a0 con tutti i sanitari che operano nel bacino di utenza\u2026<\/em>\u201d. Inoltre nelle linee guida viene anche specificato che, pur regolamentandola, \u201c<em>lo svolgimento dell&#8217;attivit\u00e0 degli ISF all&#8217;interno delle strutture del SSR viene assicurato e agevolato dalle Direzioni delle suddette strutture<\/em>\u201d.<\/p>\n<p>Inoltre l\u2019art. 119 del D.Lgs.219\/06 dispone che \u201c<em>l&#8217;informazione scientifica presso gli operatori sanitari deve essere realizzata nel rispetto dei criteri e delle linee guida adottate dall&#8217;AIFA, previa intesa con la Conferenza permanente per i rapporti tra lo Stato, le regioni e le province autonome di Trento e di Bolzano sentite le associazioni dell&#8217;industria farmaceutica<\/em>\u201d.<\/p>\n<p>Nelle risposta al Consigliere Carretta si dice inoltre che l\u2019AIFA non ha ancora pubblicato linee guida, e su questo l\u2019Assessore ha ragione, ma non pu\u00f2 dire che l\u2019Unione Europea non l\u2019abbia fatto.<\/p>\n<p>Le norme italiane sono tutte attuazioni di Direttive Europee: prima la 92\/98\/CEE e poi le 2001\/83\/CE (e successive direttive di modifica) relativa ad un codice comunitario concernente i medicinali per uso umano, nonch\u00e9 della direttiva 2003\/94\/CE.<\/p>\n<p>Non si pu\u00f2 nemmeno dire che non ci siano criticit\u00e0, visti certi fantasiosi regolamenti di certe strutture sanitarie che di fatto impediscono l\u2019attivit\u00e0 di ISF. In Regione Lombardia infatti il <a href=\"https:\/\/www.fedaiisf.it\/wp-content\/uploads\/2014\/05\/Regione-Lombardia.pdf\">Regolamento sull\u2019Attivit\u00e0 di informazione scientifica del 2007<\/a> avviene secondo modalit\u00e0 definite dalle Direzioni Aziendali, attraverso l\u2019adozione di un regolamento interno e con <a href=\"https:\/\/www.fedaiisf.it\/wp-content\/uploads\/2019\/08\/Regolamento_informatori_farmaceutici_luglio_2019-2.pdf\">l\u2019aggiornamento 2019<\/a> il regolamento deve essere fatto dai Direttori di U.O. e approvato dalla Direzione Medica di Presidio.<\/p>\n<p>Mai che si parli di favorire l\u2019attivit\u00e0 degli ISF come dicono le linee guida della Conferenza delle Regioni, mai che gli ISF siano istituzionalmente coinvolti. Ed \u00e8 curioso che certi provvedimenti vengano presi senza sapere chi sono e cosa fanno veramente gli informatori scientifici del farmaco ma vengono adottati sulla figura dell\u2019ISF come pi\u00f9 o meno \u00e8 definita dall\u2019immaginario collettivo che spesso e volentieri confonde gli ISF con altre figure professionali.<\/p>\n<p>Ed \u00e8 sorprendente anche che questi provvedimenti non vengono nemmeno comunicati alla categoria interessata col risultato che magari qualche ISF fa centinaia di chilometri per trovarsi improvvisamente un regolamento che gli impedisce di lavorare. \u00c8 questo il rispetto per le persone?<\/p>\n<p>La Regione Lombardia afferma che non ci sono criticit\u00e0 sull\u2019informazione scientifica. Non ci sono per il semplice fatto che la voce degli ISF non viene ascoltata e non viene ascoltata proprio perch\u00e9 non c\u2019\u00e8 un luogo istituzionale dove poterla esprimere. Oltre alle norme e leggi, \u00e8 anche una questione di rispetto che una categoria di lavoratori e di persone merita di avere.<\/p>\n<p>&nbsp;<\/p>\n","protected":false},"excerpt":{"rendered":"<p>In data 8 marzo 2022 il Consigliere Regionale Nicol\u00f2 Carretta present\u00f2 un&#8217;interrogazione a risposta scritta (N. 21433) all&#8217;Assessore al Walfare, Letizia Moratti, in cui si chiedeva &#8220;l&#8217;Istituzione di un tavolo regionale sull\u2019informazione scientifica e revisione della normativa regionale in materia&#8220;. Nella seduta antimeridiana del Consiglio Regionale del 5 aprile \u00a0l&#8217;Assessore Moratti ha comunicato la risposta &hellip;<\/p>","protected":false},"author":4,"featured_media":63808,"comment_status":"closed","ping_status":"closed","sticky":false,"template":"","format":"standard","meta":{"footnotes":""},"categories":[1,48],"tags":[45,21,41,38],"class_list":["post-63799","post","type-post","status-publish","format-standard","has-post-thumbnail","hentry","category-notizie","category-note-di-redazione","tag-fedaiisf","tag-informatori-scientifici","tag-leggisentenze","tag-n-d-r"],"amp_enabled":true,"_links":{"self":[{"href":"https:\/\/www.fedaiisf.it\/en\/wp-json\/wp\/v2\/posts\/63799","targetHints":{"allow":["GET"]}}],"collection":[{"href":"https:\/\/www.fedaiisf.it\/en\/wp-json\/wp\/v2\/posts"}],"about":[{"href":"https:\/\/www.fedaiisf.it\/en\/wp-json\/wp\/v2\/types\/post"}],"author":[{"embeddable":true,"href":"https:\/\/www.fedaiisf.it\/en\/wp-json\/wp\/v2\/users\/4"}],"replies":[{"embeddable":true,"href":"https:\/\/www.fedaiisf.it\/en\/wp-json\/wp\/v2\/comments?post=63799"}],"version-history":[{"count":0,"href":"https:\/\/www.fedaiisf.it\/en\/wp-json\/wp\/v2\/posts\/63799\/revisions"}],"wp:featuredmedia":[{"embeddable":true,"href":"https:\/\/www.fedaiisf.it\/en\/wp-json\/wp\/v2\/media\/63808"}],"wp:attachment":[{"href":"https:\/\/www.fedaiisf.it\/en\/wp-json\/wp\/v2\/media?parent=63799"}],"wp:term":[{"taxonomy":"category","embeddable":true,"href":"https:\/\/www.fedaiisf.it\/en\/wp-json\/wp\/v2\/categories?post=63799"},{"taxonomy":"post_tag","embeddable":true,"href":"https:\/\/www.fedaiisf.it\/en\/wp-json\/wp\/v2\/tags?post=63799"}],"curies":[{"name":"wp","href":"https:\/\/api.w.org\/{rel}","templated":true}]}}