{"id":64791,"date":"2022-05-27T12:09:28","date_gmt":"2022-05-27T10:09:28","guid":{"rendered":"https:\/\/www.fedaiisf.it\/?p=64791"},"modified":"2022-05-31T13:36:22","modified_gmt":"2022-05-31T11:36:22","slug":"bonus-200-euro-ai-tutti-i-lavoratori-con-reddito-sotto-i-35000-e-esclusi-gli-agenti-di-commercio","status":"publish","type":"post","link":"https:\/\/www.fedaiisf.it\/en\/bonus-200-euro-ai-tutti-i-lavoratori-con-reddito-sotto-i-35000-e-esclusi-gli-agenti-di-commercio\/","title":{"rendered":"Bonus 200 euros for workers, employees and self-employed, with income below \u20ac35,000. Excluding Commercial Agents?"},"content":{"rendered":"<h2 class=\"entry-title\">Bonus 200 euro partita IVA: chi \u00e8 ammesso e chi resta escluso<\/h2>\n<p><a href=\"https:\/\/www.investireoggi.it\/fisco\/bonus-200-euro-partita-iva-quali-codici-ateco-sono-ammessi-e-chi-resta-escluso\/\" target=\"_blank\" rel=\"noopener\">Investire Oggi &#8211; 25 maggio 2022<\/a><\/p>\n<p><img loading=\"lazy\" decoding=\"async\" class=\"wp-image-64195 alignright\" src=\"https:\/\/www.fedaiisf.it\/wp-content\/uploads\/2022\/05\/bonus-200-euro-foto.jpeg\" alt=\"\" width=\"375\" height=\"159\" srcset=\"https:\/\/www.fedaiisf.it\/wp-content\/uploads\/2022\/05\/bonus-200-euro-foto.jpeg 660w, https:\/\/www.fedaiisf.it\/wp-content\/uploads\/2022\/05\/bonus-200-euro-foto-300x127.jpeg 300w\" sizes=\"auto, (max-width: 375px) 100vw, 375px\" \/>The <a href=\"https:\/\/www.investireoggi.it\/fisco\/bonus-200-euro-tutto-quello-che-devi-sapere-quanto-dura-a-chi-spetta-e-come-viene-pagato-guida-completa\/\" target=\"_blank\" rel=\"noopener\">bonus 200 euro spetta a molte categorie di lavoratori<\/a>. Sembrerebbero per\u00f2 restarne <strong>fuori i titolari partita IVA produttori di reddito d\u2019impresa<\/strong>. Tra i beneficiari, invece, i percettori di <strong>redditi lavoro autonomo<\/strong> (con o senza partita IVA).<\/p>\n<p>Il punto apre la questione per molti contribuenti. Tra loro gli <strong>agenti e rappresentanti di commercio<\/strong>. \u00a0Questi <strong>rientrano tra i lavoratori autonomi o tra i titolari di redditi d\u2019impresa?<\/strong><\/p>\n<p>Per rispondere al caso, \u00e8 necessario richiamare chi sono i <strong>soggetti ammessi<\/strong> <strong>al bonus 200 euro<\/strong>. Leggendo gli <a href=\"https:\/\/www.gazzettaufficiale.it\/atto\/serie_generale\/caricaDettaglioAtto\/originario?atto.dataPubblicazioneGazzetta=2022-05-17&amp;atto.codiceRedazionale=22G00059&amp;elenco30giorni=true\" target=\"_blank\" rel=\"noopener\">art. 31, 32 e 33 del decreto Aiuti<\/a> (decreto \u2013 legge n. 50 del 2021), il sussidio spetta a:<\/p>\n<ul>\n<li>lavoratori dipendenti (il <a href=\"https:\/\/www.investireoggi.it\/fisco\/bonus-200-euro-busta-paga-ecco-quanto-devi-guadagnare-al-mese-per-averlo\/\" target=\"_blank\" rel=\"noopener\">bonus 200 euro busta paga<\/a> \u00e8 erogato direttamente dal datore di lavoro)<\/li>\n<li>pensionati (con decorrenza pensione entro il 30 giugno 2022)<\/li>\n<li>lavoratori autonomi (con e senza partita IVA)<\/li>\n<li>disoccupati, percettori di NASPI e Dis-Coll<\/li>\n<li>percettori reddito di cittadinanza<\/li>\n<li>titolari di rapporti collaborazione coordinata continuativa<\/li>\n<li>colf e badanti<\/li>\n<li>lavoratori stagionali, a tempo determinato e intermittenti<\/li>\n<li>lavoratori dello spettacolo<\/li>\n<li>incaricati alle vendite a domicilio.<\/li>\n<\/ul>\n<h3>Bonus 200 euro partite IVA (e non)<\/h3>\n<p>Tra i beneficiari del bonus 200 euro, dunque, rientrano anche i <strong>lavoratori autonomi senza partita IVA<\/strong>. Si tratta dei c.d. lavoratori autonomi occasionali. Rientrano anche i <strong>lavoratori autonomi<\/strong> And <strong>liberi professionisti<\/strong> dotati di <strong>partita IVA<\/strong>. Per queste categorie, un decreto attuativo dovr\u00e0 definire tempi e modalit\u00e0 di domanda\/erogazione.<\/p>\n<p><img loading=\"lazy\" decoding=\"async\" class=\"wp-image-61827 alignleft\" src=\"https:\/\/www.fedaiisf.it\/wp-content\/uploads\/2021\/12\/partita-iva-beffa-1024x456.jpeg\" alt=\"\" width=\"375\" height=\"167\" srcset=\"https:\/\/www.fedaiisf.it\/wp-content\/uploads\/2021\/12\/partita-iva-beffa-1024x456.jpeg 1024w, https:\/\/www.fedaiisf.it\/wp-content\/uploads\/2021\/12\/partita-iva-beffa-300x134.jpeg 300w, https:\/\/www.fedaiisf.it\/wp-content\/uploads\/2021\/12\/partita-iva-beffa-768x342.jpeg 768w, https:\/\/www.fedaiisf.it\/wp-content\/uploads\/2021\/12\/partita-iva-beffa.jpeg 1417w\" sizes=\"auto, (max-width: 375px) 100vw, 375px\" \/>Da quanto emerge, dunque, il decreto Aiuti <strong>lascia fori i titolari di reddito d\u2019impresa<\/strong>. Si pensi ad un soggetto con partita IVA con ditta individuale (negozio abbigliamento, negozio d articoli per la casa, ecc.).<\/p>\n<p>In merito a<span style=\"text-decoration: underline;\">The <strong>agenti<\/strong> And <strong>rappresentanti di commercio<\/strong>, ai fini fiscali essi <strong>sono considerati produttori di reddito d\u2019impresa e non di lavoro autonomo<\/strong><\/span>.<\/p>\n<div class=\"gptslot io_adv\" data-adunitid=\"2\">\n<div id=\"gpt-slot-6\" class=\"optiload\" data-google-query-id=\"CNTJutmf__cCFSvZEQgdkHYG-w\">\n<div id=\"google_ads_iframe_\/5966054,1054363\/IO_master\/IO_intext_0__container__\">Quindi, sembrerebbe restino fuori dal bonus 200 euro.<\/div>\n<div><\/div>\n<\/div>\n<\/div>\n<p><span style=\"text-decoration: underline;\"><strong>Si spera che con il provvedimento attuativo o in fase di conversione in legge del decreto Aiuti, il legislatore inserisca tra i beneficiari del bonus 200 euro anche tutti coloro che hanno reddito d\u2019impresa.<\/strong><\/span> La finalit\u00e0 del sussidio \u00e8 quella di dare sostegno contro il caro prezzi. E del caro prezzi ne risentono tutti, anche chi \u00e8 agente di commercio o chi ha il negozio di abbigliamento.<\/p>\n<p style=\"text-align: center;\"><strong>__________________________<\/strong><\/p>\n<p>Come complicare le cose semplici<\/p>\n<p style=\"font-weight: 400;\">Per identificare i dipendenti beneficiari dell\u2019aiuto, il legislatore ha scelto una modalit\u00e0 singolare. Infatti, invece <img loading=\"lazy\" decoding=\"async\" class=\"wp-image-64803 alignright\" src=\"https:\/\/www.fedaiisf.it\/wp-content\/uploads\/2022\/05\/agebte-isf-borsa-1024x654.jpeg\" alt=\"\" width=\"373\" height=\"238\" srcset=\"https:\/\/www.fedaiisf.it\/wp-content\/uploads\/2022\/05\/agebte-isf-borsa-1024x654.jpeg 1024w, https:\/\/www.fedaiisf.it\/wp-content\/uploads\/2022\/05\/agebte-isf-borsa-300x191.jpeg 300w, https:\/\/www.fedaiisf.it\/wp-content\/uploads\/2022\/05\/agebte-isf-borsa-768x490.jpeg 768w, https:\/\/www.fedaiisf.it\/wp-content\/uploads\/2022\/05\/agebte-isf-borsa.jpeg 1280w\" sizes=\"auto, (max-width: 373px) 100vw, 373px\" \/>di riferirsi al reddito del lavoratore, ha disposto che potranno fruirne coloro che, in almeno uno dei quattro mesi del primo quadrimestre di quest\u2019anno, hanno beneficiato della riduzione contributiva dello 0,80%, prevista dalla legge di Bilancio 2022. Dunque, per i dipendenti, \u00e8 stato prescelto un parametro di riferimento staccato dal reddito e dalla retribuzione lorda.<\/p>\n<p style=\"font-weight: 400;\">Peraltro, essersi agganciati alla normativa che regolamenta la riduzione dell\u2019IVS &#8211; Invalidit\u00e0, Vecchiaia e Superstiti &#8211; (0,80%) pone un problema non di poco conto. Infatti l\u2019esonero contributivo spetta se la retribuzione imponibile previdenziale nel mese non supera i 2.692 euro (tranne a dicembre, mese in cui il limite \u00e8 raddoppiato).\u00a0Quindi: ci saranno dei lavoratori che, pur avendo un reddito lordo annuo inferiore a 35mila euro, non avranno l&#8217;indennit\u00e0 una tantum versata sullo stipendio di luglio.<\/p>\n<p style=\"font-weight: 400;\">Se per dipendenti e \u00a0pensionati\u00a0<strong>il limite di reddito per l&#8217;accesso \u00e8 fissato a 35mila euro,\u00a0<\/strong>\u00a0<strong>non \u00e8 indicato per i lavoratori autonomi<\/strong>.<\/p>\n<p style=\"font-weight: 400;\">Per \u00a0questi soggetti l&#8217;articolo del <span style=\"text-decoration: underline;\"><strong>decreto non indica neppure l&#8217;importo del bonus<\/strong> <\/span>. Viene istituito un Fondo di 500 milioni di euro che dovr\u00e0 anche essere ripartito tra INPS e Casse private. Visto l&#8217;importo stanziato \u00e8 probabile che o l&#8217;importo \u00a0dell&#8217;indennit\u00e0 o la soglia di reddito \u00a0di accesso saranno pi\u00f9 basse \u00a0rispetto a quello per i dipendenti, pensionati e disoccupati.<\/p>\n<p style=\"font-weight: 400;\"><span style=\"text-decoration: underline; font-size: 14pt;\"><strong>La soglia sar\u00e0 definita con precisione da un decreto attuativo del ministero dell&#8217;Economia da emanare entro 30 giorni da oggi.<\/strong><\/span><\/p>\n<p>Cosa dice la<a href=\"https:\/\/www.normattiva.it\/atto\/caricaDettaglioAtto?atto.dataPubblicazioneGazzetta=2022-05-17&amp;atto.codiceRedazionale=22G00059&amp;atto.articolo.numero=0&amp;atto.articolo.sottoArticolo=1&amp;atto.articolo.sottoArticolo1=10&amp;qId=147695cc-7901-447d-8c09-48d27e4f3f34&amp;tabID=0.2904989883535549&amp;title=lbl.dettaglioAtto\" target=\"_blank\" rel=\"noopener\"> legge del 17 maggio 2022 n. 50<\/a><\/p>\n<p><img loading=\"lazy\" decoding=\"async\" class=\"size-full wp-image-64797 aligncenter\" src=\"https:\/\/www.fedaiisf.it\/wp-content\/uploads\/2022\/05\/art-33-decreto-aiuti.png\" alt=\"\" width=\"727\" height=\"867\" srcset=\"https:\/\/www.fedaiisf.it\/wp-content\/uploads\/2022\/05\/art-33-decreto-aiuti.png 727w, https:\/\/www.fedaiisf.it\/wp-content\/uploads\/2022\/05\/art-33-decreto-aiuti-252x300.png 252w\" sizes=\"auto, (max-width: 727px) 100vw, 727px\" \/><\/p>\n<p>Note: <strong><span style=\"font-size: 14pt;\"><em>Agente di Commercio e Lavoratore Autonomo<\/em><\/span><\/strong><\/p>\n<p><em>Un agente di commercio \u00e8 un imprenditore e come tale deve iscriversi nel <strong>Registro delle imprese<\/strong> e avere un numero REA relativo alla <strong>Camera di Commercio<\/strong> di appartenenza.\u00a0Il <b>reddito<\/b> prodotto da <b>agenti<\/b> e rappresentanti \u00e8 classificato quale <b>reddito d&#8217;impresa<\/b> e le relative provvigioni, ai sensi dell&#8217;articolo 25-bis D.P.R. 600\/1973, sono soggette a ritenuta a titolo di acconto Irpef\/Ires. Ai fini delle Imposte dirette la definizione del reddito di impresa si trova<strong> all\u2019art. 55 del TUIR 917\/1986<\/strong>.<\/em><\/p>\n<p><em>La differenza fra agente di commercio e lavoratore autonomo non \u00e8 solo \u201cfilosofica\u201d, ma ha anche delle conseguenze di natura legale (e fiscale).Il 14 giugno 2017 \u00e8 entrata in vigore la <a href=\"http:\/\/www.gazzettaufficiale.it\/eli\/id\/2017\/06\/13\/17G00096\/sg\" target=\"_blank\" rel=\"noopener\">legge n. 81 del 22 maggio 2017<\/a>, altrimenti nota come Jobs Act \u201cAutonomi\u201d, perch\u00e8 il Capo I della legge \u00e8 dedicato alle \u201cnuove\u201d tutele <img loading=\"lazy\" decoding=\"async\" class=\"wp-image-64804 alignleft\" src=\"https:\/\/www.fedaiisf.it\/wp-content\/uploads\/2022\/05\/2-agente-di-commercio-ISF.jpg\" alt=\"\" width=\"369\" height=\"199\" srcset=\"https:\/\/www.fedaiisf.it\/wp-content\/uploads\/2022\/05\/2-agente-di-commercio-ISF.jpg 848w, https:\/\/www.fedaiisf.it\/wp-content\/uploads\/2022\/05\/2-agente-di-commercio-ISF-300x162.jpg 300w, https:\/\/www.fedaiisf.it\/wp-content\/uploads\/2022\/05\/2-agente-di-commercio-ISF-768x414.jpg 768w\" sizes=\"auto, (max-width: 369px) 100vw, 369px\" \/>introdotte per i lavoratori autonomi.\u00a0Al comma I dell\u2019art. 1 della legge, \u00e8 disciplinato l\u2019ambito di applicazione, che precisa, tra le altre cose, che la legge non si applica ai \u201cpiccoli imprenditori\u201d.<\/em><\/p>\n<p><em>I \u201cpiccoli imprenditori\u201d in sostanza, pur avendo partita IVA e lavorando \u201cautonomamente\u201d, svolgono un\u2019attivit\u00e0 \u201ccommerciale\u201d o per meglio dire \u201cdi impresa\u201d e non meramente d\u2019opera o intellettuale.<\/em><\/p>\n<p><em>Detta cos\u00ec la distinzione non \u00e8 certo agevole, ma c\u2019\u00e8 un modo semplice per arrivarci: basta verificare se quella \u201cpartita IVA\u201d \u00e8 anche iscritta alla Camera di Commercio.\u00a0Se lo \u00e8, si tratta di una \u00a0\u201cditta individuale\u201d, cio\u00e8 di un imprenditore a tutti gli effetti (piccolo o meno a questo punto non ha importanza).<\/em><\/p>\n<p><em>Egli \u00e8 quindi una ditta individuale ed in quanto tale un (piccolo) imprenditore.<\/em><\/p>\n<p><em>Dal punto di vista fiscale, il suo reddito ordinario \u00e8 un reddito \u201cdi impresa\u201d (e non di \u201clavoro autonomo\u201d), che va dichiarato \u201cper competenza\u201d (e non \u201cper cassa\u201d, sebbene la prassi per lo pi\u00f9 invalsa sia quella comunque di dichiarare le provvigioni effettivamente incassate e non solo potenzialmente maturate), salvo solo per le indennit\u00e0 di fine rapporto dove invece il trattamento \u00e8 quello tipico del lavoratore autonomo (possibilit\u00e0 di tassazione separata e ritenuta d\u2019acconto 20% al pagamento).<\/em><\/p>\n<p>Related news: <a href=\"https:\/\/portale.assimpredilance.it\/articoli\/inps-legge-di-bilancio-per-il-2022-esonero-contributivo-di-0-8-punti-percentuali-sulla-quota-dei-contributi-previdenziali-ivs-a-carico-del-lavoratore-indicazioni-operative\" target=\"_blank\" rel=\"noopener\">INPS.\u00a0Esonero contributivo di 0,8 punti percentuali sulla quota dei contributi previdenziali IVS<\/a><\/p>\n<p>&nbsp;<\/p>","protected":false},"excerpt":{"rendered":"<p>Bonus 200 euro partita IVA: chi \u00e8 ammesso e chi resta escluso Investire Oggi &#8211; 25 maggio 2022 Il bonus 200 euro spetta a molte categorie di lavoratori. Sembrerebbero per\u00f2 restarne fuori i titolari partita IVA produttori di reddito d\u2019impresa. Tra i beneficiari, invece, i percettori di redditi lavoro autonomo (con o senza partita IVA). &hellip;<\/p>","protected":false},"author":4,"featured_media":64805,"comment_status":"closed","ping_status":"closed","sticky":false,"template":"","format":"standard","meta":{"footnotes":""},"categories":[16],"tags":[205],"class_list":["post-64791","post","type-post","status-publish","format-standard","has-post-thumbnail","hentry","category-primo-piano","tag-partita-iva"],"amp_enabled":true,"_links":{"self":[{"href":"https:\/\/www.fedaiisf.it\/en\/wp-json\/wp\/v2\/posts\/64791","targetHints":{"allow":["GET"]}}],"collection":[{"href":"https:\/\/www.fedaiisf.it\/en\/wp-json\/wp\/v2\/posts"}],"about":[{"href":"https:\/\/www.fedaiisf.it\/en\/wp-json\/wp\/v2\/types\/post"}],"author":[{"embeddable":true,"href":"https:\/\/www.fedaiisf.it\/en\/wp-json\/wp\/v2\/users\/4"}],"replies":[{"embeddable":true,"href":"https:\/\/www.fedaiisf.it\/en\/wp-json\/wp\/v2\/comments?post=64791"}],"version-history":[{"count":0,"href":"https:\/\/www.fedaiisf.it\/en\/wp-json\/wp\/v2\/posts\/64791\/revisions"}],"wp:featuredmedia":[{"embeddable":true,"href":"https:\/\/www.fedaiisf.it\/en\/wp-json\/wp\/v2\/media\/64805"}],"wp:attachment":[{"href":"https:\/\/www.fedaiisf.it\/en\/wp-json\/wp\/v2\/media?parent=64791"}],"wp:term":[{"taxonomy":"category","embeddable":true,"href":"https:\/\/www.fedaiisf.it\/en\/wp-json\/wp\/v2\/categories?post=64791"},{"taxonomy":"post_tag","embeddable":true,"href":"https:\/\/www.fedaiisf.it\/en\/wp-json\/wp\/v2\/tags?post=64791"}],"curies":[{"name":"wp","href":"https:\/\/api.w.org\/{rel}","templated":true}]}}