{"id":65133,"date":"2022-06-13T21:15:09","date_gmt":"2022-06-13T19:15:09","guid":{"rendered":"https:\/\/www.fedaiisf.it\/?p=65133"},"modified":"2022-06-20T13:13:28","modified_gmt":"2022-06-20T11:13:28","slug":"sottoscritta-lipotesi-di-accordo-per-il-rinnovo-del-ccnl-chimico-farmaceutico","status":"publish","type":"post","link":"https:\/\/www.fedaiisf.it\/en\/sottoscritta-lipotesi-di-accordo-per-il-rinnovo-del-ccnl-chimico-farmaceutico\/","title":{"rendered":"Signed the agreement hypothesis for the renewal of the Pharmaceutical Chemical CCNL"},"content":{"rendered":"<p>\u00c8 stata sottoscritta nel tardo pomeriggio di oggi l\u2019<a href=\"https:\/\/www.fedaiisf.it\/wp-content\/uploads\/2022\/06\/Accordo-CCNL.pdf\" target=\"_blank\" rel=\"noopener\"><strong>ipotesi di accordo<\/strong><\/a> per il rinnovo del contratto nazionale di lavoro del settore chimico farmaceutico tra le rappresentanze sindacali di Filctem Cgil, Femca Cisl, Uiltec Uil e <img loading=\"lazy\" decoding=\"async\" class=\"wp-image-65136 alignright\" src=\"https:\/\/www.fedaiisf.it\/wp-content\/uploads\/2022\/06\/trattativa-ccnl-13-giugno-1024x575.jpeg\" alt=\"\" width=\"474\" height=\"266\" srcset=\"https:\/\/www.fedaiisf.it\/wp-content\/uploads\/2022\/06\/trattativa-ccnl-13-giugno-1024x575.jpeg 1024w, https:\/\/www.fedaiisf.it\/wp-content\/uploads\/2022\/06\/trattativa-ccnl-13-giugno-300x168.jpeg 300w, https:\/\/www.fedaiisf.it\/wp-content\/uploads\/2022\/06\/trattativa-ccnl-13-giugno-768x431.jpeg 768w, https:\/\/www.fedaiisf.it\/wp-content\/uploads\/2022\/06\/trattativa-ccnl-13-giugno-1536x863.jpeg 1536w, https:\/\/www.fedaiisf.it\/wp-content\/uploads\/2022\/06\/trattativa-ccnl-13-giugno-390x220.jpeg 390w, https:\/\/www.fedaiisf.it\/wp-content\/uploads\/2022\/06\/trattativa-ccnl-13-giugno.jpeg 2048w\" sizes=\"auto, (max-width: 474px) 100vw, 474px\" \/>quelle aziendali di Federchimica e Farmindustria.<\/p>\n<p><span style=\"color: #000000;\">Il nuovo contratto avr\u00e0 una vigenza triennale 1\u00b0 luglio 2022 \u2013 30 giugno 2025 ed interesser\u00e0 una platea di circa 210 mila lavoratori in oltre 3 mila aziende. La parola passa ora ai lavoratori che dovranno votare l\u2019intesa nelle assemblee.<\/span><\/p>\n<p><span style=\"font-size: 14pt; color: #000000;\">Parte Economica<\/span><\/p>\n<p>L\u2019aumento sui minimi (livello D1) nel triennio sar\u00e0 di euro 204 diviso in 5 tranche, e precisamente: 50 euro dal 1\u00b0 luglio 2022 (18\u20ac + 32\u20ac provenienti dalla quota di Edr), 30 euro dal 1\u00b0 gennaio 2023, 36 euro dal 1\u00b0 luglio 2023, 68 euro dal 1\u00b0 luglio 2024 e 20 euro dal 1\u00b0 giugno 2025. Il montante complessivo nel triennio sar\u00e0 pari a 4.750 euro.<br \/>\nPer quanto riguarda il welfare contrattuale, \u00e8 importante la valorizzazione dell\u2019aliquota mensile Fonchim nell\u2019EPS (Valore punto), che dal prossimo rinnovo permetter\u00e0 di inserire il welfare contrattuale nel computo del salario.<\/p>\n<p><span style=\"font-size: 14pt; color: #000000;\">Regulatory part<\/span><\/p>\n<p>Tante le novit\u00e0 normative inserite in questo rinnovo contrattuale: sul tema della parit\u00e0 di genere la volont\u00e0 di promuovere nei luoghi di lavoro la cultura e il rispetto della dignit\u00e0 della persona e del contrasto alle violenze e alle molestie. Con l\u2019obiettivo della promozione dell\u2019inclusione sociale e della parit\u00e0 di genere, anche retributiva. Per quanto riguarda il tema del welfare le parti hanno concordato di attivare un meccanismo di accesso al sistema di welfare contrattuale per i lavoratori non iscritti.<\/p>\n<p><img loading=\"lazy\" decoding=\"async\" class=\"wp-image-65137 alignleft\" src=\"https:\/\/www.fedaiisf.it\/wp-content\/uploads\/2022\/06\/FilctemCGIL-CCNL-13-giugno-osservatorio-768x1024.jpeg\" alt=\"\" width=\"311\" height=\"414\" srcset=\"https:\/\/www.fedaiisf.it\/wp-content\/uploads\/2022\/06\/FilctemCGIL-CCNL-13-giugno-osservatorio-768x1024.jpeg 768w, https:\/\/www.fedaiisf.it\/wp-content\/uploads\/2022\/06\/FilctemCGIL-CCNL-13-giugno-osservatorio-225x300.jpeg 225w, https:\/\/www.fedaiisf.it\/wp-content\/uploads\/2022\/06\/FilctemCGIL-CCNL-13-giugno-osservatorio-1152x1536.jpeg 1152w, https:\/\/www.fedaiisf.it\/wp-content\/uploads\/2022\/06\/FilctemCGIL-CCNL-13-giugno-osservatorio.jpeg 1536w\" sizes=\"auto, (max-width: 311px) 100vw, 311px\" \/>&#8211; realizzazione di un meccanismo di raccolta delle competenze specifiche, certificate, che possa favorire l\u2019incontro tra domanda e offerta delle esigenze di settore;<\/p>\n<p>\u00b7\u00a0incontri periodici e sezioni tematiche dell\u2019Osservatorio Farmaceutico;<\/p>\n<p>\u00b7\u00a0definizione di un meccanismo di adesione consapevole di tutti i lavoratori al Welfare contrattuale per apprezzarne i vantaggi offerti, fermo restando che l\u2019adesione definitiva sar\u00e0 affidata alla volont\u00e0 del lavoratore;<\/p>\n<p>\u00b7\u00a0favorire la conoscenza della corretta applicazione delle scelte contrattuali, la diffusione della cultura di Relazioni Industriali e dello Sviluppo sostenibile, attraverso iniziative formative;<\/p>\n<p>\u00b7\u00a0prevedere un nuovo riconoscimento per la contrattazione aziendale coerente alle scelte contrattuali. Inoltre, la \u201cGiornata nazionale Sicurezza Salute Ambiente (SSA)\u201d diventer\u00e0 \u201cGiornata nazionale Salute, Sicurezza e Sviluppo Sostenibile\u201d.<\/p>\n<p>Per quanto riguarda il delicato tema della malattia, il trattamento economico ricomincer\u00e0 ex novo dopo il quattordicesimo giorno di ricovero ospedaliero rispetto agli attuali 21.<\/p>\n<p>Sulla Formazione \u00e8 previsto l\u2019aumento a 2,5 giornate su progetti formativi collettivi. Rilevante la novit\u00e0 in tema <img loading=\"lazy\" decoding=\"async\" class=\"wp-image-65138 alignright\" src=\"https:\/\/www.fedaiisf.it\/wp-content\/uploads\/2022\/06\/trattativa-CCNL-3-segretari-13-giugno-1024x768.jpeg\" alt=\"\" width=\"375\" height=\"281\" srcset=\"https:\/\/www.fedaiisf.it\/wp-content\/uploads\/2022\/06\/trattativa-CCNL-3-segretari-13-giugno-1024x768.jpeg 1024w, https:\/\/www.fedaiisf.it\/wp-content\/uploads\/2022\/06\/trattativa-CCNL-3-segretari-13-giugno-300x225.jpeg 300w, https:\/\/www.fedaiisf.it\/wp-content\/uploads\/2022\/06\/trattativa-CCNL-3-segretari-13-giugno-768x576.jpeg 768w, https:\/\/www.fedaiisf.it\/wp-content\/uploads\/2022\/06\/trattativa-CCNL-3-segretari-13-giugno-1536x1152.jpeg 1536w, https:\/\/www.fedaiisf.it\/wp-content\/uploads\/2022\/06\/trattativa-CCNL-3-segretari-13-giugno.jpeg 2048w\" sizes=\"auto, (max-width: 375px) 100vw, 375px\" \/>di politiche attive del lavoro con la certificazione delle competenze in seno alla bilateralit\u00e0, in modo da creare un vero e proprio ambito di incontro tra domanda e offerta per le esigenze del settore. Utile strumento nei momenti di ristrutturazione aziendale, ma anche nello sviluppo e crescita delle imprese.<\/p>\n<p>Nel nuovo contratto nazionale saranno delineate le linee guida sul processo di trasformazione digitale che affronter\u00e0 i temi: dell\u2019organizzazione del lavoro (orari, modalit\u00e0 di prestazione, competenze, inquadramenti); delle competenze e della formazione (nuove figure professionali); dell\u2019occupazione e occupabilit\u00e0 (scuola e formazione continua); coinvolgimento e partecipazione; relazioni industriali; sicurezza, salute e ambiente. In quest\u2019ottica, il ruolo degli osservatori diventa centrale, sia quelli nazionali che quelli territoriali.<\/p>\n<p>La parte pi\u00f9 innovativa del CCNL \u00e8 rappresentata dall\u2019introduzione di un nuovo capitolo, sperimentale per la vigenza contrattuale, nel quale sono contemplate linee guida utili ad agevolare e accompagnare il cambiamento nelle imprese per gestire gli impatti della trasformazione digitale<\/p>\n<p><a href=\"https:\/\/agenparl.eu\/ccnl-chimico-farmaceutico-ecco-lintesa-sul-rinnovo-204-euro-nel-triennio-2022-2025\/\" target=\"_blank\" rel=\"noopener\">Roma, 13 giugno 2022 &#8211; AGENPARL<\/a><\/p>\n<p><span style=\"font-size: 18pt; color: #ff0000;\"><a href=\"https:\/\/www.filctemcgil.it\/images\/download\/CONTRATTI\/chimico_farmaceutico\/220613_CHIMICO-FARMACEUTICO_RINNOVO%20CCNL_%201-7-2022____30-6-2025.pdf\" target=\"_blank\" rel=\"noopener\"><img loading=\"lazy\" decoding=\"async\" class=\"wp-image-65150 alignright\" src=\"https:\/\/www.fedaiisf.it\/wp-content\/uploads\/2022\/06\/CCNL-2022-2025-1024x568.png\" alt=\"\" width=\"431\" height=\"239\" srcset=\"https:\/\/www.fedaiisf.it\/wp-content\/uploads\/2022\/06\/CCNL-2022-2025-1024x568.png 1024w, https:\/\/www.fedaiisf.it\/wp-content\/uploads\/2022\/06\/CCNL-2022-2025-300x166.png 300w, https:\/\/www.fedaiisf.it\/wp-content\/uploads\/2022\/06\/CCNL-2022-2025-768x426.png 768w, https:\/\/www.fedaiisf.it\/wp-content\/uploads\/2022\/06\/CCNL-2022-2025.png 1127w\" sizes=\"auto, (max-width: 431px) 100vw, 431px\" \/><\/a>\u2192<\/span>\u00a0<span style=\"text-decoration: underline;\"><span style=\"font-size: 14pt;\"><a href=\"https:\/\/www.fedaiisf.it\/wp-content\/uploads\/2022\/06\/Accordo-CCNL.pdf\" target=\"_blank\" rel=\"noopener\">Ipotesi di accordo<\/a>\u00a0<strong><a href=\"https:\/\/www.filctemcgil.it\/images\/download\/CONTRATTI\/chimico_farmaceutico\/220613_CHIMICO-FARMACEUTICO_RINNOVO%20CCNL_%201-7-2022____30-6-2025.pdf\" target=\"_blank\" rel=\"noopener\">CCNL<\/a><\/strong><\/span><\/span>\u00a0<span style=\"color: #ff0000; font-size: 18pt;\">\u2190<\/span><\/p>\n<p>&gt; <a href=\"https:\/\/www.filctemcgil.it\/images\/comunicati_stampa\/220613_CS_Rinnovo_Ccnla_Chimico_Farmaceutico_2.pdf\" target=\"_blank\" rel=\"noopener\">Press release<\/a><\/p>\n<p>&gt;\u00a0<a href=\"https:\/\/www.filctemcgil.it\/images\/comunicati_stampa\/220613_RINNOVO_CHIMICO_DICHIARAZIONE_FALCINELLI_2.pdf\" target=\"_blank\" rel=\"noopener\">Dichiarazione Falcinelli<\/a><\/p>\n<p>&gt;\u00a0<a href=\"https:\/\/youtu.be\/46OnOiEVJZw\" target=\"_blank\" rel=\"noopener\">Dichiarazione Pirani<\/a><\/p>\n<p style=\"text-align: justify; padding-left: 40px;\">Note:\u00a0<span style=\"font-family: arial, helvetica, sans-serif; font-size: 14pt; color: #000000;\">Come di consuetudine e come hanno dichiarato il presidente di Farmindustria Scaccabarozzi ed il segretario FILCTEM Cgil Falcinelli, alla chiusura di ogni contratto si inizia a lavorare per il prossimo e per noi informatori \u00e8 stato ritagliato uno spazio dedicato all\u2019informazione scientifica.<\/span><br \/>\n<span style=\"font-family: arial, helvetica, sans-serif; font-size: 14pt; color: #000000;\">Per evitare che i temi che la riguardano venissero diluiti nelle riunioni onnicomprensive dell\u2019osservatorio nazionale sulla farmaceutica, con il rischio di finire, come in passato, a non essere affrontate in modo adeguato, \u00e8 stata costituita un\u2019apposita sezione tematica dedicata esclusivamente all\u2019informazione scientifica in seno all\u2019osservatorio nazionale sulla farmaceutica.<\/span><br \/>\n<span style=\"font-family: arial, helvetica, sans-serif; font-size: 14pt; color: #000000;\">Prima convocazione ad ottobre 2022.<\/span><\/p>\n<p><img loading=\"lazy\" decoding=\"async\" class=\"alignnone size-full wp-image-65143\" src=\"https:\/\/www.fedaiisf.it\/wp-content\/uploads\/2022\/06\/Osservatorio-farmaceutico.png\" alt=\"\" width=\"665\" height=\"436\" srcset=\"https:\/\/www.fedaiisf.it\/wp-content\/uploads\/2022\/06\/Osservatorio-farmaceutico.png 665w, https:\/\/www.fedaiisf.it\/wp-content\/uploads\/2022\/06\/Osservatorio-farmaceutico-300x197.png 300w\" sizes=\"auto, (max-width: 665px) 100vw, 665px\" \/><\/p>\n<p><img loading=\"lazy\" decoding=\"async\" class=\"alignnone size-full wp-image-65145\" src=\"https:\/\/www.fedaiisf.it\/wp-content\/uploads\/2022\/06\/Schermata-2022-06-13-alle-21.39.41.png\" alt=\"\" width=\"665\" height=\"802\" srcset=\"https:\/\/www.fedaiisf.it\/wp-content\/uploads\/2022\/06\/Schermata-2022-06-13-alle-21.39.41.png 665w, https:\/\/www.fedaiisf.it\/wp-content\/uploads\/2022\/06\/Schermata-2022-06-13-alle-21.39.41-249x300.png 249w\" sizes=\"auto, (max-width: 665px) 100vw, 665px\" \/><\/p>\n<p><span style=\"font-size: 18pt; color: #ff0000;\">\u2192\u00a0<\/span><a href=\"https:\/\/www.fedaiisf.it\/wp-content\/uploads\/2022\/06\/Tabella-incrementi-CCNL-chimico.pdf\" target=\"_blank\" rel=\"noopener\"><strong>Tabella incrementi CCNL chimico farmaceutico 2022 2025<\/strong><\/a><\/p>\n<hr \/>\n<p><span style=\"font-size: 14pt; color: #000000;\"><img loading=\"lazy\" decoding=\"async\" class=\"wp-image-65187 alignright\" src=\"https:\/\/www.fedaiisf.it\/wp-content\/uploads\/2022\/06\/CCNL-firma-UGL.jpeg\" alt=\"\" width=\"238\" height=\"178\" srcset=\"https:\/\/www.fedaiisf.it\/wp-content\/uploads\/2022\/06\/CCNL-firma-UGL.jpeg 1024w, https:\/\/www.fedaiisf.it\/wp-content\/uploads\/2022\/06\/CCNL-firma-UGL-300x225.jpeg 300w, https:\/\/www.fedaiisf.it\/wp-content\/uploads\/2022\/06\/CCNL-firma-UGL-768x576.jpeg 768w\" sizes=\"auto, (max-width: 238px) 100vw, 238px\" \/>CCNL. Firmata l&#8217;intesa anche tra UGL Chimici, FAILC-CONFAIL, FIALC CISAL e Farmindustria e Federchimica<\/span><\/p>\n<p>Roma, 13 GIUGNO 2022 &#8211; Raggiunta l&#8217;intesa anche tra UGL Chimici, FAILC-CONFAIL, FIALC CISAL e Farmindustria e Federchimica per il<a href=\"https:\/\/www.uglfederazionechimici.it\/wp-content\/uploads\/2022\/06\/autonomi.pdf\" target=\"_blank\" rel=\"noopener\"> rinnovo del CCNL<\/a> per gli addetti dell&#8217;industria Chimico Farmaceutica, delle Fibre Ceramiche e dei settori Abrasivi, Lubrificanti\u00a0e GPL.<\/p>\n<p>&nbsp;<\/p>","protected":false},"excerpt":{"rendered":"<p>\u00c8 stata sottoscritta nel tardo pomeriggio di oggi l\u2019ipotesi di accordo per il rinnovo del contratto nazionale di lavoro del settore chimico farmaceutico tra le rappresentanze sindacali di Filctem Cgil, Femca Cisl, Uiltec Uil e quelle aziendali di Federchimica e Farmindustria. Il nuovo contratto avr\u00e0 una vigenza triennale 1\u00b0 luglio 2022 \u2013 30 giugno 2025 &hellip;<\/p>","protected":false},"author":4,"featured_media":65135,"comment_status":"closed","ping_status":"closed","sticky":false,"template":"","format":"standard","meta":{"footnotes":""},"categories":[16],"tags":[40,50,44],"class_list":["post-65133","post","type-post","status-publish","format-standard","has-post-thumbnail","hentry","category-primo-piano","tag-ccnl","tag-farmindustria","tag-sindacati"],"amp_enabled":true,"_links":{"self":[{"href":"https:\/\/www.fedaiisf.it\/en\/wp-json\/wp\/v2\/posts\/65133","targetHints":{"allow":["GET"]}}],"collection":[{"href":"https:\/\/www.fedaiisf.it\/en\/wp-json\/wp\/v2\/posts"}],"about":[{"href":"https:\/\/www.fedaiisf.it\/en\/wp-json\/wp\/v2\/types\/post"}],"author":[{"embeddable":true,"href":"https:\/\/www.fedaiisf.it\/en\/wp-json\/wp\/v2\/users\/4"}],"replies":[{"embeddable":true,"href":"https:\/\/www.fedaiisf.it\/en\/wp-json\/wp\/v2\/comments?post=65133"}],"version-history":[{"count":0,"href":"https:\/\/www.fedaiisf.it\/en\/wp-json\/wp\/v2\/posts\/65133\/revisions"}],"wp:featuredmedia":[{"embeddable":true,"href":"https:\/\/www.fedaiisf.it\/en\/wp-json\/wp\/v2\/media\/65135"}],"wp:attachment":[{"href":"https:\/\/www.fedaiisf.it\/en\/wp-json\/wp\/v2\/media?parent=65133"}],"wp:term":[{"taxonomy":"category","embeddable":true,"href":"https:\/\/www.fedaiisf.it\/en\/wp-json\/wp\/v2\/categories?post=65133"},{"taxonomy":"post_tag","embeddable":true,"href":"https:\/\/www.fedaiisf.it\/en\/wp-json\/wp\/v2\/tags?post=65133"}],"curies":[{"name":"wp","href":"https:\/\/api.w.org\/{rel}","templated":true}]}}