{"id":65372,"date":"2022-06-23T13:31:19","date_gmt":"2022-06-23T11:31:19","guid":{"rendered":"https:\/\/www.fedaiisf.it\/?p=65372"},"modified":"2022-06-23T17:14:41","modified_gmt":"2022-06-23T15:14:41","slug":"pelini-leuropa-continua-a-perpetrare-un-atteggiamento-ascientifico-nei-confronti-del-naturale","status":"publish","type":"post","link":"https:\/\/www.fedaiisf.it\/en\/pelini-leuropa-continua-a-perpetrare-un-atteggiamento-ascientifico-nei-confronti-del-naturale\/","title":{"rendered":"Pelini, L&#8217;Europa continua a perpetrare un atteggiamento Ascientifico nei confronti del Naturale"},"content":{"rendered":"<p dir=\"auto\">Da un po&#8217; di tempo a questa parte l&#8217;Unione Europea nonch\u00e9 L&#8217;EFSA sta prendendo nei confronti dei prodotti naturali un atteggiamento Ascientifico e del tutto politicizzato che bene non fa alla credibilit\u00e0 del mondo <img loading=\"lazy\" decoding=\"async\" class=\"wp-image-58055 alignright\" src=\"https:\/\/www.fedaiisf.it\/wp-content\/uploads\/2021\/04\/aloe-vera-benefici.jpg\" alt=\"\" width=\"380\" height=\"221\" srcset=\"https:\/\/www.fedaiisf.it\/wp-content\/uploads\/2021\/04\/aloe-vera-benefici.jpg 860w, https:\/\/www.fedaiisf.it\/wp-content\/uploads\/2021\/04\/aloe-vera-benefici-300x174.jpg 300w, https:\/\/www.fedaiisf.it\/wp-content\/uploads\/2021\/04\/aloe-vera-benefici-768x447.jpg 768w\" sizes=\"auto, (max-width: 380px) 100vw, 380px\" \/>scientifico e delle istituzioni sopra citate.<\/p>\n<p dir=\"auto\">Infatti dopo essersi scagliati contro i\u00a0 derivati idrossiantracenici presenti nelle piante antrachinoniche\u00a0 che secondo EFSA causerebbero genotossicit\u00e0 e cancerogenicit\u00e0 cosa\u00a0 gi\u00e0 smentite per quanto riguarda l&#8217;aloe dai miei studi presentati al governo italiano nonch\u00e9 alla\u00a0 stessa Comunit\u00e0 Europea, oltre che ad altri importanti studi pubblicati dalla societ\u00e0 italiana di tossicologia e dall&#8217;universit\u00e0 degli Studi di Siena, anche loro concordanti nello smentire le tesi del tutto di parte e condotte su modelli biologici inattendibili come salmonella typhimurium, come pi\u00f9 volte denunciato per mezzo stampa e a rappresentanti del governo italiano, in particolare del Ministero delle politiche agricole e Forestali MIPAAF\u00a0 nella persona del sottosegretario Gian Marco Centinaio che si \u00e8 dimostrato sensibile al problema.<\/p>\n<p dir=\"auto\"><img loading=\"lazy\" decoding=\"async\" class=\"wp-image-58052 alignleft\" src=\"https:\/\/www.fedaiisf.it\/wp-content\/uploads\/2021\/04\/Pellini-ricercatore.png\" alt=\"\" width=\"214\" height=\"134\" srcset=\"https:\/\/www.fedaiisf.it\/wp-content\/uploads\/2021\/04\/Pellini-ricercatore.png 597w, https:\/\/www.fedaiisf.it\/wp-content\/uploads\/2021\/04\/Pellini-ricercatore-300x188.png 300w\" sizes=\"auto, (max-width: 214px) 100vw, 214px\" \/>Ora l&#8217;europa e L&#8217;EFSA attaccano\u00a0 anche il riso rosso fermentato e L&#8217;EFSA continua a intraprendere un atteggiamento Ascientifico e politico\u00a0 che porter\u00e0 danni al sistema farmaceutico e al sistema salutistico italiano ed europeo per tale motivo chiedo con questa lettera aperta al governo italiano una seria rivalutazione e una presa forte di posizione nei confronti di queste decisioni che nulla hanno a che fare con la Scienza ma con un atteggiamento che non deve essere tollerato dal mondo scientifico, inoltre informo che in data 21\/6\/2022 presso il mipaaf ho chiesto un incontro al Sottosegretario Gian Marco Centinaio ribadito oggi in un email inviata al suddetto Sottosegretario e al Sottosegretario alla salute Andrea Costa per spiegare al governo le motivazioni del tutto ascientifiche che sono dietro alle decisioni della Commissione Europea sui derivati idrossiantraceni e sul riso rosso fermentato.<\/p>\n<p>Paul Pellini<br \/>\nHerbochemist<br \/>\nRicerca Farmacognostica e Citotossicologica Estratti Vegetali di Piante Officinali<\/p>\n<p>Responsabile Scientifico e Fondatore Progetto Cytotoxicology Research Italy<br \/>\nRome \u2013 Italy<br \/>\nE-mail: <a href=\"mailto:paolo.pelini@gmail.com\" rel=\"noreferrer\">paolo.pelini@gmail.com<\/a><br \/>\n<a href=\"http:\/\/www.paolopelinierbochimico.it\/\" target=\"_blank\" rel=\"noopener noreferrer\">http:\/\/www.paolopelinierbochimico.it<\/a><\/p>","protected":false},"excerpt":{"rendered":"<p>Da un po&#8217; di tempo a questa parte l&#8217;Unione Europea nonch\u00e9 L&#8217;EFSA sta prendendo nei confronti dei prodotti naturali un atteggiamento Ascientifico e del tutto politicizzato che bene non fa alla credibilit\u00e0 del mondo scientifico e delle istituzioni sopra citate. Infatti dopo essersi scagliati contro i\u00a0 derivati idrossiantracenici presenti nelle piante antrachinoniche\u00a0 che secondo EFSA &hellip;<\/p>","protected":false},"author":4,"featured_media":29960,"comment_status":"closed","ping_status":"closed","sticky":false,"template":"","format":"standard","meta":{"footnotes":""},"categories":[1],"tags":[196],"class_list":["post-65372","post","type-post","status-publish","format-standard","has-post-thumbnail","hentry","category-notizie","tag-integratori"],"amp_enabled":true,"_links":{"self":[{"href":"https:\/\/www.fedaiisf.it\/en\/wp-json\/wp\/v2\/posts\/65372","targetHints":{"allow":["GET"]}}],"collection":[{"href":"https:\/\/www.fedaiisf.it\/en\/wp-json\/wp\/v2\/posts"}],"about":[{"href":"https:\/\/www.fedaiisf.it\/en\/wp-json\/wp\/v2\/types\/post"}],"author":[{"embeddable":true,"href":"https:\/\/www.fedaiisf.it\/en\/wp-json\/wp\/v2\/users\/4"}],"replies":[{"embeddable":true,"href":"https:\/\/www.fedaiisf.it\/en\/wp-json\/wp\/v2\/comments?post=65372"}],"version-history":[{"count":0,"href":"https:\/\/www.fedaiisf.it\/en\/wp-json\/wp\/v2\/posts\/65372\/revisions"}],"wp:featuredmedia":[{"embeddable":true,"href":"https:\/\/www.fedaiisf.it\/en\/wp-json\/wp\/v2\/media\/29960"}],"wp:attachment":[{"href":"https:\/\/www.fedaiisf.it\/en\/wp-json\/wp\/v2\/media?parent=65372"}],"wp:term":[{"taxonomy":"category","embeddable":true,"href":"https:\/\/www.fedaiisf.it\/en\/wp-json\/wp\/v2\/categories?post=65372"},{"taxonomy":"post_tag","embeddable":true,"href":"https:\/\/www.fedaiisf.it\/en\/wp-json\/wp\/v2\/tags?post=65372"}],"curies":[{"name":"wp","href":"https:\/\/api.w.org\/{rel}","templated":true}]}}