{"id":6550,"date":"2014-12-18T13:27:24","date_gmt":"2014-12-18T12:27:24","guid":{"rendered":"http:\/\/www.fedaiisf.it\/?p=6550"},"modified":"2014-12-18T13:30:04","modified_gmt":"2014-12-18T12:30:04","slug":"aifa-lorenzin-nel-decreto-milleproroghe-riforma-250-dipendenti","status":"publish","type":"post","link":"https:\/\/www.fedaiisf.it\/en\/aifa-lorenzin-nel-decreto-milleproroghe-riforma-250-dipendenti\/","title":{"rendered":"Aifa, Lorenzin: &#8220;Nel decreto Milleproroghe riforma con 250 nuovi dipendenti&#8221;"},"content":{"rendered":"<p><em>Uno degli elementi che l&#8217;industria ci chiede per rendere competitivo il sistema \u00e8 di rendere competitivi gli enti regolatori, che devono avere personale adegua<\/em><\/p>\n<p><a href=\"http:\/\/www.aboutpharma.com\/news\/sanita-e-politica\/aifa-lorenzin-riforma-con-250-nuovi-dipendenti-nel-decreto-milleproroghe\/\" target=\"_blank\" rel=\"noopener\">gioved\u00ec 18 dicembre 2014\u00a0di\u00a0<strong>Editorial board\u00a0<\/strong>AboutPharma and Medical Devices<\/a><\/p>\n<p><img loading=\"lazy\" decoding=\"async\" class=\"alignleft\" alt=\"Aifa, Lorenzin: &quot;Nel decreto Milleproroghe riforma con 250 nuovi dipendenti&quot;\" src=\"http:\/\/media.aboutpharma.com\/BlogPost\/l_7226_lorenzin-3.jpg\" width=\"233\" height=\"148\" \/>&#8220;Sto aspettando uno &#8216;slot&#8217; parlamentare per poter presentare la riforma dell&#8217;Agenzia italiana del farmaco e dotarla di 250 nuovi dipendenti. Ieri ho provato a inserirla nella legge di Stabilit\u00e0 ma non ci sono riuscita. La ripresenter\u00f2 nel milleproroghe&#8221;. Cos\u00ec il ministro della Salute,\u00a0<strong>Beatrice Lorenzin<\/strong>, a proposito dell\u2019annunciata riforma dell\u2019Aifa a margine della\u00a0<a href=\"http:\/\/www.forumdispositivimedici.it\/\" target=\"_blank\" rel=\"noopener\"><strong>VII Conferenza nazionale sui dispositivi medici<\/strong><\/a>.<\/p>\n<p>&#8220;Uno degli elementi che l&#8217;industria ci chiede per rendere competitivo il sistema &#8211; ha aggiunto &#8211; \u00e8 di rendere competitivi gli enti regolatori, che devono avere personale adeguato per poter fare le cose in modo veloce (dossier, ispezioni, autorizzazioni). Questo a vantaggio anche della vita dei pazienti, perch\u00e9 a volte si aspettano anche anni per terapie o macchinari salvavita&#8221;.<\/p>\n<p>I 250 nuovi dipendenti annunciati dal ministro saranno inseriti \u201cnon tutti insieme\u201d ma \u201ca pezzi\u201d. L\u2019obiettivo \u00e8 quello di \u201cassumere personale altamente qualificato per fare ispezioni e dossier, aumentando la produttivit\u00e0 del sistema\u201d.<\/p>","protected":false},"excerpt":{"rendered":"<p>Uno degli elementi che l&#8217;industria ci chiede per rendere competitivo il sistema \u00e8 di rendere competitivi gli enti regolatori, che devono avere personale adegua gioved\u00ec 18 dicembre 2014\u00a0di\u00a0Redazione\u00a0AboutPharma and Medical Devices &#8220;Sto aspettando uno &#8216;slot&#8217; parlamentare per poter presentare la riforma dell&#8217;Agenzia italiana del farmaco e dotarla di 250 nuovi dipendenti. Ieri ho provato a &hellip;<\/p>","protected":false},"author":4,"featured_media":6554,"comment_status":"closed","ping_status":"closed","sticky":false,"template":"","format":"standard","meta":{"footnotes":""},"categories":[1],"tags":[49,28],"class_list":["post-6550","post","type-post","status-publish","format-standard","has-post-thumbnail","hentry","category-notizie","tag-aifa","tag-lorenzin"],"amp_enabled":true,"_links":{"self":[{"href":"https:\/\/www.fedaiisf.it\/en\/wp-json\/wp\/v2\/posts\/6550","targetHints":{"allow":["GET"]}}],"collection":[{"href":"https:\/\/www.fedaiisf.it\/en\/wp-json\/wp\/v2\/posts"}],"about":[{"href":"https:\/\/www.fedaiisf.it\/en\/wp-json\/wp\/v2\/types\/post"}],"author":[{"embeddable":true,"href":"https:\/\/www.fedaiisf.it\/en\/wp-json\/wp\/v2\/users\/4"}],"replies":[{"embeddable":true,"href":"https:\/\/www.fedaiisf.it\/en\/wp-json\/wp\/v2\/comments?post=6550"}],"version-history":[{"count":0,"href":"https:\/\/www.fedaiisf.it\/en\/wp-json\/wp\/v2\/posts\/6550\/revisions"}],"wp:featuredmedia":[{"embeddable":true,"href":"https:\/\/www.fedaiisf.it\/en\/wp-json\/wp\/v2\/media\/6554"}],"wp:attachment":[{"href":"https:\/\/www.fedaiisf.it\/en\/wp-json\/wp\/v2\/media?parent=6550"}],"wp:term":[{"taxonomy":"category","embeddable":true,"href":"https:\/\/www.fedaiisf.it\/en\/wp-json\/wp\/v2\/categories?post=6550"},{"taxonomy":"post_tag","embeddable":true,"href":"https:\/\/www.fedaiisf.it\/en\/wp-json\/wp\/v2\/tags?post=6550"}],"curies":[{"name":"wp","href":"https:\/\/api.w.org\/{rel}","templated":true}]}}