{"id":65973,"date":"2022-07-12T11:49:59","date_gmt":"2022-07-12T09:49:59","guid":{"rendered":"https:\/\/www.fedaiisf.it\/?p=65973"},"modified":"2022-07-12T12:51:31","modified_gmt":"2022-07-12T10:51:31","slug":"ministero-aifa-css-iss-covid-19-estensione-della-platea-dei-destinatari-della-seconda-dose-di-richiamo","status":"publish","type":"post","link":"https:\/\/www.fedaiisf.it\/en\/ministero-aifa-css-iss-covid-19-estensione-della-platea-dei-destinatari-della-seconda-dose-di-richiamo\/","title":{"rendered":"Ministry, AIFA, CSS, ISS. COVID-19: extension of the audience of recipients of the second booster dose"},"content":{"rendered":"<p>A seguito della nota dell\u2019Agenzia europea per i medicinali (EMA) e del Centro europeo per la prevenzione e il <img loading=\"lazy\" decoding=\"async\" class=\"wp-image-65985 alignright\" src=\"https:\/\/www.fedaiisf.it\/wp-content\/uploads\/2022\/07\/quarta-dose-2-2-1024x576.jpeg\" alt=\"\" width=\"375\" height=\"211\" srcset=\"https:\/\/www.fedaiisf.it\/wp-content\/uploads\/2022\/07\/quarta-dose-2-2-1024x576.jpeg 1024w, https:\/\/www.fedaiisf.it\/wp-content\/uploads\/2022\/07\/quarta-dose-2-2-300x169.jpeg 300w, https:\/\/www.fedaiisf.it\/wp-content\/uploads\/2022\/07\/quarta-dose-2-2-768x432.jpeg 768w, https:\/\/www.fedaiisf.it\/wp-content\/uploads\/2022\/07\/quarta-dose-2-2-390x220.jpeg 390w, https:\/\/www.fedaiisf.it\/wp-content\/uploads\/2022\/07\/quarta-dose-2-2.jpeg 1280w\" sizes=\"auto, (max-width: 375px) 100vw, 375px\" \/>controllo delle malattie (ECDC), pubblicata l\u201911 luglio 2022, anche in Italia \u00e8 arrivato il via libera alla seconda dose di richiamo per tutti gli over 60 e per tutte le persone (a partire dai 12 anni) con elevata fragilit\u00e0 motivata dalle patologie indicate nella precedente fase della campagna vaccinale.<\/p>\n<p>Preso atto del parere della CTS di AIFA, in considerazione dell\u2019attuale ripresa dell\u2019epidemia COVID-19 e dell\u2019aumentata incidenza di ospedalizzazioni e ricoveri in terapia intensiva, il Ministero della Salute ha inviato oggi la Circolare \u201cEstensione della platea vaccinale destinataria della seconda dose di richiamo (<em>second booster<\/em>) nell\u2019ambito della campagna di vaccinazione anti-SARS-CoV-2\/COVID19\u201d che raccomanda la somministrazione della seconda dose booster a tutte le persone di et\u00e0 uguale o superiore ai 60 anni, purch\u00e9 sia trascorso un intervallo minimo di almeno 120 giorni dalla prima dose di richiamo o dall\u2019ultima infezione successiva al richiamo (data del test diagnostico positivo).<\/p>\n<p>Si ricorda che la seconda dose di richiamo (<em>second booster<\/em>) \u00e8, altres\u00ec raccomandata\u00a0alle persone (a partire dai 12 anni) con elevata fragilit\u00e0 motivata da patologie concomitanti\/preesistenti, purch\u00e9, anche in questo caso, sia trascorso un intervallo minimo di almeno 120 giorni dalla prima dose di richiamo o dall\u2019ultima infezione successiva al richiamo (data del test diagnostico positivo).<\/p>\n<p>Si ribadisce, infine, la priorit\u00e0 assoluta di mettere in massima protezione tutti i soggetti che non hanno ancora ricevuto n\u00e9 il ciclo di vaccinazione primaria, n\u00e9 la prima dose di richiamo (<em>boosters<\/em>) e per i quali la stessa \u00e8 gi\u00e0 stata raccomandata.<\/p>\n<p><a href=\"https:\/\/www.salute.gov.it\/portale\/nuovocoronavirus\/dettaglioNotizieNuovoCoronavirus.jsp?lingua=italiano&amp;menu=notizie&amp;p=dalministero&amp;id=5947\" target=\"_blank\" rel=\"noopener\">Ministero della Salute &#8211; 11 luglio 2022<\/a><\/p>\n<p><span style=\"color: #ff0000;\"><strong><span style=\"font-size: 18pt;\">\u2192<\/span><\/strong><\/span>\u00a0<a href=\"https:\/\/www.trovanorme.salute.gov.it\/norme\/renderNormsanPdf?anno=2022&amp;codLeg=88043&amp;parte=1%20&amp;serie=null\" target=\"_blank\" rel=\"noopener\"><strong><span style=\"font-size: 14pt;\">\u00a0Circular from the Ministry of Health<\/span><\/strong><\/a>\u00a0con Allegati<\/p>\n<hr \/>\n<p><img loading=\"lazy\" decoding=\"async\" class=\"alignnone size-large wp-image-65977\" src=\"https:\/\/www.fedaiisf.it\/wp-content\/uploads\/2022\/07\/circolare-quarta-dose-1024x756.png\" alt=\"\" width=\"1024\" height=\"756\" srcset=\"https:\/\/www.fedaiisf.it\/wp-content\/uploads\/2022\/07\/circolare-quarta-dose-1024x756.png 1024w, https:\/\/www.fedaiisf.it\/wp-content\/uploads\/2022\/07\/circolare-quarta-dose-300x222.png 300w, https:\/\/www.fedaiisf.it\/wp-content\/uploads\/2022\/07\/circolare-quarta-dose-768x567.png 768w, https:\/\/www.fedaiisf.it\/wp-content\/uploads\/2022\/07\/circolare-quarta-dose.png 1106w\" sizes=\"auto, (max-width: 1024px) 100vw, 1024px\" \/><\/p>\n<p>Related news: <a href=\"https:\/\/www.aifa.gov.it\/documents\/20142\/1621464\/2022.07.11_com_ECDC-EMA_dosi_richiamo_aggiuntive_vaccini_anti-COVID-19_IT.pdf\" target=\"_blank\" rel=\"noopener\">Aggiornamento della dichiarazione comune ECDC-EMA sulle dosi di richiamo aggiuntive dei vaccini anti-COVID- 19<\/a><\/p>\n<p class=\"detail_title\"><a href=\"https:\/\/www.lescienze.it\/news\/2022\/06\/28\/news\/covid_varianti_omicron_ba_4_ba_5_vaccini_booster_reinfezioni-9691741\/\" target=\"_blank\" rel=\"noopener\">Che cosa significano le varianti BA.4 e BA.5 di Omicron per la pandemia<\/a><\/p>\n<p><a href=\"https:\/\/www.iss.it\/documents\/20126\/0\/bollettino_1+luglio_2022.pdf\/7bc0266e-5037-e8c8-d271-db704ea2c727?t=1656673572435\" target=\"_blank\" rel=\"noopener\">ISS. Prevalence and distribution of SARS-CoV-2 variants of public health interest in Italy<\/a><\/p>\n<p><a href=\"https:\/\/www.cell.com\/cell\/pdf\/S0092-8674(22)00710-3.pdf?_returnURL=https%3A%2F%2Flinkinghub.elsevier.com%2Fretrieve%2Fpii%2FS0092867422007103%3Fshowall%3Dtrue\" target=\"_blank\" rel=\"noopener\">Antibody escape of SARS-CoV-2 Omicron BA.4 and BA.5 from vaccine and BA.1 serum<\/a><\/p>\n<p><a href=\"https:\/\/www.fimmg.org\/index.php?action=pages&amp;m=view&amp;p=30584&amp;art=5106\" target=\"_blank\" rel=\"noopener\">Fimmg. Antivirali, l&#8217;arma contro il Covid ancora ignorata<\/a><\/p>\n<p>&nbsp;<\/p>","protected":false},"excerpt":{"rendered":"<p>A seguito della nota dell\u2019Agenzia europea per i medicinali (EMA) e del Centro europeo per la prevenzione e il controllo delle malattie (ECDC), pubblicata l\u201911 luglio 2022, anche in Italia \u00e8 arrivato il via libera alla seconda dose di richiamo per tutti gli over 60 e per tutte le persone (a partire dai 12 anni) &hellip;<\/p>","protected":false},"author":4,"featured_media":65984,"comment_status":"closed","ping_status":"closed","sticky":false,"template":"","format":"standard","meta":{"footnotes":""},"categories":[1],"tags":[79,39],"class_list":["post-65973","post","type-post","status-publish","format-standard","has-post-thumbnail","hentry","category-notizie","tag-ssn","tag-vaccini"],"amp_enabled":true,"_links":{"self":[{"href":"https:\/\/www.fedaiisf.it\/en\/wp-json\/wp\/v2\/posts\/65973","targetHints":{"allow":["GET"]}}],"collection":[{"href":"https:\/\/www.fedaiisf.it\/en\/wp-json\/wp\/v2\/posts"}],"about":[{"href":"https:\/\/www.fedaiisf.it\/en\/wp-json\/wp\/v2\/types\/post"}],"author":[{"embeddable":true,"href":"https:\/\/www.fedaiisf.it\/en\/wp-json\/wp\/v2\/users\/4"}],"replies":[{"embeddable":true,"href":"https:\/\/www.fedaiisf.it\/en\/wp-json\/wp\/v2\/comments?post=65973"}],"version-history":[{"count":0,"href":"https:\/\/www.fedaiisf.it\/en\/wp-json\/wp\/v2\/posts\/65973\/revisions"}],"wp:featuredmedia":[{"embeddable":true,"href":"https:\/\/www.fedaiisf.it\/en\/wp-json\/wp\/v2\/media\/65984"}],"wp:attachment":[{"href":"https:\/\/www.fedaiisf.it\/en\/wp-json\/wp\/v2\/media?parent=65973"}],"wp:term":[{"taxonomy":"category","embeddable":true,"href":"https:\/\/www.fedaiisf.it\/en\/wp-json\/wp\/v2\/categories?post=65973"},{"taxonomy":"post_tag","embeddable":true,"href":"https:\/\/www.fedaiisf.it\/en\/wp-json\/wp\/v2\/tags?post=65973"}],"curies":[{"name":"wp","href":"https:\/\/api.w.org\/{rel}","templated":true}]}}