{"id":66013,"date":"2022-07-14T01:29:15","date_gmt":"2022-07-13T23:29:15","guid":{"rendered":"https:\/\/www.fedaiisf.it\/?p=66013"},"modified":"2022-07-13T18:29:49","modified_gmt":"2022-07-13T16:29:49","slug":"istat-produzione-industriale-di-prodotti-farmaceutici-a-maggio-79","status":"publish","type":"post","link":"https:\/\/www.fedaiisf.it\/en\/istat-produzione-industriale-di-prodotti-farmaceutici-a-maggio-79\/","title":{"rendered":"ISTAT. Industrial production of pharmaceutical products in May +7.9"},"content":{"rendered":"<p>maggio 2022 si stima che l\u2019indice destagionalizzato della produzione industriale diminuisca dell\u20191,1% rispetto <img loading=\"lazy\" decoding=\"async\" class=\"wp-image-49967 alignright\" src=\"https:\/\/www.fedaiisf.it\/wp-content\/uploads\/2020\/05\/ISTAT-grafico.png\" alt=\"\" width=\"328\" height=\"174\" srcset=\"https:\/\/www.fedaiisf.it\/wp-content\/uploads\/2020\/05\/ISTAT-grafico.png 680w, https:\/\/www.fedaiisf.it\/wp-content\/uploads\/2020\/05\/ISTAT-grafico-300x159.png 300w\" sizes=\"auto, (max-width: 328px) 100vw, 328px\" \/>ad aprile. Nella media del periodo marzo-maggio il livello della produzione aumenta del 2,3% rispetto ai tre mesi precedenti.<\/p>\n<p>L\u2019indice destagionalizzato mensile cresce su base congiunturale solo per i beni strumentali (+0,4%), mentre diminuisce per l\u2019energia (-3,9%), i beni di consumo (-0,7%) e i beni intermedi (-0,6%).<\/p>\n<p>Corretto per gli effetti di calendario, a maggio 2022 l\u2019indice complessivo aumenta in termini tendenziali del 3,4% (i giorni lavorativi di calendario sono stati 22 contro i 21 di maggio 2021). Incrementi rilevanti caratterizzano i beni di consumo (+7,8%) e l\u2019energia (+3,5%); pi\u00f9 contenuta \u00e8 la crescita per i beni strumentali (+2,7%) e i beni intermedi (+1,0%).<\/p>\n<p>I settori di attivit\u00e0 economica che registrano gli incrementi tendenziali pi\u00f9 ampi sono le industrie tessili, abbigliamento, pelli e accessori (+18,0%), la fabbricazione di coke e prodotti petroliferi raffinati (+16,4%) e la fabbricazione di computer e prodotti di elettronica e ottica (+13,1%). Le flessioni tendenziali maggiori si registrano nella fabbricazione di articoli in gomma e materie plastiche (-4,6%), nella fabbricazione di prodotti chimici (-2,8%) e nella fabbricazione di apparecchiature elettriche (-0,9%).<\/p>\n<h2>The comment<\/h2>\n<p><em>Dopo tre mesi di crescita l\u2019indice destagionalizzato della produzione industriale registra, a maggio, una diminuzione congiunturale.<\/em><\/p>\n<p><em>Resta positiva la dinamica nella media degli ultimi tre mesi rispetto ai tre mesi precedenti.<\/em><\/p>\n<p><em>In termini tendenziali, l\u2019indice corretto per gli effetti di calendario \u00e8 in aumento. La crescita, diffusa a tutti i principali raggruppamenti di industrie, \u00e8 pi\u00f9 ampia per i beni di consumo.<\/em><\/p>\n<p><a href=\"https:\/\/www.istat.it\/it\/archivio\/272782\" target=\"_blank\" rel=\"noopener\">ISTAT &#8211;\u00a008 LUGLIO 2022<\/a><\/p>\n<p><a href=\"https:\/\/www.istat.it\/it\/files\/\/2022\/07\/Produzione-industriale_maggio22.pdf\" target=\"_blank\" rel=\"noopener\">FULL TEXT AND METHODOLOGICAL NOTE<\/a><\/p>\n<p><img loading=\"lazy\" decoding=\"async\" class=\"alignnone size-full wp-image-66014\" src=\"https:\/\/www.fedaiisf.it\/wp-content\/uploads\/2022\/07\/Schermata-2022-07-13-alle-18.21.13.png\" alt=\"\" width=\"1019\" height=\"165\" srcset=\"https:\/\/www.fedaiisf.it\/wp-content\/uploads\/2022\/07\/Schermata-2022-07-13-alle-18.21.13.png 1019w, https:\/\/www.fedaiisf.it\/wp-content\/uploads\/2022\/07\/Schermata-2022-07-13-alle-18.21.13-300x49.png 300w, https:\/\/www.fedaiisf.it\/wp-content\/uploads\/2022\/07\/Schermata-2022-07-13-alle-18.21.13-768x124.png 768w\" sizes=\"auto, (max-width: 1019px) 100vw, 1019px\" \/><\/p>\n<p><img loading=\"lazy\" decoding=\"async\" class=\"alignnone size-full wp-image-66015\" src=\"https:\/\/www.fedaiisf.it\/wp-content\/uploads\/2022\/07\/Schermata-2022-07-13-alle-18.22.02.png\" alt=\"\" width=\"1019\" height=\"49\" srcset=\"https:\/\/www.fedaiisf.it\/wp-content\/uploads\/2022\/07\/Schermata-2022-07-13-alle-18.22.02.png 1019w, https:\/\/www.fedaiisf.it\/wp-content\/uploads\/2022\/07\/Schermata-2022-07-13-alle-18.22.02-300x14.png 300w, https:\/\/www.fedaiisf.it\/wp-content\/uploads\/2022\/07\/Schermata-2022-07-13-alle-18.22.02-768x37.png 768w\" sizes=\"auto, (max-width: 1019px) 100vw, 1019px\" \/><\/p>","protected":false},"excerpt":{"rendered":"<p>maggio 2022 si stima che l\u2019indice destagionalizzato della produzione industriale diminuisca dell\u20191,1% rispetto ad aprile. Nella media del periodo marzo-maggio il livello della produzione aumenta del 2,3% rispetto ai tre mesi precedenti. L\u2019indice destagionalizzato mensile cresce su base congiunturale solo per i beni strumentali (+0,4%), mentre diminuisce per l\u2019energia (-3,9%), i beni di consumo (-0,7%) &hellip;<\/p>","protected":false},"author":4,"featured_media":7603,"comment_status":"closed","ping_status":"closed","sticky":false,"template":"","format":"standard","meta":{"footnotes":""},"categories":[1],"tags":[42],"class_list":["post-66013","post","type-post","status-publish","format-standard","has-post-thumbnail","hentry","category-notizie","tag-istat"],"amp_enabled":true,"_links":{"self":[{"href":"https:\/\/www.fedaiisf.it\/en\/wp-json\/wp\/v2\/posts\/66013","targetHints":{"allow":["GET"]}}],"collection":[{"href":"https:\/\/www.fedaiisf.it\/en\/wp-json\/wp\/v2\/posts"}],"about":[{"href":"https:\/\/www.fedaiisf.it\/en\/wp-json\/wp\/v2\/types\/post"}],"author":[{"embeddable":true,"href":"https:\/\/www.fedaiisf.it\/en\/wp-json\/wp\/v2\/users\/4"}],"replies":[{"embeddable":true,"href":"https:\/\/www.fedaiisf.it\/en\/wp-json\/wp\/v2\/comments?post=66013"}],"version-history":[{"count":0,"href":"https:\/\/www.fedaiisf.it\/en\/wp-json\/wp\/v2\/posts\/66013\/revisions"}],"wp:featuredmedia":[{"embeddable":true,"href":"https:\/\/www.fedaiisf.it\/en\/wp-json\/wp\/v2\/media\/7603"}],"wp:attachment":[{"href":"https:\/\/www.fedaiisf.it\/en\/wp-json\/wp\/v2\/media?parent=66013"}],"wp:term":[{"taxonomy":"category","embeddable":true,"href":"https:\/\/www.fedaiisf.it\/en\/wp-json\/wp\/v2\/categories?post=66013"},{"taxonomy":"post_tag","embeddable":true,"href":"https:\/\/www.fedaiisf.it\/en\/wp-json\/wp\/v2\/tags?post=66013"}],"curies":[{"name":"wp","href":"https:\/\/api.w.org\/{rel}","templated":true}]}}