{"id":66116,"date":"2022-07-18T07:42:31","date_gmt":"2022-07-18T05:42:31","guid":{"rendered":"https:\/\/www.fedaiisf.it\/?p=66116"},"modified":"2022-07-19T11:29:44","modified_gmt":"2022-07-19T09:29:44","slug":"regione-emilia-romagna-e-sindacati-dei-medici-di-medicina-generale-si-accordano","status":"publish","type":"post","link":"https:\/\/www.fedaiisf.it\/en\/regione-emilia-romagna-e-sindacati-dei-medici-di-medicina-generale-si-accordano\/","title":{"rendered":"Regione Emilia-Romagna e sindacati dei medici di medicina generale si accordano"},"content":{"rendered":"<p style=\"padding-left: 40px;\"><em>Sottoscritto un accordo annuale che prevede diverse misure temporanee ed eccezionali\u00a0 per consentire ai medici di famiglia di garantire il servizio nonostante le carenze di personale. Incarichi ai medici in formazione, massimali rivisti, maggiori risorse per il supporto infermieristico e amministrativo.<\/em><\/p>\n<p>Alleggerimento della burocrazia, maggiori risorse e aumento dei massimali dei pazienti in carico, spazio ai medici in formazione. Ma anche supporto al lavoro dei medici di famiglia tramite infermieri e collaboratori di studio. Questi i principali punti di un accordo sottoscritto nei giorni scorsi<a href=\"https:\/\/www.fedaiisf.it\/wp-content\/uploads\/2015\/05\/assistente.studio.medico.jpg\"><img loading=\"lazy\" decoding=\"async\" class=\"wp-image-19185 alignright\" src=\"https:\/\/www.fedaiisf.it\/wp-content\/uploads\/2015\/05\/assistente.studio.medico-300x172.jpg\" alt=\"\" width=\"384\" height=\"220\" srcset=\"https:\/\/www.fedaiisf.it\/wp-content\/uploads\/2015\/05\/assistente.studio.medico-300x172.jpg 300w, https:\/\/www.fedaiisf.it\/wp-content\/uploads\/2015\/05\/assistente.studio.medico.jpg 625w\" sizes=\"auto, (max-width: 384px) 100vw, 384px\" \/><\/a> dalla Regione Emilia-Romagna con FIMMG, SNAMI, SMI e Federazione CISL Medici per individuare misure straordinarie per uscire dalla emergenza acuta della pandemia e al tempo stesso sperimentare soluzioni che potrebbero rivelarsi efficaci anche in futuro.<\/p>\n<p>L&#8217;accordo fa parte delle cosiddette <strong>soluzioni-ponte che dovrebbero traghettare l&#8217;assistenza territoriale<\/strong> regionale verso il nuovo assetto che si sta disegnando con il DM 77 e prevede investimenti infrastrutturali del PNRR ma non per il personale. Sappiamo bene che la <strong>carenza di personale sanitario<\/strong>, e di medici di medicina generale in particolare, \u00e8 comune a tutte le regioni italiane e non va dimenticato che per compensarlo sono necessari non pochi anni di programmazione e di formazione.<\/p>\n<p>I carichi di lavoro aggiuntivi prodotti dalla pandemia di Covid-19 hanno fatto deflagrare il problema e i pre-pensionamenti e i medici ammalati di burn-out sono le conseguenze.<\/p>\n<p><strong>I punti fondamentali dell&#8217;accordo\u00a0<\/strong><\/p>\n<p>In merito ai <strong>massimali di scelta per i medici di medicina generale<\/strong>, il limite dei pazienti che un medico pu\u00f2 seguire nei primi due anni di convenzionamento <strong>sar\u00e0 di 1.500 persone, che potr\u00e0 salire fino a 1.800<\/strong> dal terzo anno. Ai medici saranno riconosciute risorse aggiuntive di 8 euro per ogni paziente che eccede la soglia dei 1.500.<\/p>\n<p>I medici in corso di<strong> formazione specifica in medicina generale potranno svolgere l&#8217;attivit\u00e0 convenzionata<\/strong>: sar\u00e0 riconosciuta a tutti gli effetti quale <strong>attivit\u00e0 pratica del corso stesso<\/strong>, fino al completamento del computo orario mensile previsto\u00a0 dal corso di studi. Per consentire ai giovani medici di continuare a frequentare i corsi, sar\u00e0 possibile possibile partecipare alle lezioni di teoria per via telematica. <a href=\"https:\/\/www.fedaiisf.it\/wp-content\/uploads\/2019\/11\/corso-di-Formazione-2-2.jpg\"><img loading=\"lazy\" decoding=\"async\" class=\"wp-image-46668 alignleft\" src=\"https:\/\/www.fedaiisf.it\/wp-content\/uploads\/2019\/11\/corso-di-Formazione-2-2-300x188.jpg\" alt=\"\" width=\"385\" height=\"241\" srcset=\"https:\/\/www.fedaiisf.it\/wp-content\/uploads\/2019\/11\/corso-di-Formazione-2-2-300x188.jpg 300w, https:\/\/www.fedaiisf.it\/wp-content\/uploads\/2019\/11\/corso-di-Formazione-2-2-768x482.jpg 768w, https:\/\/www.fedaiisf.it\/wp-content\/uploads\/2019\/11\/corso-di-Formazione-2-2.jpg 1000w\" sizes=\"auto, (max-width: 385px) 100vw, 385px\" \/><\/a>Un medico in formazione potr\u00e0 seguire <strong>1.000 pazienti<\/strong> il primo anno, che salgono a <strong>1.200<\/strong> il secondo anno e, su base volontaria, a <strong>1.500 assistiti<\/strong> per il secondo e terzo anno.<\/p>\n<p>Per garantire alle AUSL la possibilit\u00e0 di <strong>organizzare con maggiore elasticit\u00e0 i turni<\/strong> &#8211; per medici di continuit\u00e0 assistenziale, medici dei servizi territoriali, di emergenza sanitaria territoriale e di assistenza negli istituti penitenziari &#8211; sar\u00e0 possibile prevedere anche incarichi che vanno dalle <strong>12 a 38 ore settimanali<\/strong>.<\/p>\n<p>Per supportare l&#8217;attivit\u00e0 del medico nella presa in carico dei pazienti, in particolare quelli\u00a0 cronici e complessi, si prevede di rinforzare la presenza oraria settimanale dei collaboratori di studio e del personale infermieristico.<\/p>\n<p>I medici dovranno garantire nuovi standard orari per personale di studio e infermieristico. A fronte di questo la Regione riconoscer\u00e0 quasi 13 euro per ogni assistito invece degli attuali 7,50.<\/p>\n<p>L&#8217;accordo <strong>vale fino al 30 giugno 2023<\/strong>, con l&#8217;impegno entro il 31 ottobre di tornare a discuterne e prevedere ulteriori sviluppi. Verr\u00e0 istituito inoltre <strong>un tavolo permanente<\/strong> che coinvolga la Regione, i sindacati medici e le Ausl con l&#8217;<strong>obiettivo di semplificare la burocrazia<\/strong> delle attivit\u00e0 correlate alla cura ed assistenza.<\/p>\n<p><a href=\"https:\/\/notizie.regione.emilia-romagna.it\/comunicati\/2022\/luglio\/sanita-piu-flessibilita-piu-risorse-impegno-a-semplificare-la-burocrazia-la-regione-emilia-romagna-e-le-organizzazioni-sindacali-dei-medici-di-medicina-generale-individuano-le-misure-per-superare-le-criticita-legate-all2019emergenza-sanitaria-donini\" target=\"_blank\" rel=\"noopener\">Regione Emilia Romagna &#8211; comunicato 16 luglio 2022<\/a><\/p>\n<hr \/>\n<p>Note correlate:<\/p>\n<p>Questo accordo va ad aggiungersi ad un <a href=\"https:\/\/salute.regione.emilia-romagna.it\/notizie\/regione\/2022\/luglio\/usca-raggiunto-l2019accordo-regione-organizzazioni-sindacali-oggi-la-sigla-del-verbale-di-intesa-tra-direzione-dell2019assessorato-alle-politiche-per-la-salute-e-fimmg-snami-e-smi\" target=\"_blank\" rel=\"noopener\">altro sottoscritto<\/a> dalla Regione stessa e dai sindacati per la cura e l&#8217;assistenza dei malati di Covid che non necessitano di ricovero ospedaliero e ai pazienti in isolamento fiduciario. <strong>Le USCA<\/strong> (unit\u00e0 di continuit\u00e0 assistenziale) verranno in tal modo di nuovo finanziate e non cesseranno la loro attivit\u00e0 che si \u00e8 rivelata cruciale durante la fasi pi\u00f9 drammatiche della pandemia.<\/p>\n<p>Con la fine dei decreti emergenziali validi sino al 30 giugno, e in mancanza di un provvedimento del governo,\u00a0<strong>fino al 31 dicembre 2022<\/strong>\u00a0con l\u2019intesa viene\u00a0<em>assicurata la presa in carico e il follow-up\u00a0<\/em>dei pazienti domiciliari, covid positivi o sospetti tali, che versano in condizioni clinico assistenziali di particolare complessit\u00e0 e con particolare riguardo all\u2019assistenza domiciliare nelle strutture residenziali per lo stesso profilo di assistiti. L\u2019attivazione dei medici impiegati in tali attivit\u00e0 avviene in stretta collaborazione con i MMG dei pazienti segnalati.<\/p>\n<p>&nbsp;<\/p>\n<p class=\"l-entry__title u-heading-01 u-mb-small\" data-amp=\"amp-title\"><a href=\"https:\/\/www.veneziatoday.it\/cronaca\/numero-massimo-assistiti-medici-di-base.html\" target=\"_blank\" rel=\"noopener\">Il Veneto alza a 1.800 il numero massimo di assistiti per i medici di base<\/a><\/p>\n<p data-amp=\"amp-title\"><a href=\"https:\/\/www.regione.piemonte.it\/web\/pinforma\/notizie\/fino-1800-assistiti-per-medici-famiglia\" target=\"_blank\" rel=\"noopener\">Piemonte.\u00a0<span class=\"field field--name-title field--type-string field--label-hidden\">Fino a 1.800 assistiti per i medici di famiglia<\/span><\/a><\/p>\n<p><a href=\"https:\/\/www.bergamonews.it\/2022\/04\/28\/si-alla-proposta-carnevali-sale-a-1000-il-numero-di-pazienti-assistiti-dai-medici-in-formazione\/512888\/\" target=\"_blank\" rel=\"noopener\">Lombardia. Sale a 1.000 il numero di assistiti per i medici in formazione<\/a><\/p>\n<p><a href=\"https:\/\/www.lanazione.it\/firenze\/cronaca\/mancano-170-medici-di-famiglia-i-tirocinanti-lavoreranno-di-piu-1.7507044\" target=\"_blank\" rel=\"noopener\">Toscana. Mmg fino a 1.800 assistiti, tirocinanti fino a 800 al primo anno, fino a 1.500 dal secondo anno<\/a><\/p>\n<p><a href=\"https:\/\/www.sardegnasalute.it\/index.php?xsl=313&amp;s=435649&amp;v=2&amp;c=3436\" target=\"_blank\" rel=\"noopener\">Asl di Oristano ha ottenuto dalla Regione la possibilit\u00e0 di aumentare da 1500 a 1800 il numero massimo dei pazienti assistibili da ciascun medico di medicina generale<\/a><\/p>\n<p><a href=\"https:\/\/www.fimmg.org\/index.php?action=pages&amp;m=view&amp;p=43&amp;art=5110\" target=\"_blank\" rel=\"noopener\">Fimmg.\u00a0Emergenza carenza medici di medicina generale<\/a><\/p>\n<p>&nbsp;<\/p>","protected":false},"excerpt":{"rendered":"<p>Sottoscritto un accordo annuale che prevede diverse misure temporanee ed eccezionali\u00a0 per consentire ai medici di famiglia di garantire il servizio nonostante le carenze di personale. Incarichi ai medici in formazione, massimali rivisti, maggiori risorse per il supporto infermieristico e amministrativo. Alleggerimento della burocrazia, maggiori risorse e aumento dei massimali dei pazienti in carico, spazio &hellip;<\/p>","protected":false},"author":1,"featured_media":66137,"comment_status":"closed","ping_status":"closed","sticky":false,"template":"","format":"standard","meta":{"footnotes":""},"categories":[1],"tags":[],"class_list":["post-66116","post","type-post","status-publish","format-standard","has-post-thumbnail","hentry","category-notizie"],"amp_enabled":true,"_links":{"self":[{"href":"https:\/\/www.fedaiisf.it\/en\/wp-json\/wp\/v2\/posts\/66116","targetHints":{"allow":["GET"]}}],"collection":[{"href":"https:\/\/www.fedaiisf.it\/en\/wp-json\/wp\/v2\/posts"}],"about":[{"href":"https:\/\/www.fedaiisf.it\/en\/wp-json\/wp\/v2\/types\/post"}],"author":[{"embeddable":true,"href":"https:\/\/www.fedaiisf.it\/en\/wp-json\/wp\/v2\/users\/1"}],"replies":[{"embeddable":true,"href":"https:\/\/www.fedaiisf.it\/en\/wp-json\/wp\/v2\/comments?post=66116"}],"version-history":[{"count":0,"href":"https:\/\/www.fedaiisf.it\/en\/wp-json\/wp\/v2\/posts\/66116\/revisions"}],"wp:featuredmedia":[{"embeddable":true,"href":"https:\/\/www.fedaiisf.it\/en\/wp-json\/wp\/v2\/media\/66137"}],"wp:attachment":[{"href":"https:\/\/www.fedaiisf.it\/en\/wp-json\/wp\/v2\/media?parent=66116"}],"wp:term":[{"taxonomy":"category","embeddable":true,"href":"https:\/\/www.fedaiisf.it\/en\/wp-json\/wp\/v2\/categories?post=66116"},{"taxonomy":"post_tag","embeddable":true,"href":"https:\/\/www.fedaiisf.it\/en\/wp-json\/wp\/v2\/tags?post=66116"}],"curies":[{"name":"wp","href":"https:\/\/api.w.org\/{rel}","templated":true}]}}