{"id":66210,"date":"2022-07-21T12:30:55","date_gmt":"2022-07-21T10:30:55","guid":{"rendered":"https:\/\/www.fedaiisf.it\/?p=66210"},"modified":"2022-07-21T12:30:55","modified_gmt":"2022-07-21T10:30:55","slug":"ue-propone-taglio-15-sui-consumi-gas-fino-a-primavera-a-rischio-la-produzione-farmaceutica","status":"publish","type":"post","link":"https:\/\/www.fedaiisf.it\/en\/ue-propone-taglio-15-sui-consumi-gas-fino-a-primavera-a-rischio-la-produzione-farmaceutica\/","title":{"rendered":"EU proposes 15% cut on gas consumption until spring. Pharmaceutical production at risk"},"content":{"rendered":"<p>La Commissione europea propone un novo &#8220;strumento legislativo&#8221;\u00a0assieme a un piano di tagli alla domanda <img loading=\"lazy\" decoding=\"async\" class=\"wp-image-66214 alignright\" src=\"https:\/\/www.fedaiisf.it\/wp-content\/uploads\/2022\/07\/gas-russia.jpeg\" alt=\"\" width=\"415\" height=\"234\" srcset=\"https:\/\/www.fedaiisf.it\/wp-content\/uploads\/2022\/07\/gas-russia.jpeg 800w, https:\/\/www.fedaiisf.it\/wp-content\/uploads\/2022\/07\/gas-russia-300x169.jpeg 300w, https:\/\/www.fedaiisf.it\/wp-content\/uploads\/2022\/07\/gas-russia-768x432.jpeg 768w, https:\/\/www.fedaiisf.it\/wp-content\/uploads\/2022\/07\/gas-russia-390x220.jpeg 390w\" sizes=\"auto, (max-width: 415px) 100vw, 415px\" \/>di gas in Europa, che prevede di\u00a0ridurre i consumi del 15% fino alla prossima primavera. Con un comunicato,\u00a0l&#8217;esecutivo comunitario afferma che &#8220;tutti i consumatori, le amministrazioni\u00a0pubbliche, le famiglie, i titolari di edifici pubblici, i fornitori di energia e le\u00a0industrie possono e devono intraprendere misure per risparmiare gas&#8221;.<\/p>\n<p>La\u00a0motivazione addotta \u00e8 che la Russia possa ridurre le forniture di gas per\u00a0esercitare pressioni sui Paesi Ue. L&#8217;esecutivo comunitario propone una\u00a0nova regolamentazione sul coordinamento della riduzione di domanda che\u00a0fissa per tutti i Paesi l&#8217;obiettivo di ridurla del 15% trail primo agosto e il 31\u00a0marzo. Le nuove regole assegnerebbero all&#8217;Ue la possibilit\u00e0 di dichiarare\u00a0uno stato di emergenza (Union Alert) sulla sicurezza degli\u00a0approvvigionamenti, rendendo i tagli obbligatori.<\/p>\n<p>La riduzione \u00e8\u00a0&#8220;su base volontaria rispetto alla media storica dei consumi a 5 anni&#8221;: se non sar\u00e0 sufficiente potrebbe arrivare &#8220;a comportare un obbligo&#8221; per i Paesi di ridurre questo livello di consumi, ha spiegato la Commissaria Ue all&#8217;Energia, Kadri Simson.<\/p>\n<p><a href=\"https:\/\/egualia.it\/it\/notizie\/5102-non-chiudete-i-rubinetti-del-gas-agli-stabilimenti-di-produzione-dei-medicinali.html\" target=\"_blank\" rel=\"noopener\">Egualia pubblica<\/a> l&#8217;appello di Medicines for Europe,\u00a0l\u2019associazione che rappresenta le aziende europee produttrici di farmaci generici, biosimilari, nel giorno della pubblicazione del piano della Commissione UE per gestire eventuali riduzioni delle forniture di gas dalla Russia<\/p>\n<p>\u00abDobbiamo applicare la stessa cooperazione creativa e costruttiva con le autorit\u00e0 sperimentata nel 2020 durante la pandemia di Covid-19 per mantenere la produzione di medicinali di fronte ai rischi dell&#8217;approvvigionamento energetico &#8211; si legge in un comunicato -. Molti dei farmaci pi\u00f9 critici (sterili, sostanze biologiche e antibiotici) richiedono riscaldamento e raffreddamento altamente specializzati per la loro produzione e consegna a ospedali e cliniche. <strong>Ci\u00f2 richiede una fornitura continua di energia: gas o elettricit\u00e0. La produzione di medicinali non pu\u00f2 essere semplicemente disattivata per alcuni giorni e riaccesa. Anche un arresto temporaneo della produzione richiederebbe uno sforzo enorme e molto tempo prima che il nostro settore riprendesse la produzione<\/strong> a causa di sfide tecniche relative al controllo della temperatura, all&#8217;igiene e al controllo delle impurit\u00e0 e alla conformit\u00e0 con i requisiti delle buone pratiche di fabbricazione (GMP)\u00bb.<\/p>\n<p>\u00ab<em>Le catene di approvvigionamento di produzione di medicinali stanno attualmente operando in condizioni di enorme stress a causa della guerra in Ucraina, delle interruzioni legate al Covid, dei colli di bottiglia della logistica e dell\u2019inflazione &#8211; conclude la nota -. Un\u2019interruzione della produzione legata all\u2019energia avrebbe effetti dannosi sulla fornitura<\/em> <em>di medicinali essenziali ai pazienti nell&#8217;UE e nel mondo, poich\u00e9 la nostra industria \u00e8 un fornitore globale di questi medicinali\u00bb<\/em>.<\/p>\n<p>Related news:\u00a0<a href=\"https:\/\/ec.europa.eu\/commission\/presscorner\/detail\/en\/STATEMENT_22_4626\" target=\"_blank\" rel=\"noopener\">Statement by President von der Leyen on the \u2018Save gas for a safe winter&#8217; Package<\/a><\/p>","protected":false},"excerpt":{"rendered":"<p>La Commissione europea propone un novo &#8220;strumento legislativo&#8221;\u00a0assieme a un piano di tagli alla domanda di gas in Europa, che prevede di\u00a0ridurre i consumi del 15% fino alla prossima primavera. Con un comunicato,\u00a0l&#8217;esecutivo comunitario afferma che &#8220;tutti i consumatori, le amministrazioni\u00a0pubbliche, le famiglie, i titolari di edifici pubblici, i fornitori di energia e le\u00a0industrie possono &hellip;<\/p>","protected":false},"author":4,"featured_media":58070,"comment_status":"closed","ping_status":"closed","sticky":false,"template":"","format":"standard","meta":{"footnotes":""},"categories":[1],"tags":[50],"class_list":["post-66210","post","type-post","status-publish","format-standard","has-post-thumbnail","hentry","category-notizie","tag-farmindustria"],"amp_enabled":true,"_links":{"self":[{"href":"https:\/\/www.fedaiisf.it\/en\/wp-json\/wp\/v2\/posts\/66210","targetHints":{"allow":["GET"]}}],"collection":[{"href":"https:\/\/www.fedaiisf.it\/en\/wp-json\/wp\/v2\/posts"}],"about":[{"href":"https:\/\/www.fedaiisf.it\/en\/wp-json\/wp\/v2\/types\/post"}],"author":[{"embeddable":true,"href":"https:\/\/www.fedaiisf.it\/en\/wp-json\/wp\/v2\/users\/4"}],"replies":[{"embeddable":true,"href":"https:\/\/www.fedaiisf.it\/en\/wp-json\/wp\/v2\/comments?post=66210"}],"version-history":[{"count":0,"href":"https:\/\/www.fedaiisf.it\/en\/wp-json\/wp\/v2\/posts\/66210\/revisions"}],"wp:featuredmedia":[{"embeddable":true,"href":"https:\/\/www.fedaiisf.it\/en\/wp-json\/wp\/v2\/media\/58070"}],"wp:attachment":[{"href":"https:\/\/www.fedaiisf.it\/en\/wp-json\/wp\/v2\/media?parent=66210"}],"wp:term":[{"taxonomy":"category","embeddable":true,"href":"https:\/\/www.fedaiisf.it\/en\/wp-json\/wp\/v2\/categories?post=66210"},{"taxonomy":"post_tag","embeddable":true,"href":"https:\/\/www.fedaiisf.it\/en\/wp-json\/wp\/v2\/tags?post=66210"}],"curies":[{"name":"wp","href":"https:\/\/api.w.org\/{rel}","templated":true}]}}