{"id":66412,"date":"2022-08-14T11:45:07","date_gmt":"2022-08-14T09:45:07","guid":{"rendered":"https:\/\/www.fedaiisf.it\/?p=66412"},"modified":"2022-08-14T11:48:02","modified_gmt":"2022-08-14T09:48:02","slug":"buone-vacanze-da-fedaiisf","status":"publish","type":"post","link":"https:\/\/www.fedaiisf.it\/en\/buone-vacanze-da-fedaiisf\/","title":{"rendered":"Happy Holidays from Fedaiisf"},"content":{"rendered":"<p style=\"font-weight: 400;\"><span style=\"font-family: 'comic sans ms', sans-serif; font-size: 18pt; color: #000000;\">The arrival of\u00a0<strong>vacation<\/strong>, especially those in summer, is one of <img loading=\"lazy\" decoding=\"async\" class=\"wp-image-66420 alignright\" src=\"https:\/\/www.fedaiisf.it\/wp-content\/uploads\/2022\/07\/valigia-borsa-vacanze.png\" alt=\"\" width=\"380\" height=\"284\" srcset=\"https:\/\/www.fedaiisf.it\/wp-content\/uploads\/2022\/07\/valigia-borsa-vacanze.png 741w, https:\/\/www.fedaiisf.it\/wp-content\/uploads\/2022\/07\/valigia-borsa-vacanze-300x224.png 300w\" sizes=\"auto, (max-width: 380px) 100vw, 380px\" \/>happiest and most anticipated moments of the year.<\/span><\/p>\n<p style=\"font-weight: 400;\"><span style=\"font-family: 'comic sans ms', sans-serif; font-size: 18pt; color: #000000;\">After a long time spent between the stress of our daily activities, the time comes in which we can dedicate ourselves exclusively to relaxation and possibly to fun.<\/span><\/p>\n<p style=\"font-weight: 400;\"><span style=\"font-family: 'comic sans ms', sans-serif; font-size: 18pt; color: #000000;\">May this summer take away your tiredness and worries. You also go on holiday with your mind.<\/span><\/p>\n<p style=\"font-weight: 400;\"><span style=\"font-family: 'comic sans ms', sans-serif; font-size: 18pt; color: #000000;\">A holiday is the lightness of time rediscovered, being with yourself again, seeing colors and landscapes and new people.<\/span><\/p>\n<p><span style=\"font-family: 'comic sans ms', sans-serif; font-size: 18pt; color: #000000;\">Happy holiday!<\/span><\/p>","protected":false},"excerpt":{"rendered":"<p>L\u2019arrivo delle\u00a0vacanze, in particolare di quelle estive, \u00e8 uno dei momenti pi\u00f9 felici e pi\u00f9 attesi dell\u2019anno. Dopo tanto tempo passato tra lo stress delle nostre attivit\u00e0 quotidiane arriva quindi il periodo in cui possiamo dedicarci esclusivamente al relax e possibilmente al divertimento. Possa questa estate portar via stanchezza e preoccupazioni. Si va in vacanza &hellip;<\/p>","protected":false},"author":4,"featured_media":66417,"comment_status":"closed","ping_status":"closed","sticky":false,"template":"","format":"standard","meta":{"footnotes":""},"categories":[1],"tags":[],"class_list":["post-66412","post","type-post","status-publish","format-standard","has-post-thumbnail","hentry","category-notizie"],"amp_enabled":true,"_links":{"self":[{"href":"https:\/\/www.fedaiisf.it\/en\/wp-json\/wp\/v2\/posts\/66412","targetHints":{"allow":["GET"]}}],"collection":[{"href":"https:\/\/www.fedaiisf.it\/en\/wp-json\/wp\/v2\/posts"}],"about":[{"href":"https:\/\/www.fedaiisf.it\/en\/wp-json\/wp\/v2\/types\/post"}],"author":[{"embeddable":true,"href":"https:\/\/www.fedaiisf.it\/en\/wp-json\/wp\/v2\/users\/4"}],"replies":[{"embeddable":true,"href":"https:\/\/www.fedaiisf.it\/en\/wp-json\/wp\/v2\/comments?post=66412"}],"version-history":[{"count":0,"href":"https:\/\/www.fedaiisf.it\/en\/wp-json\/wp\/v2\/posts\/66412\/revisions"}],"wp:featuredmedia":[{"embeddable":true,"href":"https:\/\/www.fedaiisf.it\/en\/wp-json\/wp\/v2\/media\/66417"}],"wp:attachment":[{"href":"https:\/\/www.fedaiisf.it\/en\/wp-json\/wp\/v2\/media?parent=66412"}],"wp:term":[{"taxonomy":"category","embeddable":true,"href":"https:\/\/www.fedaiisf.it\/en\/wp-json\/wp\/v2\/categories?post=66412"},{"taxonomy":"post_tag","embeddable":true,"href":"https:\/\/www.fedaiisf.it\/en\/wp-json\/wp\/v2\/tags?post=66412"}],"curies":[{"name":"wp","href":"https:\/\/api.w.org\/{rel}","templated":true}]}}