{"id":6651,"date":"2014-12-22T11:48:02","date_gmt":"2014-12-22T10:48:02","guid":{"rendered":"http:\/\/www.fedaiisf.it\/?p=6651"},"modified":"2014-12-22T11:48:02","modified_gmt":"2014-12-22T10:48:02","slug":"pordenone-blackout-farmaci-buttati-battaglia-legale","status":"publish","type":"post","link":"https:\/\/www.fedaiisf.it\/en\/pordenone-blackout-farmaci-buttati-battaglia-legale\/","title":{"rendered":"Pordenone. Blackout: drugs thrown away, legal battle"},"content":{"rendered":"<p><i>Nel 2011 danno da quasi un milione. Magazzino in citt\u00e0, l\u2019ospedale udinese resiste. Approder\u00e0 davanti al tribunale la vicenda dei farmaci deteriorati a causa del malfunzionamento di una cella frigorifera<\/i><\/p>\n<p><i>Of\u00a0<b>Donatella Schettini<\/b><\/i><i><\/i><\/p>\n<p><a href=\"http:\/\/messaggeroveneto.gelocal.it\/pordenone\/cronaca\/2014\/12\/22\/news\/farmaci-buttati-battaglia-legale-1.10540176\" target=\"_blank\" rel=\"noopener\">22 dicembre 2014 \u2013 Messaggero Veneto Pordenone<\/a><\/p>\n<p>PORDENONE. Fallito il tentativo di conciliazione, approder\u00e0 davanti al tribunale la vicenda dei farmaci deteriorati a causa del malfunzionamento di una cella frigorifera: una interruzione di energia elettrica che secondo il dipartimento dei servizi condivisi regionale ha causato un danno di un milione di euro.<\/p>\n<p><img loading=\"lazy\" decoding=\"async\" class=\"alignleft\" alt=\"\" src=\"http:\/\/www.lancora.eu\/sites\/default\/files\/u7682\/ideal-service-1402.jpg\" width=\"368\" height=\"245\" \/>Per tutelarsi ha affidato ad un legale l&#8217;approfondimento della vicenda anche al fine di porre in essere le azioni a difesa del dipartimento stesso.<\/p>\n<p>Il fatto era accaduto nella notte tra l&#8217;8 e il 9 settembre del 2011 nel magazzino dei farmaci forniti dal servizio sanitario regionale che ha sede all&#8217;interporto di Pordenone.<\/p>\n<p>La logistica della struttura era stata affidata nel 2008 alla associazione temporanea di impresa costituita da Aster coop di Udine, e Consorzio Nazionale Servizi Soc Coop di Bologna che poi avevano indicato come impresa esecutrice Idealservice Soc. Coop. di Pasian di Prato.<\/p>\n<p>Nella notte in questione c&#8217;era stato una improvvisa interruzione di energia elettrica: la temperatura delle celle frigorifere, dove erano conservate ingenti quantit\u00e0 di farmaci si era alzata sopra il limite prestabilito. Non avevano funzionato n\u00e8 il gruppo elettrogeno, che avrebbe consentito di riavviare le celle frigorifere, n\u00e8 la teleassistenza, che avrebbe segnalato il guasto consentendo di intervenire tempestivamente.<\/p>\n<p><img loading=\"lazy\" decoding=\"async\" class=\"alignright\" alt=\"\" src=\"http:\/\/img.medicalexpo.com\/images_me\/photo-g\/pharmacy-refrigerators-cabinet-69054-3579643.jpg\" width=\"360\" height=\"213\" \/>I farmaci vennero buttati e il danno quantificato dal dipartimento dei servizi condivisi \u00e8 stato di poco meno di un milione di euro, 985 mila 903 euro. Non appena accaduto il black out, il dipartimento aveva chiesto il risarcimento dei danno subiti all&#8217;associazione temporanea appaltatrice, ma si era aperta una controversia che, a tre anni di distanza, \u00e8 approdata in tribunale a Pordenone ma non si \u00e8 ancora conclusa.<\/p>\n<p>Alla domanda di risarcimento il mandatario, l&#8217;Aster coop soc nel novembre dello stesso anno aveva presentato un ricorso al tribunale di Pordenone nel quale si richiedeva di disporre un accertamento tecnico preventivo per la verifica di tutti gli aspetti tecnici della questione. Ora si prefigura la possibilit\u00e0 che uno dei soggetti coinvolti attivi una procedura giudiziale in sede civile.<\/p>\n<p>&nbsp;<\/p>\n<p>Related news: <a href=\"http:\/\/www.fedaiisf.it\/en\/fedaiisf-norme-per-conservazione-consegna-dei-campioni-medicinali\/\">Norme per gli ISF per la conservazione e il trasporto dei campioni medicinali.<\/a><\/p>","protected":false},"excerpt":{"rendered":"<p>Nel 2011 danno da quasi un milione. Magazzino in citt\u00e0, l\u2019ospedale udinese resiste. Approder\u00e0 davanti al tribunale la vicenda dei farmaci deteriorati a causa del malfunzionamento di una cella frigorifera di\u00a0Donatella Schettini 22 dicembre 2014 \u2013 Messaggero Veneto Pordenone PORDENONE. Fallito il tentativo di conciliazione, approder\u00e0 davanti al tribunale la vicenda dei farmaci deteriorati a &hellip;<\/p>","protected":false},"author":4,"featured_media":6656,"comment_status":"closed","ping_status":"closed","sticky":false,"template":"","format":"standard","meta":{"footnotes":""},"categories":[1],"tags":[41],"class_list":["post-6651","post","type-post","status-publish","format-standard","has-post-thumbnail","hentry","category-notizie","tag-leggisentenze"],"amp_enabled":true,"_links":{"self":[{"href":"https:\/\/www.fedaiisf.it\/en\/wp-json\/wp\/v2\/posts\/6651","targetHints":{"allow":["GET"]}}],"collection":[{"href":"https:\/\/www.fedaiisf.it\/en\/wp-json\/wp\/v2\/posts"}],"about":[{"href":"https:\/\/www.fedaiisf.it\/en\/wp-json\/wp\/v2\/types\/post"}],"author":[{"embeddable":true,"href":"https:\/\/www.fedaiisf.it\/en\/wp-json\/wp\/v2\/users\/4"}],"replies":[{"embeddable":true,"href":"https:\/\/www.fedaiisf.it\/en\/wp-json\/wp\/v2\/comments?post=6651"}],"version-history":[{"count":0,"href":"https:\/\/www.fedaiisf.it\/en\/wp-json\/wp\/v2\/posts\/6651\/revisions"}],"wp:featuredmedia":[{"embeddable":true,"href":"https:\/\/www.fedaiisf.it\/en\/wp-json\/wp\/v2\/media\/6656"}],"wp:attachment":[{"href":"https:\/\/www.fedaiisf.it\/en\/wp-json\/wp\/v2\/media?parent=6651"}],"wp:term":[{"taxonomy":"category","embeddable":true,"href":"https:\/\/www.fedaiisf.it\/en\/wp-json\/wp\/v2\/categories?post=6651"},{"taxonomy":"post_tag","embeddable":true,"href":"https:\/\/www.fedaiisf.it\/en\/wp-json\/wp\/v2\/tags?post=6651"}],"curies":[{"name":"wp","href":"https:\/\/api.w.org\/{rel}","templated":true}]}}