{"id":66606,"date":"2022-08-09T13:03:32","date_gmt":"2022-08-09T11:03:32","guid":{"rendered":"https:\/\/www.fedaiisf.it\/?p=66606"},"modified":"2022-08-21T11:53:22","modified_gmt":"2022-08-21T09:53:22","slug":"molise-albo-professionale-degli-informatori-scientifici-del-farmaco-presentata-proposta-di-legge","status":"publish","type":"post","link":"https:\/\/www.fedaiisf.it\/en\/molise-albo-professionale-degli-informatori-scientifici-del-farmaco-presentata-proposta-di-legge\/","title":{"rendered":"Molise. Professional register of drug sales representatives, bill presented"},"content":{"rendered":"<p style=\"font-weight: 400;\">Il Consigliere <strong>Andrea Di Lucente<\/strong> ha presentato una proposta di legge regionale -contraddistinta con il n. <img loading=\"lazy\" decoding=\"async\" class=\"wp-image-66611 alignright\" src=\"https:\/\/www.fedaiisf.it\/wp-content\/uploads\/2022\/08\/ANDREA-DI-LUCENTE-Molise-1024x580-1.jpeg\" alt=\"\" width=\"403\" height=\"228\" srcset=\"https:\/\/www.fedaiisf.it\/wp-content\/uploads\/2022\/08\/ANDREA-DI-LUCENTE-Molise-1024x580-1.jpeg 1024w, https:\/\/www.fedaiisf.it\/wp-content\/uploads\/2022\/08\/ANDREA-DI-LUCENTE-Molise-1024x580-1-300x170.jpeg 300w, https:\/\/www.fedaiisf.it\/wp-content\/uploads\/2022\/08\/ANDREA-DI-LUCENTE-Molise-1024x580-1-768x435.jpeg 768w, https:\/\/www.fedaiisf.it\/wp-content\/uploads\/2022\/08\/ANDREA-DI-LUCENTE-Molise-1024x580-1-390x220.jpeg 390w\" sizes=\"auto, (max-width: 403px) 100vw, 403px\" \/>194- concernente: \u201c<a href=\"https:\/\/consiglio.regione.molise.it\/sites\/consiglio.regione.molise.it\/files\/PDL%20N.%20196.pdf\" target=\"_blank\" rel=\"noopener\">Istituzione Albo professionale degli informatori scientifici del farmaco<\/a>\u201d.<\/p>\n<p style=\"font-weight: 400;\">La pdl mira a formare un elenco ufficiale degli informatori scientifici del farmaco presso la Regione Molise. \u201cCi\u00f2 -spiega il presentatore nella relazione di accompagnamento- affinch\u00e9 vi possa essere un sempre pi\u00f9 stretto legame tra il personale sanitario e gli informatori\u201d.<\/p>\n<p style=\"font-weight: 400;\">Fino ad oggi, infatti, questi professionisti, che hanno avuto una valorizzazione sempre maggiore negli anni e particolarmente nel periodo pandemico, non avevano un Albo ufficiale. La normativa nazionale, invero, prevede che ogni anno le aziende farmaceutiche debbano redigere degli elenchi ufficiali con i nominativi di coloro i quali, in loro rappresentanza, svolgono attivit\u00e0 di informatori del farmaco. Tali elenchi vanno inviati all\u2019AIFA, che li conserva.<\/p>\n<p style=\"font-weight: 400;\">Il testo presentato prevede anche la creazione di un Tavolo di lavoro permanente nel quale gli informatori possano essere ascoltati e, se necessario, consultati dalla Regione nell\u2019ambito delle scelte compiute per il Sistema sanitario.<\/p>\n<p style=\"font-weight: 400;\">La proposta di legge passa ora all\u2019esame della Commissione consiliare competente che, dopo l\u2019esame e l\u2019espressione del parere di competenza, la invier\u00e0 al Consiglio regionale per le determinazioni conclusive.<\/p>\n<p style=\"font-weight: 400;\">Campobasso, 9 agosto 2022<\/p>\n<p style=\"font-weight: 400;\"><a href=\"https:\/\/consiglio.regione.molise.it\/node\/7023\" target=\"_blank\" rel=\"noopener\"><span style=\"font-size: 10pt;\">a cura dell&#8217;Ufficio attivit\u00e0 istituzionali della Presidenza del Cosniglio e Comunicazione pubblica (MS)<\/span><\/a><\/p>\n<p><a href=\"https:\/\/consiglio.regione.molise.it\/sites\/consiglio.regione.molise.it\/files\/PDL%20N.%20196.pdf\" target=\"_blank\" rel=\"noopener\"><span style=\"font-size: 14pt;\"><strong>Proposta di Legge Regionale n- 196 &#8211; \u201cIstituzione Albo professionale degli Informatori Scientifici del farmaco.\u201d<\/strong><\/span><\/a><\/p>","protected":false},"excerpt":{"rendered":"<p>Il Consigliere Andrea Di Lucente ha presentato una proposta di legge regionale -contraddistinta con il n. 194- concernente: \u201cIstituzione Albo professionale degli informatori scientifici del farmaco\u201d. La pdl mira a formare un elenco ufficiale degli informatori scientifici del farmaco presso la Regione Molise. \u201cCi\u00f2 -spiega il presentatore nella relazione di accompagnamento- affinch\u00e9 vi possa essere &hellip;<\/p>","protected":false},"author":4,"featured_media":66613,"comment_status":"closed","ping_status":"closed","sticky":false,"template":"","format":"standard","meta":{"footnotes":""},"categories":[16],"tags":[21],"class_list":["post-66606","post","type-post","status-publish","format-standard","has-post-thumbnail","hentry","category-primo-piano","tag-informatori-scientifici"],"amp_enabled":true,"_links":{"self":[{"href":"https:\/\/www.fedaiisf.it\/en\/wp-json\/wp\/v2\/posts\/66606","targetHints":{"allow":["GET"]}}],"collection":[{"href":"https:\/\/www.fedaiisf.it\/en\/wp-json\/wp\/v2\/posts"}],"about":[{"href":"https:\/\/www.fedaiisf.it\/en\/wp-json\/wp\/v2\/types\/post"}],"author":[{"embeddable":true,"href":"https:\/\/www.fedaiisf.it\/en\/wp-json\/wp\/v2\/users\/4"}],"replies":[{"embeddable":true,"href":"https:\/\/www.fedaiisf.it\/en\/wp-json\/wp\/v2\/comments?post=66606"}],"version-history":[{"count":0,"href":"https:\/\/www.fedaiisf.it\/en\/wp-json\/wp\/v2\/posts\/66606\/revisions"}],"wp:featuredmedia":[{"embeddable":true,"href":"https:\/\/www.fedaiisf.it\/en\/wp-json\/wp\/v2\/media\/66613"}],"wp:attachment":[{"href":"https:\/\/www.fedaiisf.it\/en\/wp-json\/wp\/v2\/media?parent=66606"}],"wp:term":[{"taxonomy":"category","embeddable":true,"href":"https:\/\/www.fedaiisf.it\/en\/wp-json\/wp\/v2\/categories?post=66606"},{"taxonomy":"post_tag","embeddable":true,"href":"https:\/\/www.fedaiisf.it\/en\/wp-json\/wp\/v2\/tags?post=66606"}],"curies":[{"name":"wp","href":"https:\/\/api.w.org\/{rel}","templated":true}]}}