{"id":66630,"date":"2022-08-11T10:32:32","date_gmt":"2022-08-11T08:32:32","guid":{"rendered":"https:\/\/www.fedaiisf.it\/?p=66630"},"modified":"2022-08-11T10:49:56","modified_gmt":"2022-08-11T08:49:56","slug":"vaccini-moderna-a-settembre-il-vaccino-anti-covid-a-settembre-pfizer-biontech-piu-indietro","status":"publish","type":"post","link":"https:\/\/www.fedaiisf.it\/en\/vaccini-moderna-a-settembre-il-vaccino-anti-covid-a-settembre-pfizer-biontech-piu-indietro\/","title":{"rendered":"Vaccines. Moderna: the bivalent anti-Covid vaccine in September. Pfizer\/BioNTech further back"},"content":{"rendered":"<h2 class=\"single-post-title entry-title wpex-text-3xl\">Il calendario delle consegne dei vaccini e lo stato dell\u2019arte sui vaccini aggiornati<\/h2>\n<p><span style=\"font-size: 14pt;\"><em><img loading=\"lazy\" decoding=\"async\" class=\"wp-image-50806 alignright\" src=\"https:\/\/www.fedaiisf.it\/wp-content\/uploads\/2020\/06\/stella-Kyriakides-Comm.-Europea-salute-1024x683.jpg\" alt=\"\" width=\"366\" height=\"244\" srcset=\"https:\/\/www.fedaiisf.it\/wp-content\/uploads\/2020\/06\/stella-Kyriakides-Comm.-Europea-salute-1024x683.jpg 1024w, https:\/\/www.fedaiisf.it\/wp-content\/uploads\/2020\/06\/stella-Kyriakides-Comm.-Europea-salute-300x200.jpg 300w, https:\/\/www.fedaiisf.it\/wp-content\/uploads\/2020\/06\/stella-Kyriakides-Comm.-Europea-salute-768x512.jpg 768w, https:\/\/www.fedaiisf.it\/wp-content\/uploads\/2020\/06\/stella-Kyriakides-Comm.-Europea-salute-1536x1024.jpg 1536w, https:\/\/www.fedaiisf.it\/wp-content\/uploads\/2020\/06\/stella-Kyriakides-Comm.-Europea-salute-274x183.jpg 274w, https:\/\/www.fedaiisf.it\/wp-content\/uploads\/2020\/06\/stella-Kyriakides-Comm.-Europea-salute-80x54.jpg 80w, https:\/\/www.fedaiisf.it\/wp-content\/uploads\/2020\/06\/stella-Kyriakides-Comm.-Europea-salute-130x87.jpg 130w, https:\/\/www.fedaiisf.it\/wp-content\/uploads\/2020\/06\/stella-Kyriakides-Comm.-Europea-salute-359x240.jpg 359w, https:\/\/www.fedaiisf.it\/wp-content\/uploads\/2020\/06\/stella-Kyriakides-Comm.-Europea-salute-85x57.jpg 85w, https:\/\/www.fedaiisf.it\/wp-content\/uploads\/2020\/06\/stella-Kyriakides-Comm.-Europea-salute-546x365.jpg 546w, https:\/\/www.fedaiisf.it\/wp-content\/uploads\/2020\/06\/stella-Kyriakides-Comm.-Europea-salute-165x109.jpg 165w, https:\/\/www.fedaiisf.it\/wp-content\/uploads\/2020\/06\/stella-Kyriakides-Comm.-Europea-salute-112x75.jpg 112w, https:\/\/www.fedaiisf.it\/wp-content\/uploads\/2020\/06\/stella-Kyriakides-Comm.-Europea-salute-179x120.jpg 179w, https:\/\/www.fedaiisf.it\/wp-content\/uploads\/2020\/06\/stella-Kyriakides-Comm.-Europea-salute-170x113.jpg 170w, https:\/\/www.fedaiisf.it\/wp-content\/uploads\/2020\/06\/stella-Kyriakides-Comm.-Europea-salute-81x55.jpg 81w, https:\/\/www.fedaiisf.it\/wp-content\/uploads\/2020\/06\/stella-Kyriakides-Comm.-Europea-salute-765x510.jpg 765w, https:\/\/www.fedaiisf.it\/wp-content\/uploads\/2020\/06\/stella-Kyriakides-Comm.-Europea-salute.jpg 1620w\" sizes=\"auto, (max-width: 366px) 100vw, 366px\" \/>Sulle consegne dei vaccini anti Covid per il prossimo autunno l\u2019accordo tra la Commissione europea e Moderna c\u2019\u00e8. Ecco cosa prevede nel dettaglio e quali sono gli ultimi aggiornamenti sui vaccini adattati a Omicron<\/em><\/span><\/p>\n<p><a href=\"https:\/\/www.startmag.it\/sanita\/il-calendario-delle-consegne-dei-vaccini-e-lo-stato-dellarte-sui-vaccini-aggiornati\/\" target=\"_blank\" rel=\"noopener\">Start Magazine &#8211; 11 agosto 2022<\/a><\/p>\n<p>La Commissione europea e la casa farmaceutica statunitense Moderna hanno trovato l\u2019accordo per riprogrammare le consegne dei vaccini a settembre e nel periodo autunnale. \u00c8 stato infatti necessario apportare modifiche al precedente calendario.<\/p>\n<p><span style=\"font-size: 14pt;\">L\u2019ACCORDO<\/span><\/p>\n<p>L&#039;<a href=\"https:\/\/italy.representation.ec.europa.eu\/notizie-ed-eventi\/notizie\/vaccini-anti-covid-19-la-commissione-e-moderna-adeguano-i-termini-di-consegna-la-fine-dellestate-e-2022-08-09_it\" target=\"_blank\" rel=\"noopener\">agreement<\/a> tra la Commissione Ue e Moderna ha stabilito che le dosi originariamente previste per l\u2019estate verranno ora consegnate a settembre e durante il periodo autunnale e invernale del 2022, quando i Paesi ne avranno maggiore bisogno per le campagne vaccinali.<\/p>\n<p>Per il commissario alla Salute, Stella Kyriakides, \u201cl\u2019aumento della vaccinazione contro il Covid-19 e i tassi di richiamo saranno essenziali e per garantire al meglio la nostra preparazione comune, gli Stati membri devono disporre degli strumenti necessari\u201d. \u201cL\u2019accordo \u2013 ha aggiunto \u2013 garantir\u00e0 che gli Stati membri abbiano accesso alle dosi di vaccini delle quali hanno bisogno in tempo utile per proteggere i cittadini\u201d.<\/p>\n<p><span style=\"font-size: 14pt;\">I VACCINI ADATTATI A OMICRON<\/span><\/p>\n<p>L\u2019intesa garantisce inoltre agli Stati Ue 15 milioni di richiami supplementari adattati alla variante Omicron, previa autorizzazione all\u2019immissione in commercio da parte dell\u2019Agenzia europea per i medicinali (Ema) e della Commissione Ue.<\/p>\n<p>\u201cL\u2019accordo \u2013 ha spiegato la Commissione Ue \u2013 garantisce che, se uno o pi\u00f9 vaccini adattati ricevono l\u2019autorizzazione all\u2019immissione in commercio, gli Stati membri possano scegliere di ricevere i vaccini adattati nell\u2019ambito del contratto attuale\u201d.<\/p>\n<p><span style=\"font-size: 14pt;\">LO STATO DELL\u2019ARTE SUI VACCINI AGGIORNATI<\/span><\/p>\n<p>From <a href=\"https:\/\/www.startmag.it\/sanita\/a-che-punto-siamo-con-il-vaccino-anti-omicron\/\" target=\"_blank\" rel=\"noopener\">mesi<\/a> le case farmaceutiche, Pfizer\/BioNTech e Moderna in particolare, corrono per aggiornare i loro vaccini che di fronte a Omicron hanno perso in parte la loro efficacia. L\u2019Ema, secondo quanto riferito dal suo responsabile della strategia per i vaccini, Marco Cavaleri, <a href=\"https:\/\/www.repubblica.it\/cronaca\/2022\/07\/07\/news\/ema_nuovi_vaccini_omicron_cavaleri_via_libera_quarta_dose_over_60-356957668\/\" target=\"_blank\" rel=\"noopener\">prevede<\/a> di dare il via libera ai vaccini aggiornati a settembre.<\/p>\n<p><img loading=\"lazy\" decoding=\"async\" class=\"wp-image-55534 alignleft\" src=\"https:\/\/www.fedaiisf.it\/wp-content\/uploads\/2021\/01\/Vaccino-Moderna-Covid-confezione.jpg\" alt=\"\" width=\"339\" height=\"226\" srcset=\"https:\/\/www.fedaiisf.it\/wp-content\/uploads\/2021\/01\/Vaccino-Moderna-Covid-confezione.jpg 700w, https:\/\/www.fedaiisf.it\/wp-content\/uploads\/2021\/01\/Vaccino-Moderna-Covid-confezione-300x200.jpg 300w\" sizes=\"auto, (max-width: 339px) 100vw, 339px\" \/>Moderna ha sottoposto all\u2019Agenzia europea un vaccino bivalente creato con all\u2019interno il ceppo originario del virus (<em>wild-type<\/em>, gi\u00e0 usato per gli attuali vaccini) e Omicron 1, ma sta lavorando anche a un secondo candidato basato sui ceppi di Omicron 4 e 5.<\/p>\n<p>Pfizer e BioNTech, invece, stanno mettendo a punto tre vaccini aggiornati: due simili a quelli di Moderna e un altro creato solo con Omicron 1. Quello pensato per Omicron 4 e 5 sembra per\u00f2 ancora un miraggio, infatti non \u00e8 nemmeno iniziata la sperimentazione e le due aziende hanno annunciato che daranno il via ai test clinici questo mese con l\u2019obiettivo di distribuirli non prima di ottobre.<\/p>\n<p>La corsa delle case farmaceutiche, tuttavia, si scontra con la realt\u00e0 del virus che \u00e8 molto pi\u00f9 veloce e mutevole e quindi ci si continua a chiedere se abbia senso rincorrerlo perch\u00e9 come ha detto Cavaleri: \u201cNon siamo ovviamente in grado di sapere quale variante circoler\u00e0 in Europa in autunno\u201d.<\/p>\n<p><span style=\"font-size: 14pt;\">I RISULTATI DI MODERNA<\/span><\/p>\n<p>Moderna \u00e8 sicuramente pi\u00f9 avanti di Pfizer\/BioNTech e, infatti, l\u2019<a href=\"https:\/\/investors.modernatx.com\/news\/news-details\/2022\/Modernas-Omicron-Containing-Bivalent-Booster-Candidate-mRNA-1273.214-Demonstrates-Significantly-Higher-Neutralizing-Antibody-Response-Against-Omicron-Subvariants-BA.45-Compared-To-Currently-Authorized-Booster\/default.aspx\" target=\"_blank\" rel=\"noopener\">July 11th<\/a> ha annunciato che il suo vaccino bivalente \u201cha suscitato risposte anticorpali neutralizzanti significativamente pi\u00f9 elevate contro le sottovarianti BA.4 e BA.5 di Omicron rispetto al richiamo attualmente autorizzato\u201d.<\/p>\n<p>La \u201csuperiore ampiezza e durata della risposta immunitaria dopo un richiamo bivalente \u00e8 stata dimostrata in molteplici studi di Fase 2\/3 che hanno coinvolto migliaia di partecipanti\u201d, ha specificato Stephane Bancel, Ceo di Moderna.<\/p>\n<p>Related news.\u00a0<a href=\"https:\/\/www.ema.europa.eu\/en\/human-regulatory\/overview\/public-health-threats\/coronavirus-disease-covid-19\/treatments-vaccines\/vaccines-covid-19\/covid-19-vaccines-studies-approval\" target=\"_blank\" rel=\"noopener\">COVID-19 vaccines: studies for approval<\/a><\/p>\n<p style=\"font-weight: 400;\"><a href=\"https:\/\/investors.modernatx.com\/news\/news-details\/2022\/Moderna-And-the-European-Commission-EC-Amend-Covid-19-Vaccine-Agreement-to-Supply-Omicron-Containing-Bivalent-Candidates-EC-Purchases-Additional-15-million-Doses\/default.aspx\" target=\"_blank\" rel=\"noopener\">Moderna and the European Commission (EC) amend covid-19 vaccine agreement to supply omicron-containing bivalent candidates; EC purchases additional 15 million doses<\/a><\/p>\n<p>&nbsp;<\/p>","protected":false},"excerpt":{"rendered":"<p>Il calendario delle consegne dei vaccini e lo stato dell\u2019arte sui vaccini aggiornati Sulle consegne dei vaccini anti Covid per il prossimo autunno l\u2019accordo tra la Commissione europea e Moderna c\u2019\u00e8. Ecco cosa prevede nel dettaglio e quali sono gli ultimi aggiornamenti sui vaccini adattati a Omicron Start Magazine &#8211; 11 agosto 2022 La Commissione &hellip;<\/p>","protected":false},"author":4,"featured_media":66635,"comment_status":"closed","ping_status":"closed","sticky":false,"template":"","format":"standard","meta":{"footnotes":""},"categories":[1],"tags":[39],"class_list":["post-66630","post","type-post","status-publish","format-standard","has-post-thumbnail","hentry","category-notizie","tag-vaccini"],"amp_enabled":true,"_links":{"self":[{"href":"https:\/\/www.fedaiisf.it\/en\/wp-json\/wp\/v2\/posts\/66630","targetHints":{"allow":["GET"]}}],"collection":[{"href":"https:\/\/www.fedaiisf.it\/en\/wp-json\/wp\/v2\/posts"}],"about":[{"href":"https:\/\/www.fedaiisf.it\/en\/wp-json\/wp\/v2\/types\/post"}],"author":[{"embeddable":true,"href":"https:\/\/www.fedaiisf.it\/en\/wp-json\/wp\/v2\/users\/4"}],"replies":[{"embeddable":true,"href":"https:\/\/www.fedaiisf.it\/en\/wp-json\/wp\/v2\/comments?post=66630"}],"version-history":[{"count":0,"href":"https:\/\/www.fedaiisf.it\/en\/wp-json\/wp\/v2\/posts\/66630\/revisions"}],"wp:featuredmedia":[{"embeddable":true,"href":"https:\/\/www.fedaiisf.it\/en\/wp-json\/wp\/v2\/media\/66635"}],"wp:attachment":[{"href":"https:\/\/www.fedaiisf.it\/en\/wp-json\/wp\/v2\/media?parent=66630"}],"wp:term":[{"taxonomy":"category","embeddable":true,"href":"https:\/\/www.fedaiisf.it\/en\/wp-json\/wp\/v2\/categories?post=66630"},{"taxonomy":"post_tag","embeddable":true,"href":"https:\/\/www.fedaiisf.it\/en\/wp-json\/wp\/v2\/tags?post=66630"}],"curies":[{"name":"wp","href":"https:\/\/api.w.org\/{rel}","templated":true}]}}