{"id":66933,"date":"2022-08-29T13:27:40","date_gmt":"2022-08-29T11:27:40","guid":{"rendered":"https:\/\/www.fedaiisf.it\/?p=66933"},"modified":"2022-09-02T18:25:03","modified_gmt":"2022-09-02T16:25:03","slug":"landini-tassare-gli-extraprofitti-non-solo-delle-aziende-energetiche-ma-anche-di-banche-e-aziende-farmaceutiche","status":"publish","type":"post","link":"https:\/\/www.fedaiisf.it\/en\/landini-tassare-gli-extraprofitti-non-solo-delle-aziende-energetiche-ma-anche-di-banche-e-aziende-farmaceutiche\/","title":{"rendered":"Landini. Tax the extra profits not only of energy companies, but also of banks and pharmaceutical companies"},"content":{"rendered":"<h2>Landini: \u00abLa dignit\u00e0 dei lavoratori viene prima dei profitti\u00bb<\/h2>\n<p><a href=\"https:\/\/www.collettiva.it\/copertine\/lavoro\/2022\/08\/28\/news\/landini_la_dignita_dei_lavoratori_viene_prima_dei_profitti_-2313847\/\" target=\"_blank\" rel=\"noopener\">Collettiva &#8211; 28 agosto 2022<\/a><\/p>\n<p><img loading=\"lazy\" decoding=\"async\" class=\"wp-image-66943 alignright\" src=\"https:\/\/www.fedaiisf.it\/wp-content\/uploads\/2022\/08\/landini-cgil-1024x538.jpeg\" alt=\"\" width=\"381\" height=\"200\" srcset=\"https:\/\/www.fedaiisf.it\/wp-content\/uploads\/2022\/08\/landini-cgil-1024x538.jpeg 1024w, https:\/\/www.fedaiisf.it\/wp-content\/uploads\/2022\/08\/landini-cgil-300x158.jpeg 300w, https:\/\/www.fedaiisf.it\/wp-content\/uploads\/2022\/08\/landini-cgil-768x403.jpeg 768w, https:\/\/www.fedaiisf.it\/wp-content\/uploads\/2022\/08\/landini-cgil.jpeg 1200w\" sizes=\"auto, (max-width: 381px) 100vw, 381px\" \/>In un&#8217;intervista al quotidiano La Repubblica, il segretario generale della Cgil chiede misure straordinarie per redistribuire risorse a chi non riesce ad arrivare a fine mese. &#8220;Siamo dentro una pandemia energetica e salariale abbiamo bisogno di risposte, il premier Draghi convochi le parti sociali&#8221;<\/p>\n<p>&#8220;Siamo dentro una pandemia energetica e salariale, sono molto preoccupato che a un certo punto la situazione scappi di mano, con il gas razionato, <strong>i lavoratori in Cig a met\u00e0 stipendio e le bollette raddoppiate<\/strong>&#8220;. In un&#8217;intervista al quotidiano <em>The Republic<\/em>, il segretario generale della Cgil Maurizio Landini, parla di &#8220;tempesta perfetta&#8221;\u00a0e chiede &#8220;subito un nuovo intervento per famiglie e imprese da finanziare <strong>ridistribuendo tutti gli extraprofitti, non solo quelli delle aziende energetiche, ma ad esempio anche quelli di banche e farmaceutici, mai cos\u00ec alti da 10-12 anni<\/strong>&#8220;.<\/p>\n<p>Per il numero uno della Cgil &#8220;tutti insieme <strong>dobbiamo evitare il rischio di avere nei prossimi mesi imprese che cessano, chiudono e licenziano<\/strong>&#8220;. E rilancia la proposta di tassare gli extraprofitti delle grandi aziende: &#8220;Chi fa extraprofitti &#8211; e li fa perch\u00e9 chi lavora ha pagato bollette esorbitanti per la speculazione oppure perch\u00e9 ha guadagnato moltissimo con la pandemia &#8211; ha una responsabilit\u00e0 sociale. Non stiamo parlando di un intervento strutturale, ma di redistribuire l&#8217;extra &#8211; non gli utili ordinari, ma l&#8217;extra &#8211; a lavoratori, pensionati e imprese che rischiano di saltare. Singolare poi che soggetti, alcuni dei quali a controllo pubblico, possano dire che la tassa \u00e8 incostituzionale. \u00c8 costituzionale impedire alle persone di arrivare alla fine del mese?&#8221;.<\/p>\n<p><img loading=\"lazy\" decoding=\"async\" class=\"wp-image-66944 alignleft\" src=\"https:\/\/www.fedaiisf.it\/wp-content\/uploads\/2022\/08\/gas.jpeg\" alt=\"\" width=\"337\" height=\"185\" srcset=\"https:\/\/www.fedaiisf.it\/wp-content\/uploads\/2022\/08\/gas.jpeg 620w, https:\/\/www.fedaiisf.it\/wp-content\/uploads\/2022\/08\/gas-300x165.jpeg 300w\" sizes=\"auto, (max-width: 337px) 100vw, 337px\" \/>Conti alla mano, prosegue Landini, &#8220;se il governo dice che gli extraprofitti delle sole aziende energetiche valgono 42 miliardi e con il 25% &#8211; circa 10,5 miliardi &#8211; ci ha coperto i 200 euro per i redditi fino a 35 mila euro lordi, con il 100% potrebbe distribuire altri 600 euro per mangiare e vivere nei prossimi mesi quando la situazione precipiter\u00e0. <strong>La dignit\u00e0 viene prima dei profitti e degli extraprofitti.<\/strong> Non si capisce per quale motivo non si possano toccare&#8221;.<\/p>\n<p>&#8220;Gi\u00e0 da maggio &#8211; ricorda Landini &#8211; i sindacati avevano chiesto al governo di aprire un tavolo straordinario sulle politiche energetiche. <strong>Siamo di fronte a un passaggio epocale che riguarda il futuro della nostra manifattura<\/strong>. Abbiamo bisogno di uscire dalle fonti fossili, eppure ci sono decine e decine di imprese pronte a investire sulle rinnovabili con le pratiche bloccate. Non si pu\u00f2\u00a0\u00a0dire che tutto sta cambiando e poi non cambia nulla. Anzi con il rischio di tornare indietro&#8221;.<\/p>\n<hr \/>\n<p>Ed<\/p>\n<p>Oltre alla normale tassazione che grava su tutte le imprese e sul lavoro, r<em>icordiamo che le\u00a0aziende farmaceutiche\u00a0sono costrette per legge a versare un contributo pari al 5% dell\u2019ammontare complessivo della spesa sostenuta nell\u2019anno precedente per le attivita\u0300 di promozione al netto delle spese per il personale addetto ed autocertificata dalle stesse aziende. Sono maturati nel 2021 a tale titolo euro 21.302.778<\/em><\/p>\n<p><em style=\"font-weight: 400;\">C\u2019\u00e8 anche la cosddetta \u201cannual fee\u201d dovuta dalle\u00a0<strong><u>pharmaceutical companies<\/u><\/strong>\u00a0per ciascuna autorizzazione all\u2019immissione in commercio (AIC), cio\u00e8 ogni azienda farmaceutica deve versare ad AIFA 1.000 euro all\u2019anno per ogni farmaco che ha in commercio. Risulta pari ad euro 8.470.852,\u00a0<\/em><i>sempre a bilancio AIFA nel 2021<\/i><\/p>\n<p style=\"font-weight: 400;\"><em><img loading=\"lazy\" decoding=\"async\" class=\"wp-image-18408 alignleft\" src=\"https:\/\/www.fedaiisf.it\/wp-content\/uploads\/2015\/04\/tassa.jpg\" alt=\"\" width=\"320\" height=\"142\" srcset=\"https:\/\/www.fedaiisf.it\/wp-content\/uploads\/2015\/04\/tassa.jpg 890w, https:\/\/www.fedaiisf.it\/wp-content\/uploads\/2015\/04\/tassa-300x133.jpg 300w, https:\/\/www.fedaiisf.it\/wp-content\/uploads\/2015\/04\/tassa-768x341.jpg 768w\" sizes=\"auto, (max-width: 320px) 100vw, 320px\" \/>Ci sono poi i contributi relativi alla maggiorazione del 20% delle tariffe dovute dalle\u00a0<strong><u>pharmaceutical companies<\/u><\/strong>\u00a0per le domande di autorizzazione o modifica all\u2019immissione in commercio di specialita\u0300 medicinali e per le altre attivita\u0300 regolatorie di competenza dell\u2019Agenzia. Ammontano a euro 12.058.280<\/em><\/p>\n<p style=\"font-weight: 400;\"><em>Ci sono inoltre le autorizzazioni di convegni e congressi che si riferiscono alle risorse derivanti all&#8217;AIFA dal versamento effettuato delle\u00a0<strong><u>pharmaceutical companies<\/u><\/strong>\u00a0a titolo di tariffa per il rilascio delle autorizzazioni ad effettuare convegni e congressi. E\u0300 pari ad euro 3.300.319. Pi\u00f9 rimborso spese di euro 1.249.387.<\/em><\/p>\n<p style=\"font-weight: 400;\"><em>Le erogazioni dell\u2019industria farmaceutica per\u00f2 non si fermano qui. AIFA provvede ad incassare il cosiddetto payback che poi distribuisce alle regioni. Per l\u2019anno 2020 \u00e8 stato di\u00a0euro 1.395.816.315,70. Per payback s\u2019intende la cifra che le aziende devono versare per ripianare il 50% del disavanzo della spesa farmaceutica per acquisti diretti o per conto da parte delle regioni. Tale cifra \u00e8 dovuta allo\u00a0sfondamento del tetto programmato del 6,89% per tale spesa, appositamente sottostimato. \u00c8 gi\u00e0 questa una tassa sull&#8217;extraprofitto?<\/em><\/p>\n<p><em>Con questo non vogliamo certo prendere le parti delle aziende farmaceutiche, che non sono OnLus, e che sanno benissimo come farlo. Ma obiettivamente ci sembrano gi\u00e0 gravate da fin troppi balzelli.<\/em><\/p>\n<p style=\"font-weight: 400;\"><img loading=\"lazy\" decoding=\"async\" class=\"wp-image-65893 alignright\" src=\"https:\/\/www.fedaiisf.it\/wp-content\/uploads\/2022\/07\/Narcello-Cattani.png\" alt=\"\" width=\"173\" height=\"238\" srcset=\"https:\/\/www.fedaiisf.it\/wp-content\/uploads\/2022\/07\/Narcello-Cattani.png 357w, https:\/\/www.fedaiisf.it\/wp-content\/uploads\/2022\/07\/Narcello-Cattani-218x300.png 218w\" sizes=\"auto, (max-width: 173px) 100vw, 173px\" \/>Il presidente di Farmindustria, Marcello Cattani, all&#8217;<a href=\"https:\/\/www.lasicilia.it\/ultimiaggiornamenti\/news\/farmaci-farmindustria-per-crisi-energia-rischio-carenza-e-sopravvivenza-aziende--1813295\/\" target=\"_blank\" rel=\"noopener\">Adnkronos Salute<\/a>, descrive il mix di criticit\u00e0 che il settore sta scontando: dai costi dell&#8217;energia aumentati del 600% alle materie prime.<\/p>\n<p style=\"font-weight: 400;\">&#8220;Non possiamo riversare gli aumenti a valle, ovvero sul consumatore, dato che in larga parte i prezzi sono concordati con Aifa e regolamentati. Questa crisi energetica determina effetti indiretti aggiuntivi per le aziende farmaceutiche, con incrementi di tutti i fattori della produzione, materiali, imballaggi, manutenzioni, fiale, packaging che \u00e8 fatto di materiale cartaceo, che mediamente sono cresciuti solo nel primo semestre 2022 del 40% rispetto all&#8217;anno scorso&#8221;.<\/p>\n<p style=\"font-weight: 400;\">A fianco all&#8217;incremento dei costi, &#8220;vi \u00e8 anche un problema di carenza di materia prima, teniamo presente che l&#8217;85% degli ingredienti che arrivano in Europa per produrre medicinali arrivano da Cina e India&#8221;.<\/p>\n<p style=\"font-weight: 400;\">Una situazione di grande rischio per le aziende produttrici, che rischiano di non poter pi\u00f9 mantenere la loro operativit\u00e0.<\/p>\n<p style=\"font-weight: 400;\">A questo incremento dei costi, a fronte di un&#8217;inflazione che a luglio ha toccato l&#8217;8%, i prezzi al consumo dei farmaci con prescrizione sono scesi dell&#8217;1%, effetto di scadenze di brevetto o rinegoziazioni con Aifa.<\/p>\n<p style=\"font-weight: 400;\">Dunque &#8220;no alla revisione dei prontuari, anzi \u2013 ammonisce \u2013 bisogna dare pi\u00f9 risorse alla salute, alla spesa in farmaci, in primis ospedaliera, anche per andare a risolvere il problema del payback&#8221;, che grava ulteriormente sulle imprese.<\/p>\n<p>Related news:\u00a0<a href=\"https:\/\/www.repubblica.it\/economia\/2022\/08\/28\/news\/landini_emergenza_gas_extraprofitti-363184668\/\" target=\"_blank\" rel=\"noopener\">Maurizio Landini (Cgil): \u201cPrendiamo i profitti extra di tutte le imprese. Solo cos\u00ec il Paese si salva\u201d<\/a><\/p>\n<p><a href=\"https:\/\/www.lasicilia.it\/ultimiaggiornamenti\/news\/farmaci-farmindustria-per-crisi-energia-rischio-carenza-e-sopravvivenza-aziende--1813295\/\" target=\"_blank\" rel=\"noopener\"><strong>Farmaci: Farmindustria, &#8216;per crisi energia rischio carenza e sopravvivenza aziende&#8217;<\/strong><\/a><\/p>\n<p><a href=\"https:\/\/www.affaritaliani.it\/economia\/dompe-a-rischio-la-produzione-di-alcuni-farmaci-per-il-caro-energia-813167.html\" target=\"_blank\" rel=\"noopener\">Domp\u00e9: &#8220;A rischio la produzione di alcuni farmaci per il caro energia&#8221;<\/a><\/p>\n<p><a href=\"https:\/\/www.ipsoa.it\/documents\/quotidiano\/2022\/08\/30\/variazione-iva-pay-back-farmaceutico\" target=\"_blank\" rel=\"noopener\">Variazione IVA in caso di pay-back farmaceutico<\/a><\/p>\n<p>&nbsp;<\/p>","protected":false},"excerpt":{"rendered":"<p>Landini: \u00abLa dignit\u00e0 dei lavoratori viene prima dei profitti\u00bb Collettiva &#8211; 28 agosto 2022 In un&#8217;intervista al quotidiano La Repubblica, il segretario generale della Cgil chiede misure straordinarie per redistribuire risorse a chi non riesce ad arrivare a fine mese. &#8220;Siamo dentro una pandemia energetica e salariale abbiamo bisogno di risposte, il premier Draghi convochi &hellip;<\/p>","protected":false},"author":4,"featured_media":66945,"comment_status":"closed","ping_status":"closed","sticky":false,"template":"","format":"standard","meta":{"footnotes":""},"categories":[48,16],"tags":[50,26],"class_list":["post-66933","post","type-post","status-publish","format-standard","has-post-thumbnail","hentry","category-note-di-redazione","category-primo-piano","tag-farmindustria","tag-spesa-farmaceutica"],"amp_enabled":true,"_links":{"self":[{"href":"https:\/\/www.fedaiisf.it\/en\/wp-json\/wp\/v2\/posts\/66933","targetHints":{"allow":["GET"]}}],"collection":[{"href":"https:\/\/www.fedaiisf.it\/en\/wp-json\/wp\/v2\/posts"}],"about":[{"href":"https:\/\/www.fedaiisf.it\/en\/wp-json\/wp\/v2\/types\/post"}],"author":[{"embeddable":true,"href":"https:\/\/www.fedaiisf.it\/en\/wp-json\/wp\/v2\/users\/4"}],"replies":[{"embeddable":true,"href":"https:\/\/www.fedaiisf.it\/en\/wp-json\/wp\/v2\/comments?post=66933"}],"version-history":[{"count":0,"href":"https:\/\/www.fedaiisf.it\/en\/wp-json\/wp\/v2\/posts\/66933\/revisions"}],"wp:featuredmedia":[{"embeddable":true,"href":"https:\/\/www.fedaiisf.it\/en\/wp-json\/wp\/v2\/media\/66945"}],"wp:attachment":[{"href":"https:\/\/www.fedaiisf.it\/en\/wp-json\/wp\/v2\/media?parent=66933"}],"wp:term":[{"taxonomy":"category","embeddable":true,"href":"https:\/\/www.fedaiisf.it\/en\/wp-json\/wp\/v2\/categories?post=66933"},{"taxonomy":"post_tag","embeddable":true,"href":"https:\/\/www.fedaiisf.it\/en\/wp-json\/wp\/v2\/tags?post=66933"}],"curies":[{"name":"wp","href":"https:\/\/api.w.org\/{rel}","templated":true}]}}