{"id":66951,"date":"2022-08-30T15:35:29","date_gmt":"2022-08-30T13:35:29","guid":{"rendered":"https:\/\/www.fedaiisf.it\/?p=66951"},"modified":"2022-08-31T13:11:10","modified_gmt":"2022-08-31T11:11:10","slug":"rsa-e-cura-degli-anziani-e-crisi","status":"publish","type":"post","link":"https:\/\/www.fedaiisf.it\/en\/rsa-e-cura-degli-anziani-e-crisi\/","title":{"rendered":"RSA and care of the elderly. Is it crisis?"},"content":{"rendered":"<p>Durante il periodo di Ferragosto, i carabinieri del Nas, d\u2019intesa con il ministero della Salute, hanno\u00a0<strong>controllato 351 strutture \u2013 tra Rsa, case di riposo, comunit\u00e0 alloggio e case famiglia<\/strong>\u00a0in tutta Italia, dalla Valle D\u2019Aosta fino alla Calabria, individuandone<strong>\u00a070 irregolari, pari al 20% degli obiettivi controllati, contestando 127 sanzioni penali e amministrative, per oltre 40 mila euro.<\/strong><\/p>\n<p>Tra le violazioni pi\u00f9 ricorrenti sono state rilevate carenze strutturali ed organizzative come la presenza di un<strong> numero di anziani superiore<\/strong> rispetto alla capienza massima autorizzata<sup>1<\/sup>, spesso collocati in ambienti eccessivamente ristretti e situazioni di minore assistenza delle persone ospitate, riconducibili a un <strong>numero ridotto di operatori<\/strong> per turno di servizio, in alcuni casi privi di adeguata qualifica e professionalit\u00e0.<\/p>\n<p>Lasciando da parte i casi particolari, gli incidenti, le manchevolezze storiche (senza offesa per nessuno) che si manifestano in qua e in l\u00e0 lungo lo stivale, sembra venire allo scoperto una situazione di grave sofferenza di tutto il settore che dovrebbe garantire la cura degli anziani.<\/p>\n<p>Parliamo di un settore gi\u00e0 duramente e drammaticamente colpito dalla pandemia che finora ha resistito ma ora deve fare i conti con l&#8217;aumento dei costi e le bollette energetiche.<\/p>\n<p><strong>Il Presidente di UNEBA Lombardia Luca Degani<\/strong>: &#8220;<em>Di fronte al <a href=\"https:\/\/www.fedaiisf.it\/wp-content\/uploads\/2022\/08\/UNEBA.jpg\"><img loading=\"lazy\" decoding=\"async\" class=\"wp-image-66977 alignright\" src=\"https:\/\/www.fedaiisf.it\/wp-content\/uploads\/2022\/08\/UNEBA.jpg\" alt=\"\" width=\"275\" height=\"377\" \/><\/a>caro energia ci sono aiuti solo per le imprese. Chiediamo un credito d&#8217;imposta per il Terzo settore<\/em>&#8220;. Le bollette sono aumentate del 60%, gli alimentari quasi del 10%. Stimati 160mila euro di perdita media per ciascun servizio socio sanitario per anziani e disabili, ma diversamente dall&#8217;epoca Covid non sono previsti meccanismi compensativi.\u00a0 &#8220;<em>L\u2019altro fronte \u00e8 quello dei costi del personale: in molti sono passati al pubblico, con le assunzioni per la nuova sanit\u00e0 territoriale e oltre a dover tamponare lo \u201cspopolamento\u201d dei propri servizi, il non profit deve pagare di pi\u00f9 i nuovi ingressi perch\u00e9 essendoci scarsit\u00e0 di risorse, aumenta il costo della prestazione.<\/em>&#8220;<sup>2<\/sup><\/p>\n<p>Un&#8217;approfondita analisi della situazione \u00e8 stata pubblicata nei mesi scorsi dal quotidiano La Repubblica a firma Michele Bocci ed altri e negli ultimi giorni le cronache regionali aggiornano la situazione.<sup>3,4<\/sup><\/p>\n<p><strong>Le rette delle RSA convenzionate<\/strong> (mediamente di circa 3.000 euro al mese) vengono coperte per met\u00e0 dalle Regioni con la cosiddetta <strong>quota sanitaria<\/strong>. L&#8217;altra met\u00e0, a parte i contributi INPS sotto forma di indennit\u00e0 di accompagnamento, spetta alle famiglie e solo nel caso dei redditi pi\u00f9 bassi si pu\u00f2 attingere ad un contributo da parte dei Comuni con la cosiddetta <strong>quota sociale<\/strong>.<\/p>\n<p>L&#8217;aumento dei costi legato all&#8217;inflazione, il rincaro elevatissimo dei costi energetici, la difficolt\u00e0 nel reperire personale sia medico che infermieristico e assistenziale, si accompagna alla <strong>necessit\u00e0 di ridurre il numero dei posti per rispettare il rapporto tra ospiti e operatori<\/strong>, come fissato dalle normative per l&#8217;accreditamento, senza incorrere in sanzioni amministrative o disciplinari che potrebbero andare fino alla revoca della convenzione.<\/p>\n<p>Questo immediatamente si traduce in minori entrate e posti vuoti ma drammaticamente si accompagna ad un altro problema cio\u00e8 il contributo pubblico che viene a mancare o per la quota sanitaria (regionale) o per la quota sociale (comunale).<\/p>\n<p>Alla ricerca di soluzioni per questo grave stato di cose, che si ripercuote sulle famiglie che non trovano posto per i loro cari non autosufficienti o vedono aumentare le rette, si collocano gli interventi estemporanei come imbarcare decine di operatori sanitari medici o infermieri dai paesi pi\u00f9 disparati (Cuba, est Europa, etc.) dei quali abbiamo gi\u00e0 riferito nei giorni scorsi.<sup>5<\/sup><\/p>\n<p><a href=\"https:\/\/www.fedaiisf.it\/wp-content\/uploads\/2022\/08\/capurso_anaste-300x180-1.jpg\"><img loading=\"lazy\" decoding=\"async\" class=\"wp-image-66984 alignleft\" src=\"https:\/\/www.fedaiisf.it\/wp-content\/uploads\/2022\/08\/capurso_anaste-300x180-1.jpg\" alt=\"\" width=\"374\" height=\"224\" \/><\/a>Ma le associazioni di categoria analizzano anche i provvedimenti strutturali che andrebbero adottati dal punto di vista finanziario. Si valutano in 300.000 gli ospiti delle RSA in Italia. Il Presidente di ANASTE Sebastiano Capurso dice al GR1: &#8220;<em>Abbiamo valutato i maggiori oneri nell&#8217;ordine dei 13 euro per posto letto. Tali oneri non possono essere messi a carico delle famiglie degli ospiti che gi\u00e0 sopportano situazioni difficili<\/em>&#8220;.<\/p>\n<p>Finora nessun segnale di risposta.<\/p>\n<p>E parte dalle principali associazioni dei fornitori di servizi di assistenza, UNEBA e ANASTE in testa, la richiesta di aumentare i posti nelle scuole degli infermieri ed anche organizzare pi\u00f9 corsi per gli OSS. Ma nello stesso tempo si chiede alla politica se si vuole imboccare una deriva francamente difficile da accettare o si vuole sostenere convintamente un livello di assistenza adeguato e quindi finanziarlo in modo conseguente.<\/p>\n<p>&#8212;&#8212;&#8212;&#8212;&#8212;&#8212;&#8212;&#8212;&#8212;&#8212;&#8212;&#8212;&#8212;&#8212;&#8212;&#8212;&#8212;&#8212;&#8212;&#8212;&#8212;&#8212;&#8212;&#8212;&#8212;&#8212;&#8212;&#8212;&#8212;&#8212;&#8212;&#8212;&#8212;&#8212;&#8212;&#8212;&#8212;&#8212;&#8212;-<\/p>\n<p>N.d.R. Stiamo aspettando anche il pi\u00f9 pallido riferimento a questi temi dalla campagna elettorale&#8230;.<\/p>\n<p>&#8212;&#8212;&#8212;&#8212;&#8212;&#8212;&#8212;&#8212;&#8212;&#8212;&#8212;&#8212;&#8212;&#8212;&#8212;&#8212;&#8212;&#8212;&#8212;&#8212;&#8212;&#8212;&#8212;&#8212;&#8212;&#8212;&#8212;&#8212;&#8212;&#8212;&#8212;&#8212;&#8212;&#8212;&#8212;&#8212;&#8212;&#8212;&#8212;-<\/p>\n<ol>\n<li><a href=\"https:\/\/www.salute.gov.it\/imgs\/C_17_pubblicazioni_733_allegato.pdf\" target=\"_blank\" rel=\"noopener\">Ministero della Salute &#8211; Commissione per la definizione e l&#8217;aggiornamento dei livelli essenziali di assistenza &#8211; anno 2003<\/a><\/li>\n<\/ol>\n<p>2. Vita International &#8211; 24 agosto 2022<\/p>\n<p>3. <a href=\"https:\/\/firenze.repubblica.it\/cronaca\/2022\/08\/29\/news\/sanita_toscana_residenze_anziani__posti_vuoti_allarme_rischio_chiusura-363285333\/\" target=\"_blank\" rel=\"noopener\">La Repubblica &#8211; Nelle RSA duemila posti inutilizzati. &#8220;Poco personale e meno soldi dalle ASL&#8221; Michele Bocci 29 agosto\u00a0 2022<\/a><\/p>\n<p>4. <a href=\"https:\/\/rep.repubblica.it\/pwa\/longform\/2020\/05\/27\/news\/rsa_morti_coronavirus_trivulzio-257664697\/?ref=RHPPTP-BH-I257793309-C8-P8-S1.8-F0\" target=\"_blank\" rel=\"noopener\">La Repubblica &#8211; La strage silenziosa delle RSA &#8211; 27 maggio 2020<\/a><\/p>\n<p>5. <a href=\"https:\/\/www.fedaiisf.it\/wp-admin\/post.php?post=66750&amp;action=edit\" target=\"_blank\" rel=\"noopener\">Medici cubani in Calabria, tutti i dettagli (e i costi) dell\u2019accordo &#8211; Fedaiisf 19 agosto 2022<\/a><\/p>\n<p class=\"span11\"><a href=\"https:\/\/www.salute.gov.it\/portale\/news\/p3_2_1_2_1.jsp?lingua=italiano&amp;menu=notizie&amp;p=nas&amp;id=2407\" target=\"_blank\" rel=\"noopener\">Carabinieri NAS: Controlli di ferragosto alla case di riposo: blatte in cucina ed operatori in stato di ebbrezza<\/a><\/p>\n<p>&nbsp;<\/p>","protected":false},"excerpt":{"rendered":"<p>Durante il periodo di Ferragosto, i carabinieri del Nas, d\u2019intesa con il ministero della Salute, hanno\u00a0controllato 351 strutture \u2013 tra Rsa, case di riposo, comunit\u00e0 alloggio e case famiglia\u00a0in tutta Italia, dalla Valle D\u2019Aosta fino alla Calabria, individuandone\u00a070 irregolari, pari al 20% degli obiettivi controllati, contestando 127 sanzioni penali e amministrative, per oltre 40 mila &hellip;<\/p>","protected":false},"author":1,"featured_media":66978,"comment_status":"closed","ping_status":"closed","sticky":false,"template":"","format":"standard","meta":{"footnotes":""},"categories":[1],"tags":[79],"class_list":["post-66951","post","type-post","status-publish","format-standard","has-post-thumbnail","hentry","category-notizie","tag-ssn"],"amp_enabled":true,"_links":{"self":[{"href":"https:\/\/www.fedaiisf.it\/en\/wp-json\/wp\/v2\/posts\/66951","targetHints":{"allow":["GET"]}}],"collection":[{"href":"https:\/\/www.fedaiisf.it\/en\/wp-json\/wp\/v2\/posts"}],"about":[{"href":"https:\/\/www.fedaiisf.it\/en\/wp-json\/wp\/v2\/types\/post"}],"author":[{"embeddable":true,"href":"https:\/\/www.fedaiisf.it\/en\/wp-json\/wp\/v2\/users\/1"}],"replies":[{"embeddable":true,"href":"https:\/\/www.fedaiisf.it\/en\/wp-json\/wp\/v2\/comments?post=66951"}],"version-history":[{"count":0,"href":"https:\/\/www.fedaiisf.it\/en\/wp-json\/wp\/v2\/posts\/66951\/revisions"}],"wp:featuredmedia":[{"embeddable":true,"href":"https:\/\/www.fedaiisf.it\/en\/wp-json\/wp\/v2\/media\/66978"}],"wp:attachment":[{"href":"https:\/\/www.fedaiisf.it\/en\/wp-json\/wp\/v2\/media?parent=66951"}],"wp:term":[{"taxonomy":"category","embeddable":true,"href":"https:\/\/www.fedaiisf.it\/en\/wp-json\/wp\/v2\/categories?post=66951"},{"taxonomy":"post_tag","embeddable":true,"href":"https:\/\/www.fedaiisf.it\/en\/wp-json\/wp\/v2\/tags?post=66951"}],"curies":[{"name":"wp","href":"https:\/\/api.w.org\/{rel}","templated":true}]}}