{"id":66992,"date":"2022-08-31T10:35:31","date_gmt":"2022-08-31T08:35:31","guid":{"rendered":"https:\/\/www.fedaiisf.it\/?p=66992"},"modified":"2022-08-31T10:35:31","modified_gmt":"2022-08-31T08:35:31","slug":"intersindacale-medica-puglia-intimato-ai-medici-di-famiglia-di-pagare-il-costo-dei-farmaci-prescritti","status":"publish","type":"post","link":"https:\/\/www.fedaiisf.it\/en\/intersindacale-medica-puglia-intimato-ai-medici-di-famiglia-di-pagare-il-costo-dei-farmaci-prescritti\/","title":{"rendered":"Inter-union medical Puglia. Ordered family doctors to pay the cost of prescribed medicines"},"content":{"rendered":"<p style=\"font-weight: 400;\">Nonostante\u00a0<strong>l\u2019allarme<\/strong>\u00a0sulle condizioni emergenziali della sanit\u00e0\u00a0<strong>nulla \u00e8 cambiato<\/strong>\u201d: cos\u00ec una nota\u00a0<strong>dell\u2019intersindacale<\/strong>\u00a0of the\u00a0<strong>Medici della Puglia Ugs Medici \u2013 Cgil Fp Medici \u2013 Smi -SIMeT \u2013 Snami<\/strong>\u00a0che rendono <img loading=\"lazy\" decoding=\"async\" class=\"wp-image-66996 alignright\" src=\"https:\/\/www.fedaiisf.it\/wp-content\/uploads\/2022\/08\/1-intersindacale-medici-1024x219.png\" alt=\"\" width=\"561\" height=\"120\" srcset=\"https:\/\/www.fedaiisf.it\/wp-content\/uploads\/2022\/08\/1-intersindacale-medici-1024x219.png 1024w, https:\/\/www.fedaiisf.it\/wp-content\/uploads\/2022\/08\/1-intersindacale-medici-300x64.png 300w, https:\/\/www.fedaiisf.it\/wp-content\/uploads\/2022\/08\/1-intersindacale-medici-768x164.png 768w, https:\/\/www.fedaiisf.it\/wp-content\/uploads\/2022\/08\/1-intersindacale-medici.png 1218w\" sizes=\"auto, (max-width: 561px) 100vw, 561px\" \/><strong>publish<\/strong>\u00a0a\u00a0<strong>lettera inviata a Emiliano e a Palese<\/strong>.<\/p>\n<p><a href=\"https:\/\/www.corriereditaranto.it\/2022\/08\/30\/a-taranto-medici-sotto-pagati\/\" target=\"_blank\" rel=\"noopener\">Corriere di Taranto &#8211; 30 agosto 2022<\/a><\/p>\n<p style=\"font-weight: 400;\">\u201cSi riparte, per quanto riguarda le questioni della\u00a0<strong>categoria medica<\/strong>, dalla\u00a0<strong>necessit\u00e0 di trovare soluzioni<\/strong>\u00a0per la carenza dei medici, dal\u00a0<strong>disagio<\/strong>\u00a0of the\u00a0<strong>colleghi del Pronto Soccorso,<\/strong>\u00a0accentuato dalle continue notizie di\u00a0<strong>aggressioni <\/strong>agli operatori della sanit\u00e0. Per i medici del Dipartimento Emergenza-Urgenza\u00a0<strong>non sono previste misure strutturali <\/strong>ma solo\u00a0<strong>qualche pannicello caldo<\/strong>; per i<strong>\u00a0medici di famiglia<\/strong>, invece, si continua da parte dell\u2019Amministrazione, a perseguire\u00a0<strong>logiche<\/strong>\u00a0che mirano a fare\u00a0<strong>cassa<\/strong>; per questo\u00a0<strong>si chiedono soldi ai medici<\/strong>, per i\u00a0<strong>pazienti deceduti e per i cittadini trasferiti<\/strong>.<\/p>\n<p style=\"font-weight: 400;\">Come sempre\u00a0<strong>i medici pagheranno mentre per chi non ha adempiuto al proprio lavor<\/strong>o di tenere in ordine le liste dei pazienti, fuori controllo da oltre un\u00a0<strong>decennio<\/strong>, nessuna conseguenza. Per queste\u00a0<strong>ingiuste richieste<\/strong>\u00a0l\u2019Intersindacale medici s\u2019impegner\u00e0 per far valere il principio di chi sbaglia paga anche contro le resistenze dell\u2019apparato\u00a0<strong>burocratico-amministrativo<\/strong>\u201d prosegue la nota.<\/p>\n<p style=\"font-weight: 400;\">\u201cC\u2019\u00e8 poi d\u2019aggiungere che le\u00a0<strong>ASL<\/strong>\u00a0they have\u00a0<strong>intimato ai medici di famiglia di pagare il costo dei farmaci<\/strong>\u00a0<strong>prescritti<\/strong>\u00a0ai cittadini malati per una insana applicazione del controllo della spesa farmaceutica. Tutto questo crea la percezione che l\u2019Amministrazione abbia molto a cuore solo una<strong>\u00a0logica ragionieristica<\/strong>, senza badare alla\u00a0<strong>soluzione dei problemi <\/strong>che in definitiva hanno ripercussione sul lavoro dei medici e sulla salute dei cittadini.\u00a0Chiediamo di essere\u00a0<strong>convocati <\/strong>rispetto alle novit\u00e0 del\u00a0<strong>PNRR<\/strong>\u00a0come le\u00a0<strong>Case della Comunit\u00e0<\/strong>\u00a0che presentano criticit\u00e0, sia nel merito che sul piano organizzativo-amministrativo, tali da rappresentare una\u00a0<strong>soluzione peggiore dell\u2019attuale organizzazione della medicina territoriale<\/strong>\u201d affermano le sigle sindacali.<\/p>\n<p style=\"font-weight: 400;\"><img loading=\"lazy\" decoding=\"async\" class=\"wp-image-66997 alignleft\" src=\"https:\/\/www.fedaiisf.it\/wp-content\/uploads\/2022\/08\/comunicato_stampa_intersindacale-medici-1024x683-1.png\" alt=\"\" width=\"347\" height=\"231\" srcset=\"https:\/\/www.fedaiisf.it\/wp-content\/uploads\/2022\/08\/comunicato_stampa_intersindacale-medici-1024x683-1.png 1024w, https:\/\/www.fedaiisf.it\/wp-content\/uploads\/2022\/08\/comunicato_stampa_intersindacale-medici-1024x683-1-300x200.png 300w, https:\/\/www.fedaiisf.it\/wp-content\/uploads\/2022\/08\/comunicato_stampa_intersindacale-medici-1024x683-1-768x512.png 768w\" sizes=\"auto, (max-width: 347px) 100vw, 347px\" \/>\u201cSiamo\u00a0<strong>molto preoccupati<\/strong>\u00a0perch\u00e9 \u00e8 forte la percezione del\u00a0<strong>disinteresse<\/strong>\u00a0rispetto alla\u00a0<strong>healthcare<\/strong>\u00a0da parte di\u00a0<strong>tutte le forze politiche<\/strong>\u00a0che non spendono una parola sulla sanit\u00e0\u00a0<strong>nonostante la campagna elettorale<\/strong>. Ci chiediamo\u00a0<strong>se credono ancora in una sanit\u00e0 pubblica equa solidale<\/strong>\u00a0oppure se\u00a0<strong>perseguono<\/strong>\u00a0la strada della\u00a0<strong>privatizzazione<\/strong>\u00a0come tutto sembra far credere. Davvero si \u00e8\u00a0<strong>convinti<\/strong>\u00a0che la soluzione sia che i\u00a0<strong>cittadini<\/strong>, quando si\u00a0<strong>ammalano<\/strong>, devono\u00a0<strong>pagarsi le cure?<\/strong>\u201d si chiedono sarcasticamente.<\/p>\n<p style=\"font-weight: 400;\">\u201cSu questi\u00a0<strong>temi<\/strong>\u00a0dobbiamo anche evidenziare\u00a0<strong>l\u2019assenza<\/strong>\u00a0of the<strong>\u00a0Presidente FNOMCeO<\/strong>\u00a0che pure rappresenta l\u2019intera categoria dei medici a fronte di gravi questioni che investono la categoria medica. A partire dal fatto che\u00a0<strong>non si applicano i contratti<\/strong>, che agli operatori\u00a0<strong>si offrono soluzioni a tempo determinato o a contratto<\/strong>; addirittura,\u00a0<strong>si ricorre a soluzioni fantasiose e demagogiche<\/strong>, come succede in\u00a0<strong>Calabria<\/strong>, con l\u2019assunzione di\u00a0<strong>medici cubani<\/strong>,\u00a0<strong>ma anche in Puglia a Taranto con medici sottopagati perch\u00e9 il compenso previsto viene introitato per la gran parte dalle agenzie di lavoro<\/strong>. Bene la\u00a0<strong>disponibilit\u00e0<\/strong>\u00a0dell\u2019Assessore Regionale ad incontrarci, ci spettiamo un\u00a0<strong>confronto sindacale<\/strong>\u00a0per risolvere in\u00a0<strong>maniera strutturale la questione della carenza dei medici ospedalieri e del territorio<\/strong>. Risulta\u00a0<strong>del tutto evidente l\u2019inadeguata preparazione<\/strong>, sui temi della salute, da parte di un\u00a0<strong>management improvvisato<\/strong>.<\/p>\n<p>Non c\u2019\u00e8 pi\u00f9 tempo; chiediamo risposte e le chiediamo ora per non ritrovarci, a breve, a constatare lo sfascio della sanit\u00e0\u00a0concludono i\u00a0<strong>Medici della Puglia: Ugs Medici \u2013 Cgil Fp Medici \u2013 Smi -SIMeT \u2013 Snami<\/strong>\u00a0nella loro\u00a0<strong>lettera inviata a Emiliano e a Palese<\/strong>.<\/p>\n<p style=\"font-weight: 400;\">(leggi l\u2019articolo\u00a0<a href=\"https:\/\/www.corriereditaranto.it\/2022\/04\/07\/carenza-di-medici-allasl-di-taranto-strutturale\/\" target=\"_blank\" rel=\"noopener\">https:\/\/www.corriereditaranto.it\/2022\/04\/07\/carenza-di-medici-allasl-di-taranto-strutturale\/<\/a>)<\/p>\n<p style=\"font-weight: 400;\">Related news:<a href=\"https:\/\/www.quotidianosanita.it\/puglia\/articolo.php?articolo_id=104508\" target=\"_blank\" rel=\"noopener\"> Maggio 2022.\u00a0Intersindacale medica incontra Palese, chiesta istituzione tavoli di lavoro<\/a><\/p>","protected":false},"excerpt":{"rendered":"<p>Nonostante\u00a0l\u2019allarme\u00a0sulle condizioni emergenziali della sanit\u00e0\u00a0nulla \u00e8 cambiato\u201d: cos\u00ec una nota\u00a0dell\u2019intersindacale\u00a0dei\u00a0Medici della Puglia Ugs Medici \u2013 Cgil Fp Medici \u2013 Smi -SIMeT \u2013 Snami\u00a0che rendono pubblica\u00a0una\u00a0lettera inviata a Emiliano e a Palese. Corriere di Taranto &#8211; 30 agosto 2022 \u201cSi riparte, per quanto riguarda le questioni della\u00a0categoria medica, dalla\u00a0necessit\u00e0 di trovare soluzioni\u00a0per la carenza dei medici, &hellip;<\/p>","protected":false},"author":4,"featured_media":67002,"comment_status":"closed","ping_status":"closed","sticky":false,"template":"","format":"standard","meta":{"footnotes":""},"categories":[1],"tags":[26,79],"class_list":["post-66992","post","type-post","status-publish","format-standard","has-post-thumbnail","hentry","category-notizie","tag-spesa-farmaceutica","tag-ssn"],"amp_enabled":true,"_links":{"self":[{"href":"https:\/\/www.fedaiisf.it\/en\/wp-json\/wp\/v2\/posts\/66992","targetHints":{"allow":["GET"]}}],"collection":[{"href":"https:\/\/www.fedaiisf.it\/en\/wp-json\/wp\/v2\/posts"}],"about":[{"href":"https:\/\/www.fedaiisf.it\/en\/wp-json\/wp\/v2\/types\/post"}],"author":[{"embeddable":true,"href":"https:\/\/www.fedaiisf.it\/en\/wp-json\/wp\/v2\/users\/4"}],"replies":[{"embeddable":true,"href":"https:\/\/www.fedaiisf.it\/en\/wp-json\/wp\/v2\/comments?post=66992"}],"version-history":[{"count":0,"href":"https:\/\/www.fedaiisf.it\/en\/wp-json\/wp\/v2\/posts\/66992\/revisions"}],"wp:featuredmedia":[{"embeddable":true,"href":"https:\/\/www.fedaiisf.it\/en\/wp-json\/wp\/v2\/media\/67002"}],"wp:attachment":[{"href":"https:\/\/www.fedaiisf.it\/en\/wp-json\/wp\/v2\/media?parent=66992"}],"wp:term":[{"taxonomy":"category","embeddable":true,"href":"https:\/\/www.fedaiisf.it\/en\/wp-json\/wp\/v2\/categories?post=66992"},{"taxonomy":"post_tag","embeddable":true,"href":"https:\/\/www.fedaiisf.it\/en\/wp-json\/wp\/v2\/tags?post=66992"}],"curies":[{"name":"wp","href":"https:\/\/api.w.org\/{rel}","templated":true}]}}