{"id":67138,"date":"2022-09-15T01:41:00","date_gmt":"2022-09-14T23:41:00","guid":{"rendered":"https:\/\/www.fedaiisf.it\/?p=67138"},"modified":"2022-09-14T18:42:23","modified_gmt":"2022-09-14T16:42:23","slug":"cassazione-i-lavoratori-licenziati-potranno-rivendicare-i-crediti-retributivi-risalenti-fino-a-cinque-anni-prima-dellentrata-in-vigore-della-legge-fornero","status":"publish","type":"post","link":"https:\/\/www.fedaiisf.it\/en\/cassazione-i-lavoratori-licenziati-potranno-rivendicare-i-crediti-retributivi-risalenti-fino-a-cinque-anni-prima-dellentrata-in-vigore-della-legge-fornero\/","title":{"rendered":"Cassation. Dismissed workers will be able to claim salary credits dating back up to five years before the Fornero law came into force"},"content":{"rendered":"<p>La Corte di Cassazione, con <a href=\"http:\/\/www.italgiure.giustizia.it\/xway\/application\/nif\/clean\/hc.dll?verbo=attach&amp;db=snciv&amp;id=.\/20220906\/snciv@sL0@a2022@n26246@tS.clean.pdf\" target=\"_blank\" rel=\"noopener\">sentenza n. 26246 del 6 settembre 2022<\/a>, ha accolto il ricorso promosso da un <img loading=\"lazy\" decoding=\"async\" class=\"wp-image-30314 alignright\" src=\"https:\/\/www.fedaiisf.it\/wp-content\/uploads\/2017\/03\/sentenza.tribunale.jpg\" alt=\"\" width=\"349\" height=\"186\" srcset=\"https:\/\/www.fedaiisf.it\/wp-content\/uploads\/2017\/03\/sentenza.tribunale.jpg 620w, https:\/\/www.fedaiisf.it\/wp-content\/uploads\/2017\/03\/sentenza.tribunale-300x160.jpg 300w\" sizes=\"auto, (max-width: 349px) 100vw, 349px\" \/>gruppo di <strong>lavoratrici dell\u2019Avicola Alimentare Monteverde di Brescia<\/strong> contro la sentenza della Corte d\u2019Appello di quella citt\u00e0 che aveva sostenuto la decorrenza della prescrizione dei crediti di lavoro in costanza di rapporto.<\/p>\n<p>Le importanti conseguenze pratiche di questa decisione sono che i lavoratori dipendenti da aziende private che occupano pi\u00f9 di 15 dipendenti potranno oggi rivendicare, entro cinque anni dalla cessazione del rapporto, i <strong>crediti retributivi risalenti fino a cinque anni prima dell\u2019entrata in vigore della legge Fornero <\/strong>(ossia i crediti risalenti al luglio 2007).<\/p>\n<p>La Cassazione, dopo un\u2019ampia valutazione delle riforme introdotte in materia di licenziamento dalla legge Fornero e dal<strong> Jobs Act <\/strong>(e anche delle sentenze della Corte Costituzionale che le hanno in parte smantellate), giunge alla conclusione che la reintegrazione <em>Not<\/em> costituisca <em>\u201cla forma ordinaria di tutela contro ogni forma illegittima di risoluzione\u201d<\/em> (la Corte prende addirittura a prestito dalla genetica l\u2019espressione \u201ccarattere recessivo\u201d per parlare della tutela reintegratoria).<\/p>\n<p>Il tema \u00e8 noto: dopo che la Corte Costituzionale, con sentenza n. 63 del 1966, aveva accertato l\u2019incostituzionalit\u00e0 di alcune norme del Codice civile introducendo il <strong>principio della non decorrenza della prescrizione<\/strong> dei crediti di lavoro in costanza di rapporto, con successiva decisione aveva precisato che tale principio non dovesse valere in tutti i casi in cui il rapporto di lavoro avesse caratteristiche di stabilit\u00e0, puntualizzando che \u201cuna vera stabilit\u00e0 non si assicura se all\u2019annullamento dell\u2019avvenuto licenziamento non si faccia seguire la completa reintegrazione nella posizione giuridica pre-esistente fatta illegittimamente cessare\u201d (Corte Costituzionale, n. 174 del 1972).<\/p>\n<p>Sono sicuramente da considerare stabili i rapporti di pubblico impiego (vedi Corte Costituzionale, n. 143 del 1969) e, dopo l\u2019entrata in vigore dello Statuto dei lavoratori, i rapporti di lavoro privato con datori che occupano pi\u00f9 di 15 dipendenti (vedi Cassazione Sezioni Unite, n. 1268 del 1976): per essi, infatti, fino al 2012 era previsto che, a fronte di una dichiarazione d\u2019illegittimit\u00e0 del licenziamento, le conseguenze erano sempre la <strong>reintegrazione nel posto di lavoro<\/strong>. Questa regola non poteva evidentemente valere per i rapporti la cui natura subordinata veniva stabilita dal giudice all\u2019esito del processo.<\/p>\n<p>In buona sostanza, per la Corte Costituzionale la non decorrenza della prescrizione doveva essere strettamente collegata alla <strong>previsione di una \u201csanzione giudiziaria\u201d <\/strong>che portasse alla ricostituzione del rapporto.<\/p>\n<p><img loading=\"lazy\" decoding=\"async\" class=\"wp-image-23250 alignleft\" src=\"https:\/\/www.fedaiisf.it\/wp-content\/uploads\/2015\/12\/jobs-co-co-co2.jpg\" alt=\"\" width=\"321\" height=\"183\" srcset=\"https:\/\/www.fedaiisf.it\/wp-content\/uploads\/2015\/12\/jobs-co-co-co2.jpg 599w, https:\/\/www.fedaiisf.it\/wp-content\/uploads\/2015\/12\/jobs-co-co-co2-300x171.jpg 300w\" sizes=\"auto, (max-width: 321px) 100vw, 321px\" \/>Anche a seguito dell\u2019entrata in vigore della Fornero e del Job Act alcuni giudici e molti autori hanno sostenuto che le modifiche legislative non avessero intaccato significativamente le <strong>garanzie per il lavoratore<\/strong>, evidenziando, in particolare, che le ragioni che giustificavano la decisione della Corte Costituzionale del 1966 facevano leva sul <em>metus <\/em>(stato di soggezione psicologica) del dipendente nei confronti del datore di lavoro e dal timore di essere licenziato nell\u2019eventualit\u00e0 di una qualche rivendicazione.<\/p>\n<p>Ebbene, secondo questa tesi, sia la Fornero sia il Job Act tutelano il cosiddetto <strong>licenziamento ritorsivo<\/strong> prevedendo espressamente la reintegrazione per quest\u2019ipotesi (come per il licenziamento discriminatorio e per altre violazioni di legge).<\/p>\n<p>Questo argomento &#8211; molto suggestivo &#8211; non regge per\u00f2 di fronte alla considerazione che nessuno ha mai messo in discussione la <strong>mancata decorrenza della prescrizione<\/strong> per quei datori di lavoro che impieghino meno di 16 dipendenti, nonostante che anche in quelle realt\u00e0 &#8211; da sempre &#8211; un licenziamento, dove venga dimostrata la motivazione ritorsiva, comporta la reintegrazione.<\/p>\n<p>Va poi considerato che la <strong>tutela che l\u2019ordinamento offre<\/strong> nei casi di licenziamento ritorsivo incontra il limite di un onere della prova significativamente arduo per il lavoratore. Quest\u2019ultimo si trover\u00e0 nella situazione di dover dimostrare non solo il motivo ritorsivo (che difficilmente viene ammesso esplicitamente) ma anche che questo sia l\u2019unico e determinante del recesso.<\/p>\n<p>Il tema della decorrenza della prescrizione era cos\u00ec importante e controverso che la Corte di Cassazione nel gennaio 2022 aveva organizzato <strong>una giornata di studi<\/strong>, invitando, oltre ai magistrati, autorevoli docenti universitari affinch\u00e9 si confrontassero le diverse posizioni in un franco dibattito.<\/p>\n<p>There <strong>judgment<\/strong>, accogliendo le tesi pi\u00f9 favorevoli ai lavoratori, stabilisce il seguente principio di diritto: <em>\u201cIl rapporto di lavoro a tempo indeterminato, cos\u00ec come modulato per effetto della legge n. 92 del 2012 e del decreto legislativo n. 23 del 2015, mancando dei presupposti di predeterminazione certa delle fattispecie di risoluzione e di una loro tutela adeguata, non \u00e8 assistito da un regime di stabilit\u00e0. Sicch\u00e9, per tutti quei diritti che non siano prescritti al momento di entrata in vigore della legge n. 92 del 2012, il termine di prescrizione decorre, a norma del combinato disposto degli artt. 2948, n. 4 e 2935 c.c., dalla cessazione del rapporto di lavoro\u201d<\/em>.<\/p>\n<p>Source<a href=\"https:\/\/www.collettiva.it\/rubriche\/consulta-giuridica\/2022\/09\/07\/news\/crediti_di_lavoro_una_giusta_sentenza-2331918\/\" target=\"_blank\" rel=\"noopener\"> Collettiva &#8211; 7 settembre 2022<\/a><\/p>","protected":false},"excerpt":{"rendered":"<p>La Corte di Cassazione, con sentenza n. 26246 del 6 settembre 2022, ha accolto il ricorso promosso da un gruppo di lavoratrici dell\u2019Avicola Alimentare Monteverde di Brescia contro la sentenza della Corte d\u2019Appello di quella citt\u00e0 che aveva sostenuto la decorrenza della prescrizione dei crediti di lavoro in costanza di rapporto. Le importanti conseguenze pratiche &hellip;<\/p>","protected":false},"author":4,"featured_media":6984,"comment_status":"closed","ping_status":"closed","sticky":false,"template":"","format":"standard","meta":{"footnotes":""},"categories":[1],"tags":[41],"class_list":["post-67138","post","type-post","status-publish","format-standard","has-post-thumbnail","hentry","category-notizie","tag-leggisentenze"],"amp_enabled":true,"_links":{"self":[{"href":"https:\/\/www.fedaiisf.it\/en\/wp-json\/wp\/v2\/posts\/67138","targetHints":{"allow":["GET"]}}],"collection":[{"href":"https:\/\/www.fedaiisf.it\/en\/wp-json\/wp\/v2\/posts"}],"about":[{"href":"https:\/\/www.fedaiisf.it\/en\/wp-json\/wp\/v2\/types\/post"}],"author":[{"embeddable":true,"href":"https:\/\/www.fedaiisf.it\/en\/wp-json\/wp\/v2\/users\/4"}],"replies":[{"embeddable":true,"href":"https:\/\/www.fedaiisf.it\/en\/wp-json\/wp\/v2\/comments?post=67138"}],"version-history":[{"count":0,"href":"https:\/\/www.fedaiisf.it\/en\/wp-json\/wp\/v2\/posts\/67138\/revisions"}],"wp:featuredmedia":[{"embeddable":true,"href":"https:\/\/www.fedaiisf.it\/en\/wp-json\/wp\/v2\/media\/6984"}],"wp:attachment":[{"href":"https:\/\/www.fedaiisf.it\/en\/wp-json\/wp\/v2\/media?parent=67138"}],"wp:term":[{"taxonomy":"category","embeddable":true,"href":"https:\/\/www.fedaiisf.it\/en\/wp-json\/wp\/v2\/categories?post=67138"},{"taxonomy":"post_tag","embeddable":true,"href":"https:\/\/www.fedaiisf.it\/en\/wp-json\/wp\/v2\/tags?post=67138"}],"curies":[{"name":"wp","href":"https:\/\/api.w.org\/{rel}","templated":true}]}}