{"id":67149,"date":"2022-09-09T01:32:53","date_gmt":"2022-09-08T23:32:53","guid":{"rendered":"https:\/\/www.fedaiisf.it\/?p=67149"},"modified":"2022-09-08T18:35:25","modified_gmt":"2022-09-08T16:35:25","slug":"costi-fuori-controllo-lallarme-della-filiera-farmaceutica","status":"publish","type":"post","link":"https:\/\/www.fedaiisf.it\/en\/costi-fuori-controllo-lallarme-della-filiera-farmaceutica\/","title":{"rendered":"Costs out of control: the alarm from the pharmaceutical chain"},"content":{"rendered":"<p><strong>La filiera farmaceutica chiede di essere considerata, come avvenuto durante la pandemia, comparto essenziale al quale assicurare continuit\u00e0 e sostenibilit\u00e0 della fornitura di gas, energia elettrica e <img loading=\"lazy\" decoding=\"async\" class=\"wp-image-63079 alignright\" src=\"https:\/\/www.fedaiisf.it\/wp-content\/uploads\/2022\/03\/logo-egualia-colorato.jpeg\" alt=\"\" width=\"329\" height=\"188\" srcset=\"https:\/\/www.fedaiisf.it\/wp-content\/uploads\/2022\/03\/logo-egualia-colorato.jpeg 1200w, https:\/\/www.fedaiisf.it\/wp-content\/uploads\/2022\/03\/logo-egualia-colorato-300x172.jpeg 300w, https:\/\/www.fedaiisf.it\/wp-content\/uploads\/2022\/03\/logo-egualia-colorato-1024x585.jpeg 1024w, https:\/\/www.fedaiisf.it\/wp-content\/uploads\/2022\/03\/logo-egualia-colorato-768x439.jpeg 768w\" sizes=\"auto, (max-width: 329px) 100vw, 329px\" \/>carburanti per evitare il rischio di carenza di terapie in Italia e all\u2019estero<\/strong><\/p>\n<p><a href=\"https:\/\/www.egualia.it\/it\/notizie\/5118-costi-fuori-controllo-l-allarme-della-filiera-farmaceutica.html\" target=\"_blank\" rel=\"noopener\">Egualia &#8211; 8 settembre 2022<\/a><\/p>\n<p>In un comunicato congiunto diffuso oggi <strong>Farmindustria &#8211; Egualia &#8211; Assoram &#8211; ADF &#8211; Federfarma Servizi &#8211; Federfarma &#8211; Assofarm<\/strong> lanciano l\u2019allarme sulla insostenibilit\u00e0 dei costi derivanti dalla drammatica crisi energetica che sta seriamente mettendo a rischio le forniture dell\u2019intera filiera della salute.<\/p>\n<p>&#8220;Il rincaro esorbitante dell\u2019energia del 600% rispetto a un anno fa comporta <strong>rischi reali anche per la sopravvivenza delle stesse imprese<\/strong>&#8220;, annunciano.<\/p>\n<p>&#8220;Gli operatori della filiera &#8211; si legge nel comunicato &#8211; stanno assorbendo parte importante degli aumenti, ma non integralmente. Questo determina per le aziende incrementi aggiuntivi dei costi di tutti i fattori della produzione e distribuzione (materiali, imballaggi, manutenzioni, fiale, packaging, eccetera), cresciuti in media del 35-40% rispetto allo scorso anno. \u00c8 una situazione resa ancora pi\u00f9 grave dalla svalutazione dell\u2019euro rispetto al dollaro, valuta con la quale si pagano i principi attivi che provengono per l\u201980% da Cina e India, e dai problemi di approvvigionamento delle materie prime. Un combinato disposto che rischia di causare gravi carenze di farmaci, registrate gi\u00e0 in qualche caso&#8221;.<\/p>\n<p>&#8220;L\u2019escalation inarrestabile dei costi si sta abbattendo anche sulle aziende della Distribuzione primaria, intermedia e finale del farmaco con costi di gestione non pi\u00f9 sostenibili, in particolare per la <em>cold chain<\/em>, che adotta sistemi di refrigerazione a ciclo continuo. Uno scenario che, in assenza di concrete misure di contrasto e sostegno, mette seriamente a rischio gi\u00e0 dalle prossime settimane la prosecuzione dell\u2019attivit\u00e0 che garantisce il servizio pubblico essenziale della distribuzione alla comunit\u00e0 dei medicinali e di tutti prodotti per la salute.<\/p>\n<p><strong>Le imprese della filiera non possono trasferire nemmeno in parte questi maggiori costi sui prezzi dei medicinali con prescrizione, che sono negoziati o fissati per legge<\/strong>. Lo dimostra il dato Istat che rileva la riduzione dell\u20191% dei prezzi al consumo rispetto al 2021, a fronte di un\u2019inflazione dell\u20198,4%.<\/p>\n<p>Per queste ragioni Farmindustria &#8211; Egualia &#8211; Assoram &#8211; ADF &#8211; Federfarma Servizi &#8211; Federfarma \u2013 Assofarm, anche alla luce di estemporanee richieste di aumenti della tassazione a carico delle imprese di settore che avrebbero inevitabili ricadute su tutta la filiera, sollecitano l\u2019adozione di misure urgenti a sostegno della <img loading=\"lazy\" decoding=\"async\" class=\"wp-image-67152 alignleft\" src=\"https:\/\/www.fedaiisf.it\/wp-content\/uploads\/2022\/09\/costi-fuori-controllo-farmaceutica.jpeg\" alt=\"\" width=\"372\" height=\"209\" srcset=\"https:\/\/www.fedaiisf.it\/wp-content\/uploads\/2022\/09\/costi-fuori-controllo-farmaceutica.jpeg 1643w, https:\/\/www.fedaiisf.it\/wp-content\/uploads\/2022\/09\/costi-fuori-controllo-farmaceutica-300x169.jpeg 300w, https:\/\/www.fedaiisf.it\/wp-content\/uploads\/2022\/09\/costi-fuori-controllo-farmaceutica-1024x576.jpeg 1024w, https:\/\/www.fedaiisf.it\/wp-content\/uploads\/2022\/09\/costi-fuori-controllo-farmaceutica-768x432.jpeg 768w, https:\/\/www.fedaiisf.it\/wp-content\/uploads\/2022\/09\/costi-fuori-controllo-farmaceutica-1536x864.jpeg 1536w, https:\/\/www.fedaiisf.it\/wp-content\/uploads\/2022\/09\/costi-fuori-controllo-farmaceutica-390x220.jpeg 390w\" sizes=\"auto, (max-width: 372px) 100vw, 372px\" \/>produzione e distribuzione dei farmaci durante questa crisi straordinaria derivante dall\u2019aumento dei costi, mettendo in sicurezza la continuit\u00e0 delle forniture in maniera economicamente sostenibile.<\/p>\n<p>Il rischio, infatti, non \u00e8 solo derivante da eventuali provvedimenti di riduzione della spesa, ma \u00e8 soprattutto quello della <strong>insostenibilit\u00e0 economica di determinate produzioni o servizi di distribuzione in conseguenza della crisi inflattiva e quindi della distribuzione sul territorio nazionale<\/strong>, che causerebbe l\u2019aggravarsi di fenomeni di carenze e indisponibilit\u00e0 anche territoriale per le farmacie rurali che spesso costituiscono il principale presidio sanitario dei piccoli centri. La filiera farmaceutica evidenzia altres\u00ec la necessit\u00e0 di politiche di attrattivit\u00e0 per garantire e far crescere gli investimenti.<\/p>\n<p>In vista dell\u2019autunno, con la necessit\u00e0 di garantire le nuove campagne per i vaccini anti-Covid e con la stagione influenzale alle porte, \u00e8 indispensabile assicurare tutte le condizioni per garantire ai cittadini la disponibilit\u00e0 in farmacia di medicinali, vaccini, dispositivi medici e prodotti sanitari, disponibilit\u00e0 che oggi appare invece sempre pi\u00f9 a rischio. \u00c8 perci\u00f2 nell\u2019interesse comune del Paese e del nostro sistema sanitario che il ruolo svolto dalle imprese del settore, operatori privati al servizio delle esigenze della collettivit\u00e0, venga tutelato attuando ogni intervento per permetterne l\u2019indispensabile sostenibilit\u00e0 economica a tutto il comparto&#8221;.<\/p>\n<p>Related news:\u00a0<a href=\"https:\/\/www.egualia.it\/it\/notizie\/5102-non-chiudete-i-rubinetti-del-gas-agli-stabilimenti-di-produzione-dei-medicinali.html\" target=\"_blank\" rel=\"noopener\">\u00abNon chiudete i rubinetti del gas agli stabilimenti di produzione dei medicinali\u00bb<\/a><\/p>","protected":false},"excerpt":{"rendered":"<p>La filiera farmaceutica chiede di essere considerata, come avvenuto durante la pandemia, comparto essenziale al quale assicurare continuit\u00e0 e sostenibilit\u00e0 della fornitura di gas, energia elettrica e carburanti per evitare il rischio di carenza di terapie in Italia e all\u2019estero Egualia &#8211; 8 settembre 2022 In un comunicato congiunto diffuso oggi Farmindustria &#8211; Egualia &#8211; &hellip;<\/p>","protected":false},"author":4,"featured_media":67155,"comment_status":"closed","ping_status":"closed","sticky":false,"template":"","format":"standard","meta":{"footnotes":""},"categories":[1],"tags":[50,31,79],"class_list":["post-67149","post","type-post","status-publish","format-standard","has-post-thumbnail","hentry","category-notizie","tag-farmindustria","tag-generici","tag-ssn"],"amp_enabled":true,"_links":{"self":[{"href":"https:\/\/www.fedaiisf.it\/en\/wp-json\/wp\/v2\/posts\/67149","targetHints":{"allow":["GET"]}}],"collection":[{"href":"https:\/\/www.fedaiisf.it\/en\/wp-json\/wp\/v2\/posts"}],"about":[{"href":"https:\/\/www.fedaiisf.it\/en\/wp-json\/wp\/v2\/types\/post"}],"author":[{"embeddable":true,"href":"https:\/\/www.fedaiisf.it\/en\/wp-json\/wp\/v2\/users\/4"}],"replies":[{"embeddable":true,"href":"https:\/\/www.fedaiisf.it\/en\/wp-json\/wp\/v2\/comments?post=67149"}],"version-history":[{"count":0,"href":"https:\/\/www.fedaiisf.it\/en\/wp-json\/wp\/v2\/posts\/67149\/revisions"}],"wp:featuredmedia":[{"embeddable":true,"href":"https:\/\/www.fedaiisf.it\/en\/wp-json\/wp\/v2\/media\/67155"}],"wp:attachment":[{"href":"https:\/\/www.fedaiisf.it\/en\/wp-json\/wp\/v2\/media?parent=67149"}],"wp:term":[{"taxonomy":"category","embeddable":true,"href":"https:\/\/www.fedaiisf.it\/en\/wp-json\/wp\/v2\/categories?post=67149"},{"taxonomy":"post_tag","embeddable":true,"href":"https:\/\/www.fedaiisf.it\/en\/wp-json\/wp\/v2\/tags?post=67149"}],"curies":[{"name":"wp","href":"https:\/\/api.w.org\/{rel}","templated":true}]}}