{"id":67157,"date":"2022-09-09T12:21:23","date_gmt":"2022-09-09T10:21:23","guid":{"rendered":"https:\/\/www.fedaiisf.it\/?p=67157"},"modified":"2022-09-09T13:05:13","modified_gmt":"2022-09-09T11:05:13","slug":"bonus-200-euro-400mila-autonomi-rischiano-di-non-riceverlo","status":"publish","type":"post","link":"https:\/\/www.fedaiisf.it\/en\/bonus-200-euro-400mila-autonomi-rischiano-di-non-riceverlo\/","title":{"rendered":"Bonus 200 euros, &quot;400 thousand self-employed risk not receiving it&quot;"},"content":{"rendered":"<p style=\"font-weight: 400;\">The provision of the one-off benefit for self-employed workers could be launched shortly with a click day. Applications would thus be accepted in chronological order, until funds are exhausted. <img loading=\"lazy\" decoding=\"async\" class=\"wp-image-67162 alignright\" src=\"https:\/\/www.fedaiisf.it\/wp-content\/uploads\/2022\/09\/click-day-.jpeg\" alt=\"\" width=\"368\" height=\"193\" srcset=\"https:\/\/www.fedaiisf.it\/wp-content\/uploads\/2022\/09\/click-day-.jpeg 1027w, https:\/\/www.fedaiisf.it\/wp-content\/uploads\/2022\/09\/click-day--300x157.jpeg 300w, https:\/\/www.fedaiisf.it\/wp-content\/uploads\/2022\/09\/click-day--1024x536.jpeg 1024w, https:\/\/www.fedaiisf.it\/wp-content\/uploads\/2022\/09\/click-day--768x402.jpeg 768w\" sizes=\"auto, (max-width: 368px) 100vw, 368px\" \/>Confesercenti: &quot;Resources are not enough for the whole category, there are those who will be left out&quot;. Confcommercio: &quot;Iniquity between those entitled&quot;.<\/p>\n<p style=\"font-weight: 400;\"><a href=\"https:\/\/tg24.sky.it\/economia\/2022\/09\/09\/bonus-200-euro-autonomi-partite-iva#00\" target=\"_blank\" rel=\"noopener\">Sky TG24 \u2013 9 September 2022<\/a><\/p>\n<p style=\"font-weight: 400;\">There would be around 400 thousand independent workers - self-employed, professionals and micro-entrepreneurs - who risk not receiving the 200 euro bonus. The estimates come from Confesercenti, which denounces how these categories will be forced &quot;to participate in yet another click day&quot; in order to collect the indemnity. In practice: requests will be satisfied on the basis of the chronological order of receipt. Thus, many workers could be left without bonuses.<\/p>\n<p style=\"font-weight: 400;\">Rumor has it that click day could be expected soon, <a href=\"https:\/\/www.ilsole24ore.com\/art\/bonus-200-euro-professionisti-click-day-unico-settembre-AEyCqHsB\" target=\"_blank\" rel=\"noopener\">maybe September 15th.<\/a> Awaiting confirmation, Confesercenti defines this method of booking allowances - already tested for other concessions - &quot;an unacceptable lottery&quot;. The fact of assigning &quot;support based on the chronological order of presentation of the application - which is very onerous from the point of view of document production - until the available resources are exhausted&quot; automatically excludes all those who apply at a later time.<\/p>\n<p style=\"font-weight: 400;\">Then there is a resource problem. According to Confesercenti estimates, the 600 million euros allocated by the government with the Aid bis Decree for non-employee workers would be enough for only 3 million people. However, there are at least 3.4 million Italians who in 2021 had an Isee income not exceeding 35 thousand euros and who therefore meet the requirements to be able to ask for 200 euros. \u201cUp to 400,000 workers, therefore, but perhaps even more, risk being excluded from a support that should be their right,\u201d says Confesercenti.<\/p>\n<p style=\"font-weight: 400;\"><img loading=\"lazy\" decoding=\"async\" class=\"wp-image-67163 alignleft\" src=\"https:\/\/www.fedaiisf.it\/wp-content\/uploads\/2022\/09\/1-lotteria-bonus-200-euro.jpg\" alt=\"\" width=\"396\" height=\"213\" srcset=\"https:\/\/www.fedaiisf.it\/wp-content\/uploads\/2022\/09\/1-lotteria-bonus-200-euro.jpg 650w, https:\/\/www.fedaiisf.it\/wp-content\/uploads\/2022\/09\/1-lotteria-bonus-200-euro-300x162.jpg 300w\" sizes=\"auto, (max-width: 396px) 100vw, 396px\" \/>All this would lead to &quot;an inadmissible distortion for a category already amply tested by the crisis due to the health emergency first and then to high bills&quot;, concludes the association. Other acronyms, in recent days, have highlighted the same problems. Thus, for example, Confcommercio, which adds that at the moment &quot;over 3 million self-employed and professional workers are still waiting to know when and how to access the 200 euro bonus&quot; .<\/p>\n<p style=\"font-weight: 400;\">For employees, the disbursement - which began last July - was simpler: in essence, it was enough to fill in a self-declaration regarding the requirements. Self-employed workers and professionals are however still awaiting the indications of an interministerial implementing decree which should allow &quot;the full usability of the aid within the month of September&quot; automatically, &quot;as happened for employees&quot;.<\/p>\n<p style=\"font-weight: 400;\">Confcommercio therefore also asks that applications should not be submitted to methods which, as in the case of a possible click day, would make access to the measure more difficult, &quot;generating inequity within the same audience of those entitled&quot;.<\/p>\n<p>Related news: <a href=\"https:\/\/amp24.ilsole24ore.com\/pagina\/AE1JaQyB\" target=\"_blank\" rel=\"noopener\">The sun 24 hours. Autonomous 200 euro bonus: this is where we are. The doubt that resources are not enough for everyone<\/a><\/p>","protected":false},"excerpt":{"rendered":"<p>L&#8217;erogazione dell&#8217;indennit\u00e0 una tantum per i lavoratori non dipendenti potrebbe essere lanciata a breve con un click day. Verrebbero cos\u00ec accolte le domande in ordine cronologico, fino a esaurimento fondi disponibili. Confesercenti: &#8220;Le risorse non bastano per tutta la categoria, c&#8217;\u00e8 chi rimarr\u00e0 fuori&#8221;. Confcommercio: &#8220;Iniquit\u00e0 tra aventi diritto&#8221;. Sky TG24 \u2013 9 settembre 2022 &hellip;<\/p>","protected":false},"author":4,"featured_media":67166,"comment_status":"closed","ping_status":"closed","sticky":false,"template":"","format":"standard","meta":{"footnotes":""},"categories":[1],"tags":[155,41],"class_list":["post-67157","post","type-post","status-publish","format-standard","has-post-thumbnail","hentry","category-notizie","tag-divieto-accesso-isf","tag-leggisentenze"],"amp_enabled":true,"_links":{"self":[{"href":"https:\/\/www.fedaiisf.it\/en\/wp-json\/wp\/v2\/posts\/67157","targetHints":{"allow":["GET"]}}],"collection":[{"href":"https:\/\/www.fedaiisf.it\/en\/wp-json\/wp\/v2\/posts"}],"about":[{"href":"https:\/\/www.fedaiisf.it\/en\/wp-json\/wp\/v2\/types\/post"}],"author":[{"embeddable":true,"href":"https:\/\/www.fedaiisf.it\/en\/wp-json\/wp\/v2\/users\/4"}],"replies":[{"embeddable":true,"href":"https:\/\/www.fedaiisf.it\/en\/wp-json\/wp\/v2\/comments?post=67157"}],"version-history":[{"count":0,"href":"https:\/\/www.fedaiisf.it\/en\/wp-json\/wp\/v2\/posts\/67157\/revisions"}],"wp:featuredmedia":[{"embeddable":true,"href":"https:\/\/www.fedaiisf.it\/en\/wp-json\/wp\/v2\/media\/67166"}],"wp:attachment":[{"href":"https:\/\/www.fedaiisf.it\/en\/wp-json\/wp\/v2\/media?parent=67157"}],"wp:term":[{"taxonomy":"category","embeddable":true,"href":"https:\/\/www.fedaiisf.it\/en\/wp-json\/wp\/v2\/categories?post=67157"},{"taxonomy":"post_tag","embeddable":true,"href":"https:\/\/www.fedaiisf.it\/en\/wp-json\/wp\/v2\/tags?post=67157"}],"curies":[{"name":"wp","href":"https:\/\/api.w.org\/{rel}","templated":true}]}}