{"id":67249,"date":"2022-09-14T01:51:14","date_gmt":"2022-09-13T23:51:14","guid":{"rendered":"https:\/\/www.fedaiisf.it\/?p=67249"},"modified":"2022-09-13T17:52:26","modified_gmt":"2022-09-13T15:52:26","slug":"partite-iva-bonus-200-euro-rimandato-il-click-day-si-terra-dopo-il-20-settembre-ed-entro-il-30-novembre","status":"publish","type":"post","link":"https:\/\/www.fedaiisf.it\/en\/partite-iva-bonus-200-euro-rimandato-il-click-day-si-terra-dopo-il-20-settembre-ed-entro-il-30-novembre\/","title":{"rendered":"VAT numbers. Bonus 200 euro: the &quot;click day&quot; has been postponed, it will be held after 20 September and before 30 November"},"content":{"rendered":"<p>L\u2019Adepp ha comunicato di aver rimandato il click day previsto per la presentazione delle domande di autonomi e professionisti con Partita Iva per accedere al bonus 200 euro. Quando si terr\u00e0 dunque il click day? Vediamo insieme.<\/p>\n<p><a href=\"https:\/\/www.i-dome.com\/news\/bonus-200-euro-partite-iva-rimandato-il-click-day-a-quando.php\" target=\"_blank\" rel=\"noopener\">Dome &#8211; 11 settembre 2022<\/a><\/p>\n<p><img loading=\"lazy\" decoding=\"async\" class=\"wp-image-67254 alignright\" src=\"https:\/\/www.fedaiisf.it\/wp-content\/uploads\/2022\/09\/click-day-adepp.jpeg\" alt=\"\" width=\"336\" height=\"189\" srcset=\"https:\/\/www.fedaiisf.it\/wp-content\/uploads\/2022\/09\/click-day-adepp.jpeg 1200w, https:\/\/www.fedaiisf.it\/wp-content\/uploads\/2022\/09\/click-day-adepp-300x169.jpeg 300w, https:\/\/www.fedaiisf.it\/wp-content\/uploads\/2022\/09\/click-day-adepp-1024x576.jpeg 1024w, https:\/\/www.fedaiisf.it\/wp-content\/uploads\/2022\/09\/click-day-adepp-768x432.jpeg 768w, https:\/\/www.fedaiisf.it\/wp-content\/uploads\/2022\/09\/click-day-adepp-390x220.jpeg 390w\" sizes=\"auto, (max-width: 336px) 100vw, 336px\" \/>THE <strong>professionisti e autonomi con Partita Iva<\/strong> rientrano tra le categorie che devono presentare <strong>domanda<\/strong> per accedere al <strong>bonus 200 euro.<\/strong> Inizialmente, era stato previsto un<strong> click day<\/strong> che si sarebbe dovuto tenere il<strong> September 15th<\/strong>, ma l\u2019<strong>Associazione degli Enti previdenziali privati<\/strong> (Adepp) ha fatto sapere che la procedura non sar\u00e0 attiva<strong> prima del 20 settembre<\/strong>.<\/p>\n<h2>Bonus 200 euro autonomi e professionisti: click day entro novembre<\/h2>\n<p>The <strong>click day<\/strong> del 15 settembre per <strong>autonomi e professionisti con Partita Iva<\/strong> che devono presentare domanda per il <strong>bonus 200 euros\u00a0<\/strong>\u00e8 stato rimandato e i lavoratori dovranno aspettare ancora qualche settimana. Dopo un confronto fra i suoi tecnici e alcuni dirigenti dell\u2019Inps, l\u2019<strong>Adepp<\/strong> ha infatti comunicato di aver deciso di rimandare il click day, che si terr\u00e0 <strong>dopo il 20 settembre ed entro il 30 novembre.<\/strong><\/p>\n<p>L\u2019Adepp ha spiegato che per dare il via all\u2019invio delle domande si deve attendere l\u2019<strong>entrata in vigore del <img loading=\"lazy\" decoding=\"async\" class=\"wp-image-67255 alignleft\" src=\"https:\/\/www.fedaiisf.it\/wp-content\/uploads\/2022\/09\/bonus-200-euro.png\" alt=\"\" width=\"237\" height=\"123\" srcset=\"https:\/\/www.fedaiisf.it\/wp-content\/uploads\/2022\/09\/bonus-200-euro.png 800w, https:\/\/www.fedaiisf.it\/wp-content\/uploads\/2022\/09\/bonus-200-euro-300x156.png 300w, https:\/\/www.fedaiisf.it\/wp-content\/uploads\/2022\/09\/bonus-200-euro-768x398.png 768w\" sizes=\"auto, (max-width: 237px) 100vw, 237px\" \/>implementing decree<\/strong> della misura assistenziale prevista dal decreto Aiuti. Il testo del decreto \u00e8 al vaglio della Corte dei Conti dal 23 agosto e soltanto quando la magistratura contabile avr\u00e0 terminato i dovuti controlli, il decreto sar\u00e0 pubblicato in in Gazzetta ufficiale. Solo a quel punto potr\u00e0 iniziare l\u2019iter per aprire le domande.<\/p>\n<p>Per quanto riguarda il <strong>risk<\/strong> dei possibili <strong>esclusi<\/strong> anche se aventi diritto al <strong>bonus 200 euros<\/strong>, secondo cui le risorse stanziate non sarebbero sufficienti a coprire l\u2019intera platea di beneficiari, l\u2019Adepp ha comunicato che:<\/p>\n<p style=\"padding-left: 40px; text-align: justify;\">\u00c8 stato effettuato un approfondimento sullo stanziamento operato dal governo, che si rivela capiente rispetto alla platea dei beneficiari. Pertanto non c\u2019\u00e8 il rischio che i soggetti in possesso dei requisiti non accedano al bonus. Pertanto ha poco senso parlare di click day, essendoci la possibilit\u00e0 di presentare la domanda entro il 30 novembre<\/p>\n<hr \/>\n<p>Related news:\u00a0<a href=\"https:\/\/www.fiscal-focus.it\/quotidiano\/il-quotidiano\/articoli-fisco\/200-euro-autonomi-le-risposte-ai-dubbi-dei-professionisti,3,145528\" target=\"_blank\" rel=\"noopener\"><strong>200 euro autonomi: le risposte ai dubbi dei professionisti<\/strong><\/a><\/p>\n<p>&nbsp;<\/p>\n<p>&nbsp;<\/p>","protected":false},"excerpt":{"rendered":"<p>L\u2019Adepp ha comunicato di aver rimandato il click day previsto per la presentazione delle domande di autonomi e professionisti con Partita Iva per accedere al bonus 200 euro. Quando si terr\u00e0 dunque il click day? Vediamo insieme. Dome &#8211; 11 settembre 2022 I professionisti e autonomi con Partita Iva rientrano tra le categorie che devono &hellip;<\/p>","protected":false},"author":4,"featured_media":66573,"comment_status":"closed","ping_status":"closed","sticky":false,"template":"","format":"standard","meta":{"footnotes":""},"categories":[1],"tags":[41],"class_list":["post-67249","post","type-post","status-publish","format-standard","has-post-thumbnail","hentry","category-notizie","tag-leggisentenze"],"amp_enabled":true,"_links":{"self":[{"href":"https:\/\/www.fedaiisf.it\/en\/wp-json\/wp\/v2\/posts\/67249","targetHints":{"allow":["GET"]}}],"collection":[{"href":"https:\/\/www.fedaiisf.it\/en\/wp-json\/wp\/v2\/posts"}],"about":[{"href":"https:\/\/www.fedaiisf.it\/en\/wp-json\/wp\/v2\/types\/post"}],"author":[{"embeddable":true,"href":"https:\/\/www.fedaiisf.it\/en\/wp-json\/wp\/v2\/users\/4"}],"replies":[{"embeddable":true,"href":"https:\/\/www.fedaiisf.it\/en\/wp-json\/wp\/v2\/comments?post=67249"}],"version-history":[{"count":0,"href":"https:\/\/www.fedaiisf.it\/en\/wp-json\/wp\/v2\/posts\/67249\/revisions"}],"wp:featuredmedia":[{"embeddable":true,"href":"https:\/\/www.fedaiisf.it\/en\/wp-json\/wp\/v2\/media\/66573"}],"wp:attachment":[{"href":"https:\/\/www.fedaiisf.it\/en\/wp-json\/wp\/v2\/media?parent=67249"}],"wp:term":[{"taxonomy":"category","embeddable":true,"href":"https:\/\/www.fedaiisf.it\/en\/wp-json\/wp\/v2\/categories?post=67249"},{"taxonomy":"post_tag","embeddable":true,"href":"https:\/\/www.fedaiisf.it\/en\/wp-json\/wp\/v2\/tags?post=67249"}],"curies":[{"name":"wp","href":"https:\/\/api.w.org\/{rel}","templated":true}]}}