{"id":67366,"date":"2022-09-19T13:15:01","date_gmt":"2022-09-19T11:15:01","guid":{"rendered":"https:\/\/www.fedaiisf.it\/?p=67366"},"modified":"2022-09-19T13:15:01","modified_gmt":"2022-09-19T11:15:01","slug":"cattani-farmindustria-grazie-ai-medicinali-sono-stati-ottenuti-risultati-straordinari-per-la-salute-e-la-qualita-di-vita-in-italia","status":"publish","type":"post","link":"https:\/\/www.fedaiisf.it\/en\/cattani-farmindustria-grazie-ai-medicinali-sono-stati-ottenuti-risultati-straordinari-per-la-salute-e-la-qualita-di-vita-in-italia\/","title":{"rendered":"Cattani (Farmindustria): &quot;Thanks to medicines, extraordinary results have been obtained for health and quality of life in Italy&quot;"},"content":{"rendered":"<p><img loading=\"lazy\" decoding=\"async\" class=\"alignnone size-full wp-image-67367\" src=\"https:\/\/www.fedaiisf.it\/wp-content\/uploads\/2022\/09\/Farmindustria-ufficio-stampa.png\" alt=\"\" width=\"285\" height=\"131\" \/><\/p>\n<p style=\"font-weight: 400;\"><a href=\"https:\/\/www.farmindustria.it\/app\/uploads\/2022\/09\/15.-Dichiarazione-Presidente-Giornata-Mondiale-Sicurezza-Paziente_17settembre2022.docx\" target=\"_blank\" rel=\"noopener\">Roma, 17 settembre 2022 &#8211; Ufficio Stampa Farmindustria<\/a><\/p>\n<p style=\"font-weight: 400; text-align: justify;\"><span style=\"font-size: 14pt;\"><strong>Dichiarazione Presidente Farmindustria, Marcello Cattani, per la giornata mondiale della sicurezza del paziente<\/strong><\/span><\/p>\n<p style=\"font-weight: 400; text-align: justify;\"><img loading=\"lazy\" decoding=\"async\" class=\"wp-image-67371 alignright\" src=\"https:\/\/www.fedaiisf.it\/wp-content\/uploads\/2022\/09\/LaCuraSicura-giornata-del-paziente.jpeg\" alt=\"\" width=\"350\" height=\"175\" srcset=\"https:\/\/www.fedaiisf.it\/wp-content\/uploads\/2022\/09\/LaCuraSicura-giornata-del-paziente.jpeg 800w, https:\/\/www.fedaiisf.it\/wp-content\/uploads\/2022\/09\/LaCuraSicura-giornata-del-paziente-300x150.jpeg 300w, https:\/\/www.fedaiisf.it\/wp-content\/uploads\/2022\/09\/LaCuraSicura-giornata-del-paziente-768x384.jpeg 768w\" sizes=\"auto, (max-width: 350px) 100vw, 350px\" \/>\u201cSeguire con attenzione le indicazioni del proprio medico e del foglietto illustrativo e conservare adeguatamente i farmaci \u00e8 fondamentale per garantire la sicurezza del paziente\u201d, dichiara <strong>Marcello Cattani, Presidente di Farmindustria<\/strong>, in occasione della <strong>Giornata Mondiale della sicurezza del paziente<\/strong> promossa dall\u2019Oms.<\/p>\n<p style=\"font-weight: 400; text-align: justify;\">\u201cGrazie ai medicinali sono stati ottenuti risultati straordinari per la salute e la qualit\u00e0 di vita in Italia. Basti pensare che in 10 anni le persone che sopravvivono dopo una diagnosi di tumore sono 1,2 milioni in pi\u00f9. I cittadini trattati con farmaci innovativi contro l\u2019epatite C, e quindi guariti, sono circa 240 mila. I farmaci orfani autorizzati in Italia sono passati dal 2007 al 2021 da 7 a pi\u00f9 di 100. Le vaccinazioni hanno permesso di eradicare malattie e di controllarne altre.<\/p>\n<p style=\"font-weight: 400; text-align: justify;\">Medicinali che sono costantemente monitorati, anche dopo la loro approvazione, grazie alla farmacovigilanza, attraverso un capillare network di sorveglianza che, a livello globale, coinvolge agenzie regolatorie, operatori sanitari e imprese del farmaco.<\/p>\n<p style=\"font-weight: 400; text-align: justify;\">L\u2019industria farmaceutica \u00e8 un settore fondamentale per la sanit\u00e0 che ha bisogno di essere messo in sicurezza nell\u2019attuale congiuntura di crisi energetica e di aumento dei costi delle materie prime. \u00c8 per questo deve essere considerato un comparto essenziale al quale \u00e8 necessario assicurare continuit\u00e0 e sostenibilit\u00e0 della fornitura di gas, energia elettrica e carburanti per il trasporto, con l\u2019adozione di misure al centro dell\u2019agenda politica e di governo.<\/p>\n<p style=\"font-weight: 400; text-align: justify;\">Si pu\u00f2 fare ancora di pi\u00f9 e meglio, come sistema salute. A partire dalla diffusione della cultura dell\u2019appropriatezza terapeutica e del corretto uso dei farmaci, aumentando la consapevolezza di cittadini e operatori. E anche dei giovani studenti, per i quali Farmindustria si impegna da anni con iniziative <em>ad hoc<\/em>. Da ultimo, insieme a Federsanit\u00e0, con la \u201cGuida all\u2019uso appropriato del farmaco\u201d che porta nelle Scuole un messaggio educativo su Salute e Prevenzione.<\/p>\n<p style=\"font-weight: 400; text-align: justify;\">La collaborazione globale a tutti i livelli fa raggiungere traguardi sempre pi\u00f9 ambiziosi per la tutela della salute dei pazienti.\u201d<\/p>","protected":false},"excerpt":{"rendered":"<p>Roma, 17 settembre 2022 &#8211; Ufficio Stampa Farmindustria Dichiarazione Presidente Farmindustria, Marcello Cattani, per la giornata mondiale della sicurezza del paziente \u201cSeguire con attenzione le indicazioni del proprio medico e del foglietto illustrativo e conservare adeguatamente i farmaci \u00e8 fondamentale per garantire la sicurezza del paziente\u201d, dichiara Marcello Cattani, Presidente di Farmindustria, in occasione della &hellip;<\/p>","protected":false},"author":4,"featured_media":67372,"comment_status":"closed","ping_status":"closed","sticky":false,"template":"","format":"standard","meta":{"footnotes":""},"categories":[1],"tags":[50],"class_list":["post-67366","post","type-post","status-publish","format-standard","has-post-thumbnail","hentry","category-notizie","tag-farmindustria"],"amp_enabled":true,"_links":{"self":[{"href":"https:\/\/www.fedaiisf.it\/en\/wp-json\/wp\/v2\/posts\/67366","targetHints":{"allow":["GET"]}}],"collection":[{"href":"https:\/\/www.fedaiisf.it\/en\/wp-json\/wp\/v2\/posts"}],"about":[{"href":"https:\/\/www.fedaiisf.it\/en\/wp-json\/wp\/v2\/types\/post"}],"author":[{"embeddable":true,"href":"https:\/\/www.fedaiisf.it\/en\/wp-json\/wp\/v2\/users\/4"}],"replies":[{"embeddable":true,"href":"https:\/\/www.fedaiisf.it\/en\/wp-json\/wp\/v2\/comments?post=67366"}],"version-history":[{"count":0,"href":"https:\/\/www.fedaiisf.it\/en\/wp-json\/wp\/v2\/posts\/67366\/revisions"}],"wp:featuredmedia":[{"embeddable":true,"href":"https:\/\/www.fedaiisf.it\/en\/wp-json\/wp\/v2\/media\/67372"}],"wp:attachment":[{"href":"https:\/\/www.fedaiisf.it\/en\/wp-json\/wp\/v2\/media?parent=67366"}],"wp:term":[{"taxonomy":"category","embeddable":true,"href":"https:\/\/www.fedaiisf.it\/en\/wp-json\/wp\/v2\/categories?post=67366"},{"taxonomy":"post_tag","embeddable":true,"href":"https:\/\/www.fedaiisf.it\/en\/wp-json\/wp\/v2\/tags?post=67366"}],"curies":[{"name":"wp","href":"https:\/\/api.w.org\/{rel}","templated":true}]}}