{"id":67677,"date":"2022-10-02T11:55:37","date_gmt":"2022-10-02T09:55:37","guid":{"rendered":"https:\/\/www.fedaiisf.it\/?p=67677"},"modified":"2022-10-02T12:11:36","modified_gmt":"2022-10-02T10:11:36","slug":"gemmato-responsabile-sanita-di-fratelli-ditalia-no-alle-case-di-comunita","status":"publish","type":"post","link":"https:\/\/www.fedaiisf.it\/en\/gemmato-responsabile-sanita-di-fratelli-ditalia-no-alle-case-di-comunita\/","title":{"rendered":"Gemmato, health manager of brothers in Italy: &quot;No to community houses&quot;"},"content":{"rendered":"<p><strong><span style=\"font-size: 14pt;\">Le Case di Comunit\u00e0<\/span><\/strong><\/p>\n<p style=\"font-weight: 400;\"><img loading=\"lazy\" decoding=\"async\" class=\" wp-image-60087 alignright\" src=\"https:\/\/www.fedaiisf.it\/wp-content\/uploads\/2021\/09\/Case-Comunita-Pnrr.png\" alt=\"\" width=\"497\" height=\"252\" srcset=\"https:\/\/www.fedaiisf.it\/wp-content\/uploads\/2021\/09\/Case-Comunita-Pnrr.png 607w, https:\/\/www.fedaiisf.it\/wp-content\/uploads\/2021\/09\/Case-Comunita-Pnrr-300x152.png 300w\" sizes=\"auto, (max-width: 497px) 100vw, 497px\" \/>Le Case di Comunit\u00e0 rappresentano un nuovo strumento del Servizio Sanitario Nazionale che andr\u00e0 collocato in modo appropriato nel sistema delle cure territoriali e che, grazie ai finanziamenti del PNRR (2 miliardi), si svilupper\u00e0 in 1288 strutture, ampliabili a 1350, una ogni 40\/50.000 abitanti.<\/p>\n<p style=\"font-weight: 400;\">La Casa di Comunit\u00e0 introduce un modello organizzativo di approccio integrato e multidisciplinare attraverso la modalit\u00e0 operativa dell\u2019\u00e9quipe multiprofessionale territoriale. L\u2019attivit\u00e0, infatti, deve essere organizzata in modo tale da permettere un\u2019azione d\u2019\u00e9quipe tra Medici di Medicina Generale, Pediatri di Libera Scelta, Specialisti Ambulatoriali Interni \u2013 anche nelle loro forme organizzative \u2013 Infermieri di Famiglia o Comunit\u00e0 (IFAoC), altri professionisti della salute disponibili a legislazione vigente nell\u2019ambito delle aziende sanitarie, quali ad esempio Psicologi, Ostetrici, Professionisti dell\u2019area della Prevenzione, della Riabilitazione e Tecnica, e Assistenti Sociali.<\/p>\n<p style=\"font-weight: 400;\">Ci sar\u00e0 una \u00abpresenza medica\u00bb 24 ore al giorno sette giorni su sette, insieme agli infermieri (12 ore al giorno per 7 giorni).<\/p>\n<p style=\"font-weight: 400;\">\u00a0Dovranno lavorare come un filtro sul territorio per evitare accessi impropri negli ospedali gestendo in particolare i pazienti anziani e cronici con pi\u00f9 patologie<\/p>\n<p style=\"font-weight: 400;\">La riforma della sanit\u00e0 territoriale con la configurazione delle nuove Case di Comunit\u00e0 non trova tutti entusiasti. Il Forum Terzo Settore ha espresso la sua delusione: \u201cIl testo che esce dalla Conferenza Unificata viene \u2018sbianchettato\u2019, viene chirurgicamente tolto tutto ci\u00f2 che fa riferimento all\u2019integrazione socio-sanitaria. Ora le Case di Comunit\u00e0 sono state riconfigurate, assolvono in larga parte a funzioni di tipo sanitario\u00bb, ha <a href=\"https:\/\/www.sanitainformazione.it\/salute\/il-terzo-settore-boccia-le-case-di-comunita-integrazione-socio-sanitaria-sparita\/\" target=\"_blank\" rel=\"noopener\">dichiarato<\/a> il coordinatore del Forum, Dr. Speziale. La Federazione Italiana Sindacale Medici Uniti da mesi <a href=\"https:\/\/www.panoramasanita.it\/2022\/09\/27\/case-di-comunita-e-territorio-da-fismu-una-piattaforma-di-proposte-per-i-medici-di-medicina-generale-e-del-territorio\/\" target=\"_blank\" rel=\"noopener\">denuncia<\/a> per\u00f2 l\u2019assenza di un progetto concreto da parte delle Regioni e l\u2019assenza di una direttrice chiara da parte del Governo centrale.<\/p>\n<p><strong><span style=\"font-size: 14pt;\">La proposta<\/span><\/strong><\/p>\n<p style=\"font-weight: 400;\"><img loading=\"lazy\" decoding=\"async\" class=\"wp-image-67645 alignleft\" src=\"https:\/\/www.fedaiisf.it\/wp-content\/uploads\/2022\/09\/Marcello-gemmato-testo.jpg\" alt=\"\" width=\"364\" height=\"205\" srcset=\"https:\/\/www.fedaiisf.it\/wp-content\/uploads\/2022\/09\/Marcello-gemmato-testo.jpg 1280w, https:\/\/www.fedaiisf.it\/wp-content\/uploads\/2022\/09\/Marcello-gemmato-testo-300x169.jpg 300w, https:\/\/www.fedaiisf.it\/wp-content\/uploads\/2022\/09\/Marcello-gemmato-testo-1024x577.jpg 1024w, https:\/\/www.fedaiisf.it\/wp-content\/uploads\/2022\/09\/Marcello-gemmato-testo-768x433.jpg 768w, https:\/\/www.fedaiisf.it\/wp-content\/uploads\/2022\/09\/Marcello-gemmato-testo-390x220.jpg 390w\" sizes=\"auto, (max-width: 364px) 100vw, 364px\" \/>Marcello Gemmato, farmacista di Terlizzi (BA), responsabile sanit\u00e0 di FdI e rieletto alla Camera, che potrebbe avere un <a href=\"https:\/\/www.trnews.it\/2022\/09\/29\/gemmato-io-nel-governo-meloni-se-il-partito-me-lo-chiede\/369569\" target=\"_blank\" rel=\"noopener\">ruolo importante<\/a> nel futuro governo, ieri ha annunciato: \u00abNo alle case di comunit\u00e0. Per offrire una concreta medicina di prossimit\u00e0 serve puntare sui medici di famiglia e i farmacisti dotati di strumenti diagnostici di base. Con la dotazione che nel Pnrr \u00e8 prevista (7 miliardi) per la telemedicina, questi professionisti possono fare di studi e farmacie gli hub in cui fare analisi di prima istanza, ecografie, elettrocardiogrammi. Si potrebbe contare in questo modo su una sanit\u00e0 diffusa che pu\u00f2 sopperire anche alla chiusura di tanti ospedali\u00bb. Una posizione che sembra prefigurare il ritorno al passato, pre Servizio sanitario nazionale. Continua Gemmato: \u00abRischiamo di non realizzare una vera medicina di prossimit\u00e0 escludendo i paesini, le aree disagiate. Per alcuni potrebbe significare farsi 20 minuti di auto per arrivare alla casa di comunit\u00e0. Mentre il medico di base e il farmacista attrezzati garantiscono l\u2019assistenza davvero prossima\u00bb. [dichiarazioni raccolte da <a href=\"https:\/\/www.quotidianosanita.it\/governo-e-parlamento\/articolo.php?articolo_id=107656\" target=\"_blank\" rel=\"noopener\">Quotidiano Sanit\u00e0<\/a>, \u00a0dal <a href=\"https:\/\/ilmanifesto.it\/via-le-case-e-gli-ospedali-di-comunita-per-fdi-basta-il-medico-di-base-e-il-farmacista\" target=\"_blank\" rel=\"noopener\">Manifesto<\/a>, <a href=\"https:\/\/nursetimes.org\/medicina-di-prossimita-dichiarazioni-shock-di-gemmato-fdi-no-alle-case-di-comunita-bastano-medici-di-famiglia-e-farmacisti-si-va-verso-una-controriforma\/146624\" target=\"_blank\" rel=\"noopener\">Nurse Times<\/a>, <a href=\"https:\/\/www.infermieristicamente.it\/articolo\/16085\/chiudere-case-della-comunita-e-stop-obbligo-vaccino-sanitari-la-sanita-secondo-la-destra\" target=\"_blank\" rel=\"noopener\">Infermieristicamente<\/a>, <a href=\"https:\/\/www.rifday.it\/2022\/09\/29\/gemmato-fdi-sanita-di-prossimita-riforma-da-rifare-mettere-al-centro-mmg-e-farmacie\/\" target=\"_blank\" rel=\"noopener\">RifDay<\/a>, ecc.].<\/p>\n<p style=\"font-weight: 400;\">Dalle sue parole viene fuori anche un altro punto nodale dei piani di FdI: mettere in discussione il Pnrr senza dirlo in modo esplicito.<\/p>\n<p style=\"font-weight: 400;\">Critiche sono state <a href=\"https:\/\/ilmanifesto.it\/via-le-case-e-gli-ospedali-di-comunita-per-fdi-basta-il-medico-di-base-e-il-farmacista\" target=\"_blank\" rel=\"noopener\">espresse da Andrea Filippi<\/a>, segretario nazionale Fp Cgil Medici: \u00abAbbiamo contestato la riforma di Speranza per la mancanza di una visione di sistema che davvero potenziasse servizi multiprofessionali. Ora addirittura le proposte di Gemmato insistono sulla frammentazione degli studi privati e delle farmacie. Come dire: siccome non \u00e8 stato previsto il personale, e noi di FdI non vogliamo metterci le risorse, arrangiamoci. Sembra una strategia per svuotare il Ssn lasciando campo libero alla privatizzazione\u00bb. Dalla <a href=\"https:\/\/www.quotidianosanita.it\/lettere-al-direttore\/articolo.php?articolo_id=107666\" target=\"_blank\" rel=\"noopener\">Lorenzin<\/a>: \u201cAttenzione a far saltare la riforma della medicina territoriale. Rischiamo il disastro\u201d. Il presidente dell\u2019Ordine dei Biologi, <a href=\"https:\/\/www.quotidianosanita.it\/lavoro-e-professioni\/articolo.php?articolo_id=107680\" target=\"_blank\" rel=\"noopener\">D\u2019Anna<\/a>: \u201cNon bastano solo i medici e i farmacisti per farla funzionare\u201d. <a href=\"https:\/\/www.quotidianosanita.it\/governo-e-parlamento\/articolo.php?articolo_id=107693\" target=\"_blank\" rel=\"noopener\">Annamaria Parente<\/a> (Iv): \u201cProposta di Gemmato non convince, il peso non pu\u00f2 ricadere solo su medici base\u201d<\/p>\n<p>Notizie correlate:<\/p>\n<p style=\"font-weight: 400;\">Il\u00a0<a href=\"https:\/\/www.trovanorme.salute.gov.it\/norme\/dettaglioAtto?id=87801\" target=\"_blank\" rel=\"noopener\">decreto interministeriale di natura regolamentare del 23 maggio 2022 , n. 77<\/a>, pubblicato sulla Gazzetta Ufficiale\u00a0 n. 144 del 22 giugno<\/p>\n<p><a href=\"https:\/\/www.snami.org\/wp-content\/uploads\/clicca-qui-per-leggere-24-agosto-2022-COMUNICATO-STAMPA-NAZIONALE-SNAMI.pdf\" target=\"_blank\" rel=\"noopener\">SNAMI. Le case della salute che si dovrebbero fare con i fondi del PNRR saranno ineludibilmente delle scatole vuote<\/a><\/p>\n<p><a href=\"https:\/\/www.fimmg.org\/index.php?action=pages&amp;m=view&amp;p=43&amp;art=5154\" target=\"_blank\" rel=\"noopener\">I professionisti della sanit\u00e0 si mobilitano in difesa della sanit\u00e0 pubblica e del loro lavoro<\/a><\/p>\n<p><a href=\"https:\/\/www.fimmg.org\/index.php?action=pages&amp;m=view&amp;p=18&amp;art=5151\" target=\"_blank\" rel=\"noopener\">Speranza: &#8220;Risorse e riforme per rafforzare il Ssn e valorizzare i suoi straordinari professionisti.<\/a><\/p>\n<p><img loading=\"lazy\" decoding=\"async\" class=\"size-full wp-image-63860 aligncenter\" src=\"https:\/\/www.fedaiisf.it\/wp-content\/uploads\/2022\/04\/PNRR-salute.png\" alt=\"\" width=\"1275\" height=\"689\" srcset=\"https:\/\/www.fedaiisf.it\/wp-content\/uploads\/2022\/04\/PNRR-salute.png 1275w, https:\/\/www.fedaiisf.it\/wp-content\/uploads\/2022\/04\/PNRR-salute-300x162.png 300w, https:\/\/www.fedaiisf.it\/wp-content\/uploads\/2022\/04\/PNRR-salute-1024x553.png 1024w, https:\/\/www.fedaiisf.it\/wp-content\/uploads\/2022\/04\/PNRR-salute-768x415.png 768w\" sizes=\"auto, (max-width: 1275px) 100vw, 1275px\" \/><\/p>\n<p><img loading=\"lazy\" decoding=\"async\" class=\"size-full wp-image-65436 aligncenter\" src=\"https:\/\/www.fedaiisf.it\/wp-content\/uploads\/2022\/06\/1-pnrr-nuova-rete-territoriale.png\" alt=\"\" width=\"1600\" height=\"900\" srcset=\"https:\/\/www.fedaiisf.it\/wp-content\/uploads\/2022\/06\/1-pnrr-nuova-rete-territoriale.png 1600w, https:\/\/www.fedaiisf.it\/wp-content\/uploads\/2022\/06\/1-pnrr-nuova-rete-territoriale-300x169.png 300w, https:\/\/www.fedaiisf.it\/wp-content\/uploads\/2022\/06\/1-pnrr-nuova-rete-territoriale-1024x576.png 1024w, https:\/\/www.fedaiisf.it\/wp-content\/uploads\/2022\/06\/1-pnrr-nuova-rete-territoriale-768x432.png 768w, https:\/\/www.fedaiisf.it\/wp-content\/uploads\/2022\/06\/1-pnrr-nuova-rete-territoriale-1536x864.png 1536w, https:\/\/www.fedaiisf.it\/wp-content\/uploads\/2022\/06\/1-pnrr-nuova-rete-territoriale-390x220.png 390w\" sizes=\"auto, (max-width: 1600px) 100vw, 1600px\" \/><\/p>\n","protected":false},"excerpt":{"rendered":"<p>Le Case di Comunit\u00e0 Le Case di Comunit\u00e0 rappresentano un nuovo strumento del Servizio Sanitario Nazionale che andr\u00e0 collocato in modo appropriato nel sistema delle cure territoriali e che, grazie ai finanziamenti del PNRR (2 miliardi), si svilupper\u00e0 in 1288 strutture, ampliabili a 1350, una ogni 40\/50.000 abitanti. La Casa di Comunit\u00e0 introduce un modello &hellip;<\/p>","protected":false},"author":4,"featured_media":67680,"comment_status":"closed","ping_status":"closed","sticky":false,"template":"","format":"standard","meta":{"footnotes":""},"categories":[1],"tags":[79],"class_list":["post-67677","post","type-post","status-publish","format-standard","has-post-thumbnail","hentry","category-notizie","tag-ssn"],"amp_enabled":true,"_links":{"self":[{"href":"https:\/\/www.fedaiisf.it\/en\/wp-json\/wp\/v2\/posts\/67677","targetHints":{"allow":["GET"]}}],"collection":[{"href":"https:\/\/www.fedaiisf.it\/en\/wp-json\/wp\/v2\/posts"}],"about":[{"href":"https:\/\/www.fedaiisf.it\/en\/wp-json\/wp\/v2\/types\/post"}],"author":[{"embeddable":true,"href":"https:\/\/www.fedaiisf.it\/en\/wp-json\/wp\/v2\/users\/4"}],"replies":[{"embeddable":true,"href":"https:\/\/www.fedaiisf.it\/en\/wp-json\/wp\/v2\/comments?post=67677"}],"version-history":[{"count":0,"href":"https:\/\/www.fedaiisf.it\/en\/wp-json\/wp\/v2\/posts\/67677\/revisions"}],"wp:featuredmedia":[{"embeddable":true,"href":"https:\/\/www.fedaiisf.it\/en\/wp-json\/wp\/v2\/media\/67680"}],"wp:attachment":[{"href":"https:\/\/www.fedaiisf.it\/en\/wp-json\/wp\/v2\/media?parent=67677"}],"wp:term":[{"taxonomy":"category","embeddable":true,"href":"https:\/\/www.fedaiisf.it\/en\/wp-json\/wp\/v2\/categories?post=67677"},{"taxonomy":"post_tag","embeddable":true,"href":"https:\/\/www.fedaiisf.it\/en\/wp-json\/wp\/v2\/tags?post=67677"}],"curies":[{"name":"wp","href":"https:\/\/api.w.org\/{rel}","templated":true}]}}