{"id":67753,"date":"2022-10-06T01:39:43","date_gmt":"2022-10-05T23:39:43","guid":{"rendered":"https:\/\/www.fedaiisf.it\/?p=67753"},"modified":"2022-10-05T19:43:15","modified_gmt":"2022-10-05T17:43:15","slug":"francesco-angelini-incapace-di-intendere-e-volere-angelini-industries-smentisce-con-decisione","status":"publish","type":"post","link":"https:\/\/www.fedaiisf.it\/en\/francesco-angelini-incapace-di-intendere-e-volere-angelini-industries-smentisce-con-decisione\/","title":{"rendered":"Francesco Angelini unable to understand and want? Angelini Industries decisively denies: unfounded accusations"},"content":{"rendered":"<p>Nei giorni scorso organi di stampa avevano riferito che Francesco Angelini era stato dichiarato incapace di <img loading=\"lazy\" decoding=\"async\" class=\"wp-image-67755 alignright\" src=\"https:\/\/www.fedaiisf.it\/wp-content\/uploads\/2022\/10\/angelini-francesco.jpeg\" alt=\"\" width=\"365\" height=\"192\" srcset=\"https:\/\/www.fedaiisf.it\/wp-content\/uploads\/2022\/10\/angelini-francesco.jpeg 1200w, https:\/\/www.fedaiisf.it\/wp-content\/uploads\/2022\/10\/angelini-francesco-300x158.jpeg 300w, https:\/\/www.fedaiisf.it\/wp-content\/uploads\/2022\/10\/angelini-francesco-1024x538.jpeg 1024w, https:\/\/www.fedaiisf.it\/wp-content\/uploads\/2022\/10\/angelini-francesco-768x403.jpeg 768w\" sizes=\"auto, (max-width: 365px) 100vw, 365px\" \/>intendere e volere dal Tribunale di Velletri. Oggi \u00e8 arrivata la smentita di Angelini Industries con una <a href=\"https:\/\/www.angeliniindustries.com\/it\/media\/comunicati-stampa\/nota-per-la-stampa\/\" target=\"_blank\" rel=\"noopener\">Nota per la Stampa<\/a>, che riportiamo integralmente<\/p>\n<p style=\"text-align: justify;\"><em><strong>Roma, 5 ottobre 2022<\/strong> \u2013 Smentiamo con decisione le notizie false relative al Gruppo e ai suoi azionisti pubblicate oggi da alcuni organi di stampa.<\/em><\/p>\n<p style=\"text-align: justify;\"><em>In particolare, la sentenza emessa il 30 settembre 2022 dal Tribunale di Velletri rigetta in toto la richiesta di interdizione per Francesco Angelini presentata dalla figlia Maria Gioella Angelini. Il recente pronunciamento in sede civile fa seguito a quello in sede penale che lo scorso anno ha sancito con decreto di archiviazione definitiva l\u2019infondatezza delle accuse e, quindi, la capacit\u00e0 di intendere e volere e di autodeterminarsi di Francesco Angelini.<\/em><\/p>\n<p style=\"text-align: justify;\"><em>I procedimenti giudiziari intentati non hanno alcun impatto sulla governance di Angelini Industries. Tutti gli organi sociali, composti di persone di provata esperienza e capacit\u00e0, proseguono nel loro lavoro per garantire stabilit\u00e0 e crescita al Gruppo industriale.<\/em><\/p>\n<p style=\"text-align: justify;\"><em>Angelini Industries \u00e8 una realt\u00e0 solida, cresciuta grazie alla guida di Francesco Angelini, che ha garantito una continuit\u00e0 aziendale efficace e che segue l\u2019evoluzione del Gruppo con grande attenzione.<\/em><\/p>\n<p><span style=\"font-size: 14pt;\">Il Fatto.<\/span><\/p>\n<p>Lo stato di salute di <strong>Francesco Angelini<\/strong>, il capo del colosso farmaceutico che produce tra l\u2019altro la Tachipirina, preoccupa la figlia Maria Gioella che ha chiesto al Tribunale di Velletri di affidare al padre un amministratore di sostegno per tutelare i suoi interessi economici e finanziari. La donna, che in passato ha accusato la sorellastra Thea di circonvenzione di incapace, avrebbe richiesto ai giudici di riconoscere il padre come \u201cincapace<strong>\u00a0di intendere e di volere\u201d<\/strong> e dunque di non essere in grado di gestire i propri affari.<\/p>\n<p id=\"iol-toc-8a63ed323dec0dbd0a74addd36724e2b\"><span style=\"font-size: 14pt;\">La sentenza del Tribunale<\/span><\/p>\n<p>Nell\u2019ultimo periodo le condizioni di salute di Francesco Angelini, 77 anni, si sarebbero aggravate, motivo per cui la figlia Maria Gioella ha dato il <strong>via all\u2019iter per cercare di salvaguardare gli interessi del padre<\/strong>. Il 30 settembre 2022 il Tribunale di Velletri, come sottolineato da una nota stampa del Gruppo Angelini Industries, ha rigettato\u00a0in toto la richiesta di interdizione per Francesco Angelini presentata dalla figlia.<\/p>\n<p>Il recente pronunciamento in sede civile, si legge nella nota, fa seguito a quello in sede penale che lo scorso anno ha sancito con decreto di archiviazione definitiva l\u2019infondatezza delle accuse e, quindi, la capacit\u00e0 di intendere e volere e di autodeterminarsi di Francesco Angelini.<\/p>\n<p id=\"iol-toc-79c9fee037446f3af7bf929689255c20\"><span style=\"font-size: 14pt;\">Come sta Francesco Angelini<\/span><\/p>\n<p>Angelini \u00e8 affetto da anni da una\u00a0<strong>malattia\u00a0neurocognitiva molto grave\u00a0<\/strong>provocata da un lungo trascorso di<br \/>\ndipendenza da alcol e dalla sua storia di farmacofilia. Il suo fisico, riporta\u00a0<em>Il Messaggero<\/em>,\u00a0ha infatti subito danni psichici e fisici ormai irreversibili.<\/p>\n<p id=\"iol-toc-514053eaf7a605acd3b0a5d3043cf80d\"><span style=\"font-size: 14pt;\">Lo scontro in famiglia per il colosso<\/span><\/p>\n<p>Alla base della sentenza c\u2019\u00e8, come detto, la pressione della secondogenita <strong>Maria<\/strong> <strong>Gioella<\/strong> che dal 2020 si batte affinch\u00e9 vengano riconosciuti i limiti del padre. Sullo sfondo c\u2019\u00e8 per\u00f2 una vera e propria faida familiare per il <img loading=\"lazy\" decoding=\"async\" class=\"wp-image-67756 alignleft\" src=\"https:\/\/www.fedaiisf.it\/wp-content\/uploads\/2022\/10\/Schermata-2022-10-05-alle-19.22.33.png\" alt=\"\" width=\"489\" height=\"182\" srcset=\"https:\/\/www.fedaiisf.it\/wp-content\/uploads\/2022\/10\/Schermata-2022-10-05-alle-19.22.33.png 987w, https:\/\/www.fedaiisf.it\/wp-content\/uploads\/2022\/10\/Schermata-2022-10-05-alle-19.22.33-300x112.png 300w, https:\/\/www.fedaiisf.it\/wp-content\/uploads\/2022\/10\/Schermata-2022-10-05-alle-19.22.33-768x286.png 768w\" sizes=\"auto, (max-width: 489px) 100vw, 489px\" \/>controllo dell\u2019azienda, con la donna che nel 2019\u00a0ha denunciato alla Guardia di Finanza la sorellastra <strong>Thea<\/strong> e suo marito <strong>Sergio<\/strong> <strong>Marullo<\/strong> per circonvenzione di incapace, e la loro scalata per il controllo del gruppo industriale.<\/p>\n<p>Secondo le accuse, infatti, i due avrebbero sfruttato l\u2019occasione per riuscire a detenere oltre il 50% delle quote azionarie del colosso farmaceutico. Le indagini, che avevano fatto emergere anche un quadro anomalo di una cessione del 100% delle quote per \u201cpatto di famiglia\u201d a Thea quando Angelini nel 2017 sembrava in fin di vita, si sono per\u00f2 concluse col proscioglimento perch\u00e9 il procedimento di interdizione non aveva stabilito l\u2019infermit\u00e0\u00a0mentale abituale e le patologie particolarmente gravi di Francesco Angelini.<\/p>\n<p>(source <a href=\"https:\/\/notizie.virgilio.it\/francesco-angelini-e-incapace-di-intendere-e-volere-amministratore-di-sostegno-per-il-re-della-tachipirina-1544033\" target=\"_blank\" rel=\"noopener\">Virgilio Notizie<\/a>)<\/p>\n<p>&nbsp;<\/p>","protected":false},"excerpt":{"rendered":"<p>Nei giorni scorso organi di stampa avevano riferito che Francesco Angelini era stato dichiarato incapace di intendere e volere dal Tribunale di Velletri. Oggi \u00e8 arrivata la smentita di Angelini Industries con una Nota per la Stampa, che riportiamo integralmente Roma, 5 ottobre 2022 \u2013 Smentiamo con decisione le notizie false relative al Gruppo e &hellip;<\/p>","protected":false},"author":4,"featured_media":66343,"comment_status":"closed","ping_status":"closed","sticky":false,"template":"","format":"standard","meta":{"footnotes":""},"categories":[1],"tags":[47],"class_list":["post-67753","post","type-post","status-publish","format-standard","has-post-thumbnail","hentry","category-notizie","tag-big-pharma"],"amp_enabled":true,"_links":{"self":[{"href":"https:\/\/www.fedaiisf.it\/en\/wp-json\/wp\/v2\/posts\/67753","targetHints":{"allow":["GET"]}}],"collection":[{"href":"https:\/\/www.fedaiisf.it\/en\/wp-json\/wp\/v2\/posts"}],"about":[{"href":"https:\/\/www.fedaiisf.it\/en\/wp-json\/wp\/v2\/types\/post"}],"author":[{"embeddable":true,"href":"https:\/\/www.fedaiisf.it\/en\/wp-json\/wp\/v2\/users\/4"}],"replies":[{"embeddable":true,"href":"https:\/\/www.fedaiisf.it\/en\/wp-json\/wp\/v2\/comments?post=67753"}],"version-history":[{"count":0,"href":"https:\/\/www.fedaiisf.it\/en\/wp-json\/wp\/v2\/posts\/67753\/revisions"}],"wp:featuredmedia":[{"embeddable":true,"href":"https:\/\/www.fedaiisf.it\/en\/wp-json\/wp\/v2\/media\/66343"}],"wp:attachment":[{"href":"https:\/\/www.fedaiisf.it\/en\/wp-json\/wp\/v2\/media?parent=67753"}],"wp:term":[{"taxonomy":"category","embeddable":true,"href":"https:\/\/www.fedaiisf.it\/en\/wp-json\/wp\/v2\/categories?post=67753"},{"taxonomy":"post_tag","embeddable":true,"href":"https:\/\/www.fedaiisf.it\/en\/wp-json\/wp\/v2\/tags?post=67753"}],"curies":[{"name":"wp","href":"https:\/\/api.w.org\/{rel}","templated":true}]}}