{"id":67781,"date":"2022-10-07T12:32:34","date_gmt":"2022-10-07T10:32:34","guid":{"rendered":"https:\/\/www.fedaiisf.it\/?p=67781"},"modified":"2022-10-07T16:00:58","modified_gmt":"2022-10-07T14:00:58","slug":"nessuna-forza-puo-affrontare-da-sola-la-complessita-della-situazione-attuale","status":"publish","type":"post","link":"https:\/\/www.fedaiisf.it\/en\/nessuna-forza-puo-affrontare-da-sola-la-complessita-della-situazione-attuale\/","title":{"rendered":"Cittadinanzattiva: &quot;No force can face the complexity of the current situation alone&quot;"},"content":{"rendered":"<p>La posizione di Cittadinanzattiva sul post-voto, espressa <a href=\"https:\/\/www.fedaiisf.it\/wp-content\/uploads\/2022\/10\/mandorino-300x235-1.jpg\"><img loading=\"lazy\" decoding=\"async\" class=\"size-full wp-image-67792 alignright\" src=\"https:\/\/www.fedaiisf.it\/wp-content\/uploads\/2022\/10\/mandorino-300x235-1.jpg\" alt=\"\" width=\"300\" height=\"235\" \/><\/a>dalla <strong>Segretaria generale Anna Lisa Mandorino<\/strong> in una intervista per Policy and Procurement in HealthCare, \u00e8 chiara:<\/p>\n<p>\u201c<em>Nessuna forza partitica, anche al top del suo consenso, pu\u00f2 affrontare da sola la complessit\u00e0 della situazione attuale<\/em>\u201d.<br \/>\n&#8220;[&#8230;] <em>noi cittadini attivi dobbiamo vigilare, collaborare, intervenire, anche scontrarci quando necessario, da soli e in alleanza con tutti i soggetti che abbiano a cuore l\u2019interesse generale. Le istituzioni, da parte loro, devono favorire confronto e collaborazione<\/em>&#8220;.<\/p>\n<p>E&#8217; quanto Cittadinanzattiva ha espresso anche nel suo Manifesto &#8220;<strong>Oltre le elezioni<\/strong>&#8220;.<\/p>\n<p>&#8220;<em>Nell\u2019agenda del nuovo governo, per la sanit\u00e0 le prime voci da affrontare saranno: la riforma per gli anziani non autosufficienti, lo sblocco del Decreto tariffe, un piano per il recupero e il superamento delle liste d\u2019attesa e campagne d&#8217;informazione e comunicazione sull\u2019importanza di vaccini e prevenzione.&#8221;<\/em><\/p>\n<p>Tra i temi che Cittadinanzattiva indica con chiarezza &#8220;<em>la salute pubblica e l\u2019investimento sul Servizio sanitario nazionale; la scuola come luogo di elezione per la costruzione del futuro del Paese; una politica unitaria e politiche pubbliche dedicate tanto agli anziani quanto ai giovani, considerati i trend demografici che caratterizzano il nostro Paese; lo sviluppo di un\u2019Europa dei diritti e la pratica della cittadinanza europea.&#8221;<\/em><\/p>\n<p>&#8220;<em>Ci sono tre temi che ricorrono in tutti i programmi<\/em> (dei partiti in campagna elettorale, ndr), <em>e questo \u00e8 sicuramente un bene perch\u00e9 prefigura la possibilit\u00e0 che non solo ci sia un dialogo, ma una collaborazione vera e propria anche fra forze di maggioranza e di opposizione: sono le questioni dell\u2019assistenza territoriale e di prossimit\u00e0, l\u2019investimento sugli operatori, il recupero delle liste d\u2019attesa per prestazioni e cure trascurate durante la pandemia. Ovviamente, non sono indifferenti le modalit\u00e0 con cui si intendono affrontare le tre questioni, ma questo sta al confronto tra le forze partitiche nelle sedi istituzionali opportune.&#8221;<\/em><\/p>\n<p>Cosa fare nei primi 100 giorni del nuovo Governo?\u00a0&#8220;<em>Sicuramente dare impulso alla riforma per gli anziani non autosufficienti, prevista dalla Missione 5 del Pnrr, per cui \u00e8 prevista l\u2019approvazione entro la primavera del 2023; sbloccare attraverso il confronto serrato e urgente con le Regioni il Decreto tariffe, per rendere finalmente esigibili i Livelli essenziali di assistenza aggiornati nel 2017 ma non ancora entrati in vigore; un piano di emergenza nazionale e un monitoraggio stretto delle Regioni per il recupero e il superamento delle liste d\u2019attesa.<\/em><\/p>\n<p><em>Aggiungerei che, visto che nell\u2019affrontare il tema Covid il centro-destra mette in evidenza nel suo programma la necessit\u00e0 di comportamenti individuali prudenti e responsabili, sono necessarie campagne di informazione e comunicazione ai cittadini sull\u2019importanza dei vaccini e sulla necessit\u00e0 di prevenzione a 360\u00b0, e il sostegno a interventi attivi che consentano di accedere facilmente a ogni intervento previsto per la prevenzione, dai vaccini agli screening.&#8221;<\/em><\/p>\n<p>Leggi <a href=\"https:\/\/www.pphc.it\/cittadinanzattiva-governo\/\" target=\"_blank\" rel=\"noopener\">il testo della intervista<\/a> e scarica il Manifesto di Cittadinanzattiva <a href=\"https:\/\/www.cittadinanzattiva.it\/notizie\/15233-oltre-le-elezioni-unintervista-per-ricordare-le-sfide-che-ci-aspettano-in-sanita.html\" target=\"_blank\" rel=\"noopener\">&#8220;Oltre le elezioni&#8221;<\/a>.<\/p>\n<hr \/>\n<p>Cittadinanzattiva nasce nel 1978 con il nome di Movimento Federativo Democratico dall&#8217;iniziativa di un gruppo di giovani cattolici, d&#8217;ispirazione democratica. Si \u00e8 caratterizzato da subito come movimento laico e aperto a tutti. Nel 1998 potenzia la propria attivit\u00e0 estendendo i suoi campi di azione ai servizi di interesse generale, ai diritti dei consumatori, alla giustizia, alla scuola.<\/p>\n<p>Nel 2000 assume il nome di &#8220;Cittadinanzattiva&#8221;. Nel 2003 aderisce a &#8220;Consumatori indipendenti&#8221; , raggruppamento di 5 importanti associazioni di consumatori (Cittadinanzattiva, Confconsumatori, Movimento difesa del cittadino, Movimento consumatori e Unione nazionale consumatori).<\/p>\n<hr \/>\n<p>Partecipazione civica in sanit\u00e0: &#8220;L&#8217;atto di indirizzo del Ministero, risultato importante&#8221;<br \/>\n<a href=\"https:\/\/www.cittadinanzattiva.it\/comunicati\/15231-partecipazione-civica-in-sanita-latto-di-indirizzo-del-ministero-risultato-importante.html\" target=\"_blank\" rel=\"noopener\">04 Ottobre 2022<\/a><\/p>\n<p>Leggi\u00a0<a href=\"https:\/\/www.cittadinanzattiva.it\/comunicati\/14977-presentato-il-rapporto-civico-sulla-salute-2022-i-diritti-dei-cittadini-e-il-federalismo-sanitario.html\" target=\"_blank\" rel=\"noopener\">il comunicato stampa<\/a>.\u00a0Scarica l&#8217;<a class=\"wf_file\" href=\"https:\/\/www.cittadinanzattiva.it\/multimedia\/files\/Abstract__Rapporto_civico_sulla_salute_2022.pdf\" target=\"_blank\" rel=\"noopener\">Abstract<\/a>\u00a0e\u00a0<a href=\"https:\/\/www.cittadinanzattiva.it\/rapporti-osservatori-e-indagini\/41-rapporto-civico-sulla-salute-2022-i-diritti-dei-cittadini-e-il-federalismo-in-sanita\/download.html\" target=\"_blank\" rel=\"noopener\">il Rapporto civico sulla salute 2022<\/a>.<\/p>\n<p>&nbsp;<\/p>\n","protected":false},"excerpt":{"rendered":"<p>La posizione di Cittadinanzattiva sul post-voto, espressa dalla Segretaria generale Anna Lisa Mandorino in una intervista per Policy and Procurement in HealthCare, \u00e8 chiara: \u201cNessuna forza partitica, anche al top del suo consenso, pu\u00f2 affrontare da sola la complessit\u00e0 della situazione attuale\u201d. &#8220;[&#8230;] noi cittadini attivi dobbiamo vigilare, collaborare, intervenire, anche scontrarci quando necessario, da &hellip;<\/p>\n","protected":false},"author":1,"featured_media":67795,"comment_status":"closed","ping_status":"closed","sticky":false,"template":"","format":"standard","meta":{"footnotes":""},"categories":[1],"tags":[79],"class_list":["post-67781","post","type-post","status-publish","format-standard","has-post-thumbnail","hentry","category-notizie","tag-ssn"],"amp_enabled":true,"_links":{"self":[{"href":"https:\/\/www.fedaiisf.it\/en\/wp-json\/wp\/v2\/posts\/67781","targetHints":{"allow":["GET"]}}],"collection":[{"href":"https:\/\/www.fedaiisf.it\/en\/wp-json\/wp\/v2\/posts"}],"about":[{"href":"https:\/\/www.fedaiisf.it\/en\/wp-json\/wp\/v2\/types\/post"}],"author":[{"embeddable":true,"href":"https:\/\/www.fedaiisf.it\/en\/wp-json\/wp\/v2\/users\/1"}],"replies":[{"embeddable":true,"href":"https:\/\/www.fedaiisf.it\/en\/wp-json\/wp\/v2\/comments?post=67781"}],"version-history":[{"count":0,"href":"https:\/\/www.fedaiisf.it\/en\/wp-json\/wp\/v2\/posts\/67781\/revisions"}],"wp:featuredmedia":[{"embeddable":true,"href":"https:\/\/www.fedaiisf.it\/en\/wp-json\/wp\/v2\/media\/67795"}],"wp:attachment":[{"href":"https:\/\/www.fedaiisf.it\/en\/wp-json\/wp\/v2\/media?parent=67781"}],"wp:term":[{"taxonomy":"category","embeddable":true,"href":"https:\/\/www.fedaiisf.it\/en\/wp-json\/wp\/v2\/categories?post=67781"},{"taxonomy":"post_tag","embeddable":true,"href":"https:\/\/www.fedaiisf.it\/en\/wp-json\/wp\/v2\/tags?post=67781"}],"curies":[{"name":"wp","href":"https:\/\/api.w.org\/{rel}","templated":true}]}}