{"id":67827,"date":"2022-10-10T07:54:39","date_gmt":"2022-10-10T05:54:39","guid":{"rendered":"https:\/\/www.fedaiisf.it\/?p=67827"},"modified":"2022-10-11T11:35:26","modified_gmt":"2022-10-11T09:35:26","slug":"fimmg-silvestro-scotti-confermato-segretario-generale","status":"publish","type":"post","link":"https:\/\/www.fedaiisf.it\/en\/fimmg-silvestro-scotti-confermato-segretario-generale\/","title":{"rendered":"Congresso FIMMG, Silvestro Scotti confermato Segretario Generale"},"content":{"rendered":"<p>Il 79\u00b0 Congresso Nazionale della Federazione Nazionale dei Medici di Medicina Generale (FIMMG) appena conclusosi a Villasimius in Sardegna ha confermato<strong>\u00a0Segretario Generale<a href=\"https:\/\/www.fedaiisf.it\/wp-content\/uploads\/2022\/04\/Silvestro-Scotti-Fimmg.jpeg\"><img loading=\"lazy\" decoding=\"async\" class=\"wp-image-63683 alignright\" src=\"https:\/\/www.fedaiisf.it\/wp-content\/uploads\/2022\/04\/Silvestro-Scotti-Fimmg-300x225.jpeg\" alt=\"\" width=\"356\" height=\"267\" srcset=\"https:\/\/www.fedaiisf.it\/wp-content\/uploads\/2022\/04\/Silvestro-Scotti-Fimmg-300x225.jpeg 300w, https:\/\/www.fedaiisf.it\/wp-content\/uploads\/2022\/04\/Silvestro-Scotti-Fimmg-768x576.jpeg 768w, https:\/\/www.fedaiisf.it\/wp-content\/uploads\/2022\/04\/Silvestro-Scotti-Fimmg.jpeg 800w\" sizes=\"auto, (max-width: 356px) 100vw, 356px\" \/><\/a><\/strong> <strong>Sylvester Scotti<\/strong> e in buona parte il suo Esecutivo, con l&#8217;inserimento di una donna sotto i quarant&#8217;anni, cos\u00ec come prevedeva una modifica introdotta di recente allo statuto.<\/p>\n<p>Secondo i risultati delle elezioni la squadra della Segreteria Scotti sar\u00e0 composta da:\u00a0 Pierluigi Bartoletti (RM), Nicola Calabrese (BA), Fiorenzo Corti (MI), Domenico Crisar\u00e0 (PD), Alessandro Dabbene (TO), Noemi Lopes (PA). Presidente eletto il messinese Giacomo Caudo, mentre Presidente onorario Malek Mediati (VE). Carlo Curatola (MO) ha ricevuto la nomina a Segretario della Segreteria Nazionale.<\/p>\n<p>A margine del Congresso Scotti ha rilasciato una <a href=\"https:\/\/www.youtube.com\/watch?v=7oi0wBTTehk&amp;feature=emb_imp_woyt\" target=\"_blank\" rel=\"noopener\">video-intervista<\/a> a Sanit\u00e0 Informazione che riportiamo in sintesi.<\/p>\n<p><strong>Senza paura<\/strong><\/p>\n<p><em>&#8220;Quando ci si appresta alla riconferma il leader deve essere sicuro di avere dietro di s\u00e8 una squadra che non ha paura. Nei prossimi mesi, forse settimane, ci sar\u00e0 bisogno di alzare la voce o di non alzarla e portare al tavolo competenza.&#8221; <\/em><\/p>\n<p><em>&#8220;Il Paese ha bisogno di una Medicina Generale forte, che non abbia paura di dire quello che pensa. Di dire la propria opinione sui modelli, sulle strutture. Non solo sulla evoluzione del SSN ma anche all&#8217;interno del Paese, non perch\u00e8 vogliamo fare politica, ma perch\u00e8 nelle piazze sociali, noi nostri paesini, nei quartieri, il Medico di Famiglia deve tornare a essere quel riferimento che &#8220;qualche parte di stampa&#8221; negli ultimi anni ha trattato con maleducazione (come qualcuno ha detto)&#8221;<\/em><\/p>\n<p><strong><em>St<\/em>ull&#8217;autonomia professionale<\/strong><\/p>\n<p><em>&#8220;In cima alle priorit\u00e0 c&#8217;\u00e8 da chiarire, anche con un intervento legislativo, che cosa \u00e8 un lavoratore autonomo all&#8217;interno di una funzione pubblica. Basta con queste discussioni sui ruoli giuridici. Ho lanciato una provocazione: perch\u00e8 si pu\u00f2 parlare di para-subordinato e non di para-autonomo?\u00a0 Il punto \u00e8 che l&#8217;autonomia professionale da&#8217; probabilmente delle occasioni in termini di economia di scala ad un Paese che tante risorse oggi non ha.&#8221; <\/em><\/p>\n<p><em>&#8220;E allora, se fossimo considerati una sorte di impresa sociale a funzione pubblica sussidiaria, qualcuno potrebbe cominciare a pensare che quando si dispongono aiuti sulle bollette, sulle linee digitali, sulla defiscalizzazione, sul miglioramento delle attrezzature per entrare dei nostri studi, non \u00e8 che si dispone un servizio economico al medico che cos\u00ec guadagna di pi\u00f9, in realt\u00e0 si fa un servizio al potenziamento della medicina territoriale che cos\u00ec eroga servizi maggiori e migliori&#8221;.<\/em><\/p>\n<p><strong>La medicina di prossimit\u00e0<\/strong><\/p>\n<p><em>&#8220;La medicina di prossimit\u00e0 rischia di rimanere uno slogan per via della mancanza di programmazione degli ultimi 20 anni, con le nostre denunce che sono conosciute, al punto che quasi sembra che questo Congresso non sia ascoltato. Devo dire con soddisfazione che ci lascia ben sperare l&#8217;invito ricevuto dall&#8217;Assessore Donini, infatti la settimana prossima saremo in audizione alla Commissione Salute proprio sul tema della carenza dei medici. Perch\u00e8 il vero problema per mantenere la prossimit\u00e0 \u00e8 il fatto che ci siano abbastanza medici per garantirla.&#8221;<\/em><\/p>\n<p><em><img loading=\"lazy\" decoding=\"async\" class=\"wp-image-67858 alignleft\" src=\"https:\/\/www.fedaiisf.it\/wp-content\/uploads\/2022\/10\/2022_Congresso_Fimmg.jpeg\" alt=\"\" width=\"365\" height=\"274\" srcset=\"https:\/\/www.fedaiisf.it\/wp-content\/uploads\/2022\/10\/2022_Congresso_Fimmg.jpeg 800w, https:\/\/www.fedaiisf.it\/wp-content\/uploads\/2022\/10\/2022_Congresso_Fimmg-300x225.jpeg 300w, https:\/\/www.fedaiisf.it\/wp-content\/uploads\/2022\/10\/2022_Congresso_Fimmg-768x576.jpeg 768w\" sizes=\"auto, (max-width: 365px) 100vw, 365px\" \/>&#8220;Su questo punto speriamo si faccia un&#8217;operazione verit\u00e0 da parte della politica, l&#8217;On. Gemmato l&#8217;ha iniziata, che chiarisca il concetto di prossimit\u00e0 per le Case di Comunit\u00e0. Quante dovrebbero essere nelle previsioni le Case di Comunit\u00e0? 1200- 1500? E gli ospedali in Italia quanti sono, pi\u00f9 o meno di 1500? E allora gli ospedali sono pi\u00f9 prossimi delle CdC? Se la CdC \u00e8 un sistema funzionale al quale io posso ricorrere per aumentare la mia intensit\u00e0 assistenziale, per un paziente che abbia mobilit\u00e0 e ci siano servizi sociali e volontariato che lo permettano, allora io posso centralizzare funzioni a obiettivo, nelle quali il medico di Famiglia, in economia di scala con gli altri specialisti o con la multi professionalit\u00e0, raggiunge un obiettivo maggiore. Ma se io devo andare in CdC a fare una Guardia medica oraria \u00e8 gi\u00e0 dimostrato che non pu\u00f2 funzionare.&#8221;\u00a0<\/em><\/p>\n<p><em>&#8220;Se nelle regioni dove le Case della Salute gi\u00e0 esistono e sono funzionanti, il sabato al Pronto Soccorso vanno 200 persone, allora vuol dire che da sole le Case di Comunit\u00e0 non risolvono il problema. Anzi, il problema della carenza di personale proprio in quelle regioni sta mordendo di pi\u00f9&#8221;.<\/em><\/p>\n<p><em>&#8220;Noi dobbiamo trovare la mediana rispetto alle caratteristiche del territorio, per decidere quale modello, da quello rurale e quello intermedio o suburbano perch\u00e8, per paradosso, potrebbe essere necessaria una prossimit\u00e0 anche all&#8217;interno di un quartiere di una citt\u00e0 Metropolitana&#8221;.<\/em><\/p>\n<p>Laws <a href=\"https:\/\/www.sanitainformazione.it\/lavoro\/fimmg-scotti-riconfermato-segretario-ruolo-mmg-fondamentale-le-case-di-comunita-cosi-non-funzionano\/\" target=\"_blank\" rel=\"noopener\">l&#8217;articolo<\/a> di Sanit\u00e0 Informazione e ascolta la video-intervista<\/p>\n<p><a href=\"https:\/\/www.fimmg.org\/index.php?action=pages&amp;m=view&amp;p=32116&amp;lang=it\" target=\"_blank\" rel=\"noopener\">Fimmg press release<\/a><\/p>\n<p><a href=\"https:\/\/www.fimmg.org\/index.php?action=pages&amp;m=view&amp;p=469&amp;art=5168\" target=\"_blank\" rel=\"noopener\">Mozione conclusiva del 79\u00b0 Congresso Nazionale Fimmg<\/a><\/p>\n<hr \/>\n<p>Related articles:<\/p>\n<p><a href=\"https:\/\/www.fedaiisf.it\/en\/fimmg-no-a-medico-dipendente-dello-stato\/\" target=\"_blank\" rel=\"noopener\">Fimmg. No a medico dipendente dello Stato &#8211; FEDAIISF feb 22<\/a><\/p>\n<p><a href=\"https:\/\/www.fedaiisf.it\/en\/indagine-fimmg-sullinformazione-scientifica-del-tutto-sgradito-88-del-campione-appare-il-contatto-telefonico-orientato-allinformazione-scientifica-sul-farmaco\/\" target=\"_blank\" rel=\"noopener\">Indagine FIMMG sull&#8217;Informazione Scientifica &#8211; FEDAIISF lug 20<\/a><\/p>\n<p class=\"entry-title\"><a href=\"https:\/\/portale.fnomceo.it\/silvestro-scotti-rieletto-segretario-fimmg-anelli-fnomceo-auguri-a-lui-e-a-tutta-la-squadra\/\" target=\"_blank\" rel=\"noopener\">Silvestro Scotti rieletto Segretario FIMMG, Anelli (FNOMCeO): \u201cAuguri a lui e a tutta la squadra\u201d<\/a><\/p>\n<p><a href=\"https:\/\/www.snami.org\/wp-content\/uploads\/MOZIONE-FINALE-CONGRESSO-NAZIONALE-SNAMI-2022.pdf\" target=\"_blank\" rel=\"noopener\"><strong>SNAMI. Mozione finale XLI Congresso Nazionale &#8211; 10 ottobre 2022<\/strong><\/a><\/p>","protected":false},"excerpt":{"rendered":"<p>Il 79\u00b0 Congresso Nazionale della Federazione Nazionale dei Medici di Medicina Generale (FIMMG) appena conclusosi a Villasimius in Sardegna ha confermato\u00a0Segretario Generale Silvestro Scotti e in buona parte il suo Esecutivo, con l&#8217;inserimento di una donna sotto i quarant&#8217;anni, cos\u00ec come prevedeva una modifica introdotta di recente allo statuto. Secondo i risultati delle elezioni la &hellip;<\/p>","protected":false},"author":1,"featured_media":67840,"comment_status":"closed","ping_status":"closed","sticky":false,"template":"","format":"standard","meta":{"footnotes":""},"categories":[1],"tags":[44],"class_list":["post-67827","post","type-post","status-publish","format-standard","has-post-thumbnail","hentry","category-notizie","tag-sindacati"],"amp_enabled":true,"_links":{"self":[{"href":"https:\/\/www.fedaiisf.it\/en\/wp-json\/wp\/v2\/posts\/67827","targetHints":{"allow":["GET"]}}],"collection":[{"href":"https:\/\/www.fedaiisf.it\/en\/wp-json\/wp\/v2\/posts"}],"about":[{"href":"https:\/\/www.fedaiisf.it\/en\/wp-json\/wp\/v2\/types\/post"}],"author":[{"embeddable":true,"href":"https:\/\/www.fedaiisf.it\/en\/wp-json\/wp\/v2\/users\/1"}],"replies":[{"embeddable":true,"href":"https:\/\/www.fedaiisf.it\/en\/wp-json\/wp\/v2\/comments?post=67827"}],"version-history":[{"count":0,"href":"https:\/\/www.fedaiisf.it\/en\/wp-json\/wp\/v2\/posts\/67827\/revisions"}],"wp:featuredmedia":[{"embeddable":true,"href":"https:\/\/www.fedaiisf.it\/en\/wp-json\/wp\/v2\/media\/67840"}],"wp:attachment":[{"href":"https:\/\/www.fedaiisf.it\/en\/wp-json\/wp\/v2\/media?parent=67827"}],"wp:term":[{"taxonomy":"category","embeddable":true,"href":"https:\/\/www.fedaiisf.it\/en\/wp-json\/wp\/v2\/categories?post=67827"},{"taxonomy":"post_tag","embeddable":true,"href":"https:\/\/www.fedaiisf.it\/en\/wp-json\/wp\/v2\/tags?post=67827"}],"curies":[{"name":"wp","href":"https:\/\/api.w.org\/{rel}","templated":true}]}}