{"id":67914,"date":"2022-10-12T17:50:30","date_gmt":"2022-10-12T15:50:30","guid":{"rendered":"https:\/\/www.fedaiisf.it\/?p=67914"},"modified":"2022-10-12T17:57:59","modified_gmt":"2022-10-12T15:57:59","slug":"approvato-il-ddl-attuativo-per-anziani-non-autosufficienti","status":"publish","type":"post","link":"https:\/\/www.fedaiisf.it\/en\/approvato-il-ddl-attuativo-per-anziani-non-autosufficienti\/","title":{"rendered":"Approved the implementation bill for non self-sufficient elderly people"},"content":{"rendered":"<p><em>Nel DDL delega non autosufficienti \u00e8 prevista l&#8217;istituzione del Comitato Interministeriale per le politiche in favore della Popolazione Anziana (CIPA) presso la Presidenza del Consiglio dei Ministri.<\/em><\/p>\n<p>Approvato ieri in Consiglio dei ministri il Disegno di legge <strong>proposto dal ministro del Lavoro e delle Politiche sociali, Andrea Orlando<\/strong>, che prevede politiche<a href=\"https:\/\/www.fedaiisf.it\/wp-content\/uploads\/2021\/05\/Orlando-Ministro-Lavoro.jpg\"><img loading=\"lazy\" decoding=\"async\" class=\"wp-image-58579 alignright\" src=\"https:\/\/www.fedaiisf.it\/wp-content\/uploads\/2021\/05\/Orlando-Ministro-Lavoro-300x200.jpg\" alt=\"\" width=\"348\" height=\"232\" srcset=\"https:\/\/www.fedaiisf.it\/wp-content\/uploads\/2021\/05\/Orlando-Ministro-Lavoro-300x200.jpg 300w, https:\/\/www.fedaiisf.it\/wp-content\/uploads\/2021\/05\/Orlando-Ministro-Lavoro.jpg 457w\" sizes=\"auto, (max-width: 348px) 100vw, 348px\" \/><\/a> in favore delle persone anziane, anche in attuazione delle missioni 5 e 6 del Pnrr in materia di assistenza agli anziani non autosufficienti. \u201c<em>It deals with<\/em> \u2013 spiega il ministro Orlando \u2013 <em>di una riforma che ho voluto inserire tra quelle qualificanti per il Pnrr con l\u2019obiettivo di rendere adeguato il sistema di cura per la popolazione anziana. Una occasione di progresso civile per il nostro Paese e una priorit\u00e0 per l\u2019agenda politica<\/em>\u201d.<\/p>\n<p><strong>Il Ddl, in attuazione del piano di riforme previsto dal Pnrr<\/strong>, risponde all\u2019esigenza concreta di promuovere politiche pubbliche che valorizzino, fra le altre cose, l\u2019invecchiamento attivo, un facile accesso ai servizi sanitari e sociali, lo sviluppo di contesti urbani e piccoli centri che prevedano abitazioni adeguate, l\u2019accesso alla mobilit\u00e0, luoghi di socializzazione e di solidariet\u00e0 tra le generazioni e il rafforzamento dell\u2019assistenza domiciliare con il contrasto alle forme improprie di istituzionalizzazione.<\/p>\n<p><strong>Il Disegno di legge individua principi e criteri direttivi generali<\/strong> a cui il Governo dovr\u00e0 attenersi nell\u2019esercizio della delega. A tal fine \u00e8 prevista anche l\u2019istituzione del Comitato interministeriale per le politiche in favore della popolazione anziana (CIPA) presso la Presidenza del Consiglio dei ministri, con il compito di promuovere il coordinamento e la <a href=\"https:\/\/www.fedaiisf.it\/wp-content\/uploads\/2022\/10\/Min-Lavoro-e-Politiche-sociali.jpeg\"><img loading=\"lazy\" decoding=\"async\" class=\"wp-image-67931 alignleft\" src=\"https:\/\/www.fedaiisf.it\/wp-content\/uploads\/2022\/10\/Min-Lavoro-e-Politiche-sociali.jpeg\" alt=\"\" width=\"346\" height=\"346\" srcset=\"https:\/\/www.fedaiisf.it\/wp-content\/uploads\/2022\/10\/Min-Lavoro-e-Politiche-sociali.jpeg 250w, https:\/\/www.fedaiisf.it\/wp-content\/uploads\/2022\/10\/Min-Lavoro-e-Politiche-sociali-150x150.jpeg 150w\" sizes=\"auto, (max-width: 346px) 100vw, 346px\" \/><\/a>programmazione integrata delle politiche nazionali in favore delle persone anziane, con particolare riguardo alle politiche per la presa in carico delle fragilit\u00e0 e della non autosufficienza, nonch\u00e9 il miglioramento qualitativo dei servizi residenziali e semiresidenziali per gli anziani che dovranno sempre pi\u00f9 facilitare le normali relazioni di vita e le attivit\u00e0 sociali nel rispetto della riservatezza della vita privata.<\/p>\n<p>Le deleghe al Governo riguardano l\u2019adozione di uno o pi\u00f9 Decreti legislativi:<\/p>\n<ul>\n<li>In materia di politiche per l\u2019invecchiamento attivo, la promozione dell\u2019inclusione sociale e la prevenzione della fragilit\u00e0, finalizzati a promuovere la dignit\u00e0 e l\u2019autonomia delle persone anziane<\/li>\n<li>Aventi per oggetto misure in tema di assistenza sociale, sanitaria e sociosanitaria per le persone anziane non autosufficienti, attraverso la ricognizione, il riordino, la semplificazione, il coordinamento e l\u2019efficientamento della legislazione vigente, nonch\u00e9 il potenziamento progressivo delle azioni nell\u2019ambito delle risorse disponibili<\/li>\n<li>In materia di politiche per la sostenibilit\u00e0 economica e la flessibilit\u00e0 dei servizi di cura e assistenza a lungo termine per le persone anziane e non autosufficienti, secondo i principi dettati dal Disegno di legge. Tra questi quelli relativi all\u2019introduzione, su base volontaria, in via progressiva e sperimentale di un\u2019indennit\u00e0 unica universale volta a riequilibrare il sistema degli interventi tra erogazioni monetarie e offerta di servizi ferma restando la disciplina attuale dell\u2019indennit\u00e0 di accompagnamento; la promozione del riordino e la semplificazione delle agevolazioni contributive al fine di sostenere e promuovere l\u2019occupazione di qualit\u00e0 nel settore dei servizi socioassistenziali e le misure finalizzate a favorire e sostenere le migliori condizioni di vita individuali dei caregiver familiari.<\/li>\n<\/ul>\n<p><a href=\"https:\/\/www.panoramasanita.it\/wp-content\/uploads\/2022\/10\/ddl-non-autosufficienza.pdf\" target=\"_blank\" rel=\"noopener\">IL DISEGNO DI LEGGE\u00a0<\/a><\/p>\n<hr \/>\n<p><strong>Le associazioni dei pazienti con Disabilit\u00e0 commentano criticamente<\/strong> il provvedimento varato dal Consiglio dei Ministri &#8220;<em>Riteniamo che il testo del DdL delega sulla non-autosufficienza metta ancora una volta in secondo piano le persone con disabilit\u00e0 e non introduca nulla rispetto ad un richiamo sulla legge delega sulla disabilit\u00e0<\/em>&#8220;.<\/p>\n<p><em>\u201cNell\u2019 approvato disegno di Legge, pur avendo riscontrato alcuni miglioramenti rispetto alle prime bozze di testo<\/em> \u2013 affermano le due Federazioni \u2013 <em>ci sono ancora oggi alcuni aspetti che preoccupano. Il primo fra tutti \u00e8 il riferimento al finanziamento delle varie prestazioni sanitarie e socio-sanitarie (come da art. 8 del decreto) attraverso fondi gi\u00e0 esistenti (Fondo Lea-Livelli Essenziali di Assistenza, Fondo Non autosufficienza, Fondo Politiche Sociali, Fondo Caregiver), cosa che significherebbe ridurre ancor di pi\u00f9 il barile delle gi\u00e0 esigue risorse che, con questi fondi, sono dedicate alle persone con disabilit\u00e0\u201d<\/em><\/p>\n<p><strong>FISH<\/strong> (Federazione Italiana per il Superamento dell\u2019Handicap) e <strong>FAND<\/strong> (Federazione tra le Associazioni Nazionali delle Persone con Disabilit\u00e0) avevano visionato anticipatamente il disegno di legge, presentato all&#8217;inizio dell&#8217;anno, ed avevano proposto varie modifiche, alcune delle quali recepite nel testo conclusivo.<\/p>\n<p>Ma il DDL \u00e8 il frutto di un lungo confronto tra il Governo ed il mondo associativo, coltivato attraverso due Commissioni istituite dal Ministero del Lavoro, di concerto con quello della Salute, ed il <strong>Patto per la non autosufficienza che raggruppa ben 52 organizzazioni riunite per un&#8217;azione comune<\/strong>.<\/p>\n<p>Obiettivo della riforma \u00e8 infatti tanto importante quanto impegnativo: <strong>migliorare l&#8217;assistenza agli anziani elevando la qualit\u00e0 delle cure a domicilio, senza per\u00f2 trascurare gli interventi necessari per le strutture di ricovero.<\/strong><\/p>\n<p>Un cambiamento epocale a cui oggi il governo uscente ha dato il via in extremis.\u00a0 Toccher\u00e0 al nuovo governo confermare l\u2019impianto della delega, sottoporla all\u2019esame del Parlamento e infine, entro un anno dall&#8217;approvazione delle Camere, emanare i decreti delegati.<\/p>\n<p>Un iter dall\u2019esito tutt\u2019altro che scontato, con il nodo delle risorse necessarie (7 miliardi complessivi, in parte coperti dal Pnrr) da iniziare a cercare gi\u00e0 dalla prossima Legge di Bilancio.<\/p>\n<p><a href=\"https:\/\/www.quotidianosanita.it\/governo-e-parlamento\/articolo.php?articolo_id=107977\" target=\"_blank\" rel=\"noopener\">FISH e FAND lo bocciano &#8211; QS 11.10<\/a><\/p>","protected":false},"excerpt":{"rendered":"<p>Nel DDL delega non autosufficienti \u00e8 prevista l&#8217;istituzione del Comitato Interministeriale per le politiche in favore della Popolazione Anziana (CIPA) presso la Presidenza del Consiglio dei Ministri. Approvato ieri in Consiglio dei ministri il Disegno di legge proposto dal ministro del Lavoro e delle Politiche sociali, Andrea Orlando, che prevede politiche in favore delle persone &hellip;<\/p>","protected":false},"author":1,"featured_media":67937,"comment_status":"closed","ping_status":"closed","sticky":false,"template":"","format":"standard","meta":{"footnotes":""},"categories":[1],"tags":[41,79],"class_list":["post-67914","post","type-post","status-publish","format-standard","has-post-thumbnail","hentry","category-notizie","tag-leggisentenze","tag-ssn"],"amp_enabled":true,"_links":{"self":[{"href":"https:\/\/www.fedaiisf.it\/en\/wp-json\/wp\/v2\/posts\/67914","targetHints":{"allow":["GET"]}}],"collection":[{"href":"https:\/\/www.fedaiisf.it\/en\/wp-json\/wp\/v2\/posts"}],"about":[{"href":"https:\/\/www.fedaiisf.it\/en\/wp-json\/wp\/v2\/types\/post"}],"author":[{"embeddable":true,"href":"https:\/\/www.fedaiisf.it\/en\/wp-json\/wp\/v2\/users\/1"}],"replies":[{"embeddable":true,"href":"https:\/\/www.fedaiisf.it\/en\/wp-json\/wp\/v2\/comments?post=67914"}],"version-history":[{"count":0,"href":"https:\/\/www.fedaiisf.it\/en\/wp-json\/wp\/v2\/posts\/67914\/revisions"}],"wp:featuredmedia":[{"embeddable":true,"href":"https:\/\/www.fedaiisf.it\/en\/wp-json\/wp\/v2\/media\/67937"}],"wp:attachment":[{"href":"https:\/\/www.fedaiisf.it\/en\/wp-json\/wp\/v2\/media?parent=67914"}],"wp:term":[{"taxonomy":"category","embeddable":true,"href":"https:\/\/www.fedaiisf.it\/en\/wp-json\/wp\/v2\/categories?post=67914"},{"taxonomy":"post_tag","embeddable":true,"href":"https:\/\/www.fedaiisf.it\/en\/wp-json\/wp\/v2\/tags?post=67914"}],"curies":[{"name":"wp","href":"https:\/\/api.w.org\/{rel}","templated":true}]}}