{"id":68045,"date":"2022-10-18T10:42:30","date_gmt":"2022-10-18T08:42:30","guid":{"rendered":"https:\/\/www.fedaiisf.it\/?p=68045"},"modified":"2022-10-19T08:48:01","modified_gmt":"2022-10-19T06:48:01","slug":"long-covid-nuova-scheda-informativa-rivolta-ai-pazienti-presentata-da-who-europa","status":"publish","type":"post","link":"https:\/\/www.fedaiisf.it\/en\/long-covid-nuova-scheda-informativa-rivolta-ai-pazienti-presentata-da-who-europa\/","title":{"rendered":"LongCovid. New patient information sheet presented by WHO\/Europe"},"content":{"rendered":"<p><em>Tra il 10 e il 20% dei pazienti che hanno contratto Covid-19 manifestano una sintomatologia a medio o lungo termine le cui basi scientifiche non sono ancora chiare. Affaticamento, mancanza di respiro e difficolt\u00e0 di concentrazione i sintomi pi\u00f9 comuni ma anche manifestazioni pi\u00f9 complesse che oggi si cerca di riconoscere e classificare. <\/em><em>Viene in aiuto al paziente la nuova scheda proposta da OMS\/Europa.<\/em><\/p>\n<p>La condizione post-Covid, comunemente nota come Long Covid, pu\u00f2 insorgere a prescindere dalla severit\u00e0 della malattia, dalla variante del virus circolante e dall&#8217;et\u00e0 della persona. L&#8217;evidenza mostra che solitamente si manifesta a tre mesi dall&#8217;insorgere del Covid-19,<a href=\"https:\/\/www.fedaiisf.it\/wp-content\/uploads\/2022\/10\/SINTOMI-LONG-COVID.png\"><img loading=\"lazy\" decoding=\"async\" class=\"wp-image-68074 alignright\" src=\"https:\/\/www.fedaiisf.it\/wp-content\/uploads\/2022\/10\/SINTOMI-LONG-COVID-248x300.png\" alt=\"\" width=\"333\" height=\"403\" srcset=\"https:\/\/www.fedaiisf.it\/wp-content\/uploads\/2022\/10\/SINTOMI-LONG-COVID-248x300.png 248w, https:\/\/www.fedaiisf.it\/wp-content\/uploads\/2022\/10\/SINTOMI-LONG-COVID.png 389w\" sizes=\"auto, (max-width: 333px) 100vw, 333px\" \/><\/a> con sintomi che durano almeno due mesi. Il long-Covid si presenta in tutte le et\u00e0 e i sintomi possono emergere in persone che erano in precedenza in forma e buona salute. L&#8217;OMS ha ricevuto anche segnalazioni che tale condizione colpisce pi\u00f9 frequentemente le donne che gli uomini.<\/p>\n<p>La condizione pu\u00f2 risultare debilitante, causando sintomi invalidanti e deficit funzionali. Pu\u00f2 impattare significativamente sulla capacit\u00e0 delle persone di lavorare e di partecipare pienamente alla vita della famiglia e della comunit\u00e0.\u00a0Gli effetti sulla salute mentale possono conseguire dal Long Covid, ma possono svilupparsi anche in seguito alle prolungate sofferenze e dallo stress causate dalla condizione.<\/p>\n<p>Questo \u00e8 il motivo per cui OMS\/Europa sta esortando i singoli Paesi e le autorit\u00e0 nazionali a rendere disponibile questo supporto nelle comunit\u00e0, vicino alle case delle persone e nei luoghi di lavoro, nonch\u00e8 per coloro che sono ricoverati negli ospedali.<\/p>\n<p><a href=\"https:\/\/who.canto.global\/pdfviewer\/viewer\/viewer.html?v=JJA37JMFLT&amp;portalType=v%2FJJA37JMFLT&amp;column=document&amp;id=69darire811l718b3aq106mk73&amp;suffix=pdf&amp;print=1\" target=\"_blank\" rel=\"noopener\">LA SCHEDA<\/a><\/p>\n<p><a href=\"https:\/\/www.who.int\/europe\/news\/item\/10-10-2022-rehabilitation--recognition-and-research-needed-for-people-living-with-long-covid--new-who-europe-factsheet\" target=\"_blank\" rel=\"noopener\">WHO Europe<\/a><\/p>\n<p><a href=\"https:\/\/www.panoramasanita.it\/2022\/02\/08\/al-san-giovanni-di-roma-il-primo-studio-prospettico-multicentrico-della-sindrome-long-covid\/\" target=\"_blank\" rel=\"noopener\">In Italia il primo studio prospettico multicentrico della sindrome Long Covid &#8211; feb 2022<\/a><\/p>\n<p><a href=\"https:\/\/www.fedaiisf.it\/wp-admin\/post.php?post=67505&amp;action=edit\" target=\"_blank\" rel=\"noopener\">Sindrome infiammatoria multifattoriale post Covid nei bambini: la causa genetica &#8211; FEDAIISF 09\/22<\/a><\/p>\n<hr \/>\n<p>Related news:<\/p>\n<p>L&#8217;Istituto Superiore di Sanit\u00e0 ha dedicato una ricca sezione al Long Covid rivolta a pazienti ed operatori per raccogliere le conoscenze utili al riconoscimento della sindrome ma anche per indirizzare i pazienti verso gli oltre 100 centri specializzati presenti sul territorio nazionale.<\/p>\n<p><a href=\"https:\/\/www.iss.it\/web\/guest\/long-covid-mappa-dei-centri-regionali\/-\/categories\/6800297\" target=\"_blank\" rel=\"noopener\">ISS &#8211; SPECIALE LONG-COVID<\/a><\/p>\n<p><a href=\"https:\/\/www.fedaiisf.it\/wp-content\/uploads\/2022\/10\/Raffaele-Lodi-scaled-1.jpg\"><img loading=\"lazy\" decoding=\"async\" class=\"wp-image-68080 alignleft\" src=\"https:\/\/www.fedaiisf.it\/wp-content\/uploads\/2022\/10\/Raffaele-Lodi-scaled-1-225x300.jpg\" alt=\"\" width=\"241\" height=\"321\" srcset=\"https:\/\/www.fedaiisf.it\/wp-content\/uploads\/2022\/10\/Raffaele-Lodi-scaled-1-225x300.jpg 225w, https:\/\/www.fedaiisf.it\/wp-content\/uploads\/2022\/10\/Raffaele-Lodi-scaled-1-768x1025.jpg 768w, https:\/\/www.fedaiisf.it\/wp-content\/uploads\/2022\/10\/Raffaele-Lodi-scaled-1-1151x1536.jpg 1151w, https:\/\/www.fedaiisf.it\/wp-content\/uploads\/2022\/10\/Raffaele-Lodi-scaled-1-1535x2048.jpg 1535w, https:\/\/www.fedaiisf.it\/wp-content\/uploads\/2022\/10\/Raffaele-Lodi-scaled-1.jpg 1919w\" sizes=\"auto, (max-width: 241px) 100vw, 241px\" \/><\/a>Per superare le criticit\u00e0 in tema di Long Covid con interventi finalizzati ad incrementare le conoscenze ed uniformare l&#8217;approccio al trattamento \u00e8 risultato strategico il coinvolgimento di alcune Reti costituite dal Ministero della Salute tra cui il RIN (Rete IRCCS Neuroscienze) che assieme alla rete Cardiologica e alla Aging ha una maggiore attinenza, in termini di ricerca, al tema specifico.<\/p>\n<p>Raffaele Lodi (UniBo), Presidente del RIN, spiega che questa Rete, assieme ad altri partner, si baser\u00e0 sulle informazioni provenienti da 30 IRCCS associate per costituire un\u00a0 Osservatorio Long Covid. Identificher\u00e0 i Centri di diagnosi e assistenza presenti in Italia. Parteciper\u00e0 ad un tavolo per la definizione di buone pratiche per la presa in carico dei pazienti, dal quale scaturir\u00e0 un documento cui la Rete contribuir\u00e0 per gli aspetti di pertinenza\u00a0 neurologica e riabilitativa.\u00a0Il RIN contribuir\u00e0 infine alla predisposizione di un sito web istituzionale informativo di riferimento sul Long Covid.<\/p>\n<p><a href=\"https:\/\/www.reteneuroscienze.it\/long-covid-e-disturbi-neurologici-ecco-cosa-sappiamo\/\" target=\"_blank\" rel=\"noopener\">RIN &#8211; Rete IRCCS Neuroscienze<\/a><\/p>\n<p>&nbsp;<\/p>\n<p>&nbsp;<\/p>","protected":false},"excerpt":{"rendered":"<p>Tra il 10 e il 20% dei pazienti che hanno contratto Covid-19 manifestano una sintomatologia a medio o lungo termine le cui basi scientifiche non sono ancora chiare. Affaticamento, mancanza di respiro e difficolt\u00e0 di concentrazione i sintomi pi\u00f9 comuni ma anche manifestazioni pi\u00f9 complesse che oggi si cerca di riconoscere e classificare. Viene in &hellip;<\/p>","protected":false},"author":1,"featured_media":68073,"comment_status":"closed","ping_status":"closed","sticky":false,"template":"","format":"standard","meta":{"footnotes":""},"categories":[1],"tags":[116,79],"class_list":["post-68045","post","type-post","status-publish","format-standard","has-post-thumbnail","hentry","category-notizie","tag-scienze","tag-ssn"],"amp_enabled":true,"_links":{"self":[{"href":"https:\/\/www.fedaiisf.it\/en\/wp-json\/wp\/v2\/posts\/68045","targetHints":{"allow":["GET"]}}],"collection":[{"href":"https:\/\/www.fedaiisf.it\/en\/wp-json\/wp\/v2\/posts"}],"about":[{"href":"https:\/\/www.fedaiisf.it\/en\/wp-json\/wp\/v2\/types\/post"}],"author":[{"embeddable":true,"href":"https:\/\/www.fedaiisf.it\/en\/wp-json\/wp\/v2\/users\/1"}],"replies":[{"embeddable":true,"href":"https:\/\/www.fedaiisf.it\/en\/wp-json\/wp\/v2\/comments?post=68045"}],"version-history":[{"count":0,"href":"https:\/\/www.fedaiisf.it\/en\/wp-json\/wp\/v2\/posts\/68045\/revisions"}],"wp:featuredmedia":[{"embeddable":true,"href":"https:\/\/www.fedaiisf.it\/en\/wp-json\/wp\/v2\/media\/68073"}],"wp:attachment":[{"href":"https:\/\/www.fedaiisf.it\/en\/wp-json\/wp\/v2\/media?parent=68045"}],"wp:term":[{"taxonomy":"category","embeddable":true,"href":"https:\/\/www.fedaiisf.it\/en\/wp-json\/wp\/v2\/categories?post=68045"},{"taxonomy":"post_tag","embeddable":true,"href":"https:\/\/www.fedaiisf.it\/en\/wp-json\/wp\/v2\/tags?post=68045"}],"curies":[{"name":"wp","href":"https:\/\/api.w.org\/{rel}","templated":true}]}}