{"id":6817,"date":"2014-12-28T13:24:38","date_gmt":"2014-12-28T12:24:38","guid":{"rendered":"http:\/\/www.fedaiisf.it\/?p=6817"},"modified":"2014-12-29T09:28:21","modified_gmt":"2014-12-29T08:28:21","slug":"garessio-addio-livio-zeller-fece-grande-la-lepetit","status":"publish","type":"post","link":"https:\/\/www.fedaiisf.it\/en\/garessio-addio-livio-zeller-fece-grande-la-lepetit\/","title":{"rendered":"GARESSIO\/ Addio a Livio Zeller, fece grande la Lepetit"},"content":{"rendered":"<p><img loading=\"lazy\" decoding=\"async\" class=\"alignleft\" alt=\"\" src=\"http:\/\/www.ronci.org\/liviozeller\/ufficio.jpg\" width=\"289\" height=\"221\" \/>&#8220;E&#8217; morto Livio Zeller, l&#8217;artefice della Lepetit Spa, quale realt\u00e0 internazionale. L&#8217;annuncio sul Corriere della sera cos\u00ec recita: &#8220;Patriarca e instancabile tessitore di rapporti umani&#8221;. L&#8217;ho avuto come maestro pi\u00f9 che come capo dal 1963. Ci siamo riabbracciati ancora nel 2013. Zeller fu l&#8217;anima che davanti alla scoperta delle rifamicine, la famiglia di antibiotici che avrebbe sconfitto la tubercolosi, si dette da fare a trovarei finanziamenti affinch\u00e9 la ricerca continuasse &#8230; e continu\u00f2 portando alla Rifampicina fine anni &#8217;60&#8221;. Savino Roggia<\/p>\n<p><a href=\"http:\/\/www.cuneocronaca.it\/news.asp?id=67041\" target=\"_blank\" rel=\"noopener\">27\/12\/14 &#8211; CuneoCronaca<\/a><\/p>\n<p><span style=\"color: #ff0000;\"><b><i>Note<\/i><\/b><\/span><i>: Livio Zeller-Celso (Trieste, 6 aprile 1923 \u2013 Milano, 25 dicembre 2014) \u00e8 stato un ingegnere chimico italiano. Nel 1961, insieme all&#8217;ing. Vitangelo D&#8217;Amato, invent\u00f2 un estere del cloramfenicolo. Livio Zeller, figlio di Romeo Zeller e Paola Sabbadini, pass\u00f2 la sua infanzia a Trieste, frequentando le scuole medie presso la Scuola Ebraica di Trieste.<\/i><\/p>\n<p><i>In seguito alla promulgazione delle leggi razziali del 1938, si trasfer\u00ec in Svizzera dove frequent\u00f2 la scuola politecnica Universit\u00e0 di Losanna, laureandosi con una tesi sulla sintesi chimica dei nuovi antibiotici. Si iscrisse poi ad una seconda laurea al Politecnico federale di Zurigo, che lasci\u00f2 quando ricevette una proposta di lavoro presso la Lepetit Farmaceutici (nella foto la sede di Milano), societ\u00e0 fondata da Roberto Lepetit.<\/i><\/p>\n<p><i><img loading=\"lazy\" decoding=\"async\" class=\"alignright\" alt=\"\" src=\"http:\/\/www.lepetitpharma.com\/images\/imgTrayectoria_01.jpg\" width=\"200\" height=\"264\" \/>Nell&#8217;arco della sua carriera ha ricoperto diversi ruoli: ricercatore, Vice Direttore tecnico, Ispettore Chimico Estero, Direttore Centrale Ricerca e Sviluppo, Vicepresidente aziendale, principalmente per le ditte Lepetit Farmaceutici e Farmitalia-Carlo Erba.<\/i><\/p>\n<p><i>Tra le sue innumerevoli iniziative, sia di carattere professionale che culturale, sono da citare la creazione del Laboratorio di Microbiologia applicata presso l&#8217;Universit\u00e0 di Pavia (sotto la guida del Dr. Isvan Fuerez) e l&#8217;organizzazione del Centro di Ricerca Culturale della Lepetit, in collaborazione con l&#8217;Associazione degli Amici del Piccolo teatro di Milano.<\/i><\/p>\n<p><i>Il gruppo delle Rifamicine, e la Rifampicina in particolare, sono state scoperte nel 1959 nei laboratori Lepetit a Milano grazie alla terra trovata a St.Raphael, in Costa Azzurra, dal microbiologo Ermes Pagani (1929-2013). I batteri presenti nel terreno sono stati poi analizzati da un gruppo di ricercatori italiani guidati dallo stesso Ermes Pagani, dal Prof. Piero Sensi (1920-2013) e dalla dott.ssa Maria Teresa Timbal (1925-1969). La rifampicina \u00e8 registrata a nome di entrambi.<\/i><\/p>\n<p><i>Il suo nome deriva dall&#8217;abitudine che i ricercatori della Lepetit avevano di denominare ogni campione di terra raccolto con il nome di un film. In questo caso Rififi.<\/i><\/p>\n<p><i>In Italia la rifampicina \u00e8 venduta dalla Sanofi-Aventis con il nome di Rifadin.<\/i><\/p>\n<p><i>There <a href=\"http:\/\/investing.businessweek.com\/research\/stocks\/snapshot\/snapshot.asp?ticker=DOW\" target=\"_blank\" rel=\"noopener\">Dow Chemical<\/a> ha acquistato nel 1964 la maggioranza delle azioni Lepetit che da oltre un secolo operava nel settore farmaceutico. Ci\u00f2 ha permesso alla Dow di entrare nel settore farmaceutico mondiale, beneficiando dell&#8217;esperienza e delle conoscenze tecnologiche della Lepetit stessa che erano molto avanzate e gi\u00e0 ben strutturate. <\/i><\/p>\n<p><i>Related news: <a href=\"http:\/\/archivio.internazionale.it\/incipit\/incipit\/2013\/10\/19\/il-bagnino-e-i-samurai\" target=\"_blank\" rel=\"noopener\">Il bagnino e i samurai. La ricerca biomedica in Italia: un&#8217;occasione sprecata<\/a><\/i><i>\u00a0<\/i><\/p>","protected":false},"excerpt":{"rendered":"<p>&#8220;E&#8217; morto Livio Zeller, l&#8217;artefice della Lepetit Spa, quale realt\u00e0 internazionale. L&#8217;annuncio sul Corriere della sera cos\u00ec recita: &#8220;Patriarca e instancabile tessitore di rapporti umani&#8221;. L&#8217;ho avuto come maestro pi\u00f9 che come capo dal 1963. Ci siamo riabbracciati ancora nel 2013. Zeller fu l&#8217;anima che davanti alla scoperta delle rifamicine, la famiglia di antibiotici che &hellip;<\/p>","protected":false},"author":4,"featured_media":6823,"comment_status":"closed","ping_status":"closed","sticky":false,"template":"","format":"standard","meta":{"footnotes":""},"categories":[1],"tags":[53],"class_list":["post-6817","post","type-post","status-publish","format-standard","has-post-thumbnail","hentry","category-notizie","tag-fusioniacquisizioni"],"amp_enabled":true,"_links":{"self":[{"href":"https:\/\/www.fedaiisf.it\/en\/wp-json\/wp\/v2\/posts\/6817","targetHints":{"allow":["GET"]}}],"collection":[{"href":"https:\/\/www.fedaiisf.it\/en\/wp-json\/wp\/v2\/posts"}],"about":[{"href":"https:\/\/www.fedaiisf.it\/en\/wp-json\/wp\/v2\/types\/post"}],"author":[{"embeddable":true,"href":"https:\/\/www.fedaiisf.it\/en\/wp-json\/wp\/v2\/users\/4"}],"replies":[{"embeddable":true,"href":"https:\/\/www.fedaiisf.it\/en\/wp-json\/wp\/v2\/comments?post=6817"}],"version-history":[{"count":0,"href":"https:\/\/www.fedaiisf.it\/en\/wp-json\/wp\/v2\/posts\/6817\/revisions"}],"wp:featuredmedia":[{"embeddable":true,"href":"https:\/\/www.fedaiisf.it\/en\/wp-json\/wp\/v2\/media\/6823"}],"wp:attachment":[{"href":"https:\/\/www.fedaiisf.it\/en\/wp-json\/wp\/v2\/media?parent=6817"}],"wp:term":[{"taxonomy":"category","embeddable":true,"href":"https:\/\/www.fedaiisf.it\/en\/wp-json\/wp\/v2\/categories?post=6817"},{"taxonomy":"post_tag","embeddable":true,"href":"https:\/\/www.fedaiisf.it\/en\/wp-json\/wp\/v2\/tags?post=6817"}],"curies":[{"name":"wp","href":"https:\/\/api.w.org\/{rel}","templated":true}]}}