{"id":68278,"date":"2022-10-26T13:11:31","date_gmt":"2022-10-26T11:11:31","guid":{"rendered":"https:\/\/www.fedaiisf.it\/?p=68278"},"modified":"2022-10-27T11:52:03","modified_gmt":"2022-10-27T09:52:03","slug":"carenza-farmaci-cossolo-federfarma-diverse-le-problematiche-ma-farmacie-pronte-a-sopperire-mancanza","status":"publish","type":"post","link":"https:\/\/www.fedaiisf.it\/en\/carenza-farmaci-cossolo-federfarma-diverse-le-problematiche-ma-farmacie-pronte-a-sopperire-mancanza\/","title":{"rendered":"Drug shortage, Cossolo (Federfarma): &quot;The problems are different, but pharmacies are ready to make up for the shortage&quot;"},"content":{"rendered":"<h2 class=\"Title\">Carenza farmaci, Cossolo: \u00abDiverse le problematiche ma farmacie pronte a sopperire mancanza\u00bb<\/h2>\n<p><a href=\"https:\/\/www.federfarma.it\/Edicola\/Filodiretto\/VediNotizia.aspx?id=24237\" target=\"_blank\" rel=\"noopener\">Federfarma &#8211; 26 ottobre 2022<\/a><\/p>\n<p>In base agli ultimi dati forniti dall\u2019Agenzia Italiana del Farmaco mancherebbero all\u2019appello oltre 3mila medicine. <img loading=\"lazy\" decoding=\"async\" class=\"size-full wp-image-67220 alignright\" src=\"https:\/\/www.fedaiisf.it\/wp-content\/uploads\/2022\/09\/marco_cossolo18.jpg\" alt=\"\" width=\"200\" height=\"150\" \/>Tra queste antiepilettici, antidepressivi, antipertensivi e diuretici, ma pu\u00f2 essere difficile trovare anche il semplice paracetamolo.<\/p>\n<p>A causare la carenza di questo periodo sono problemi di natura diversa, secondo quanto afferma a Rai News il presidente nazionale di Federfarma <strong>Marco Cossolo<\/strong>: \u00abSono diverse le problematiche che si accavallano. Innanzitutto, per alcune categorie di medicinali, c\u2019\u00e8 stato un iper-utilizzo per il trattamento domiciliare del Covid\u00bb.<\/p>\n<p>A questo si \u00e8 aggiunto, a causa della crisi internazionale, la scarsit\u00e0 di alcune materie prime necessarie per produrre le confezioni ma anche \u00abil prezzo del carburante, necessario per il trasporto e il rifornimento, in molti casi ha determinato uno slittamento delle consegne\u00bb. Ma c\u2019\u00e8 anche altro: \u00abil disallineamento dei prezzi dei farmaci in Italia rispetto agli altri paesi \u2013 afferma Cossolo &#8211; pu\u00f2 aver determinato problemi di approvvigionamento\u00bb.<\/p>\n<p>In questo momento, spiega il presidente di Federfarma, \u00abriscontriamo carenza di ibuprofene, soprattutto di quello da 600 e da 800, e problemi di approvvigionamento per la versione in sciroppo. Nella maggior parte dei casi si pu\u00f2 comunque acquistare un farmaco equivalente\u00bb. I dosaggi di cui \u00e8 pi\u00f9 complicata la reperibilit\u00e0 sono quelli prescrivibili, cio\u00e8 mutuabili.<\/p>\n<p><img loading=\"lazy\" decoding=\"async\" class=\"wp-image-47158 alignleft\" src=\"https:\/\/www.fedaiisf.it\/wp-content\/uploads\/2019\/12\/AIFA-Medicinali-carenti.jpeg\" alt=\"\" width=\"331\" height=\"177\" srcset=\"https:\/\/www.fedaiisf.it\/wp-content\/uploads\/2019\/12\/AIFA-Medicinali-carenti.jpeg 685w, https:\/\/www.fedaiisf.it\/wp-content\/uploads\/2019\/12\/AIFA-Medicinali-carenti-300x160.jpeg 300w\" sizes=\"auto, (max-width: 331px) 100vw, 331px\" \/>D\u2019altro canto, le farmacie \u00absi sono subito attivate e hanno risposto prontamente per sopperire alla mancanza dei medicinali. Hanno contribuito con le preparazioni galeniche, come nel caso dell\u2019ibuprofene per uso pediatrico.<\/p>\n<p>La galenica si conferma un\u2019attivit\u00e0 fondamentale del farmacista per non far mancare ai pazienti i medicinali di cui hanno bisogno.\u00bb Questa iniziativa sottolinea ancora una volta il ruolo centrale della farmacia come primo presidio sanitario di prossimit\u00e0 sul territorio che opera in costante collaborazione con le istituzioni, nel caso specifico l\u2019AIFA, per segnalare tempestivamente eventuali difficolt\u00e0 di reperimento di farmaci sul territorio e garantire ai cittadini i medicinali di cui hanno bisogno.<\/p>\n<p>Related news:\u00a0<a href=\"https:\/\/www.fedaiisf.it\/en\/carenza-di-farmaci-nellue-cause-e-soluzioni-l80-dei-principi-farmaceutici-attivi-provengono-da-india-e-cin\/\" target=\"_blank\" rel=\"noopener\">Shortage of medicines in the EU: causes and solutions. The active pharmaceutical ingredients 80% come from India and China<\/a><\/p>\n<p><a href=\"http:\/\/www.federfarmaservizi.it\/index.php?option=com_content&amp;view=article&amp;id=1255:carenze-fenomeno-in-crescita-mirone-impegno-del-nuovo-governo-a-tutela-della-filiera&amp;catid=8&amp;Itemid=156\" target=\"_blank\" rel=\"noopener\"><span style=\"font-size: 14pt;\">Carenze, fenomeno in crescita. Mirone: impegno del nuovo governo a tutela della filiera<\/span><\/a><\/p>\n<p class=\"entry-content\">F-online 11\/10\/2022 &#8211;\u00a0Il fenomeno delle carenze sta interessando tutto il comparto, dall&#8217;ambito dei farmaci con ricetta a quelli da banco, e pu\u00f2 riguardare le diverse fasi produttive. A lanciare l&#8217;appello A. Mirone, presidente di Federfarma Servizi: &#8220;Il fenomeno delle carenze &#8211; spiega &#8211; \u00e8 per ora in un ambito di gestibilit\u00e0, grazie alle disponibilit\u00e0 di alternative terapeutiche e a strumenti operativi costruiti nel tempo, ma, soprattutto all&#8217;interno della filiera, iniziano a essere avvertiti alcuni disagi&#8221;<\/p>\n<p>&#8220;Ogni giorno mettiamo in campo tutte le soluzioni possibili per far fronte alla situazione di crisi, nel tentativo di evitare disagi alle farmacie e per assicurare il servizio essenziale a cittadini e Ssn. Ma fino a quando sar\u00e0 possibile?&#8221; A lanciare l&#8217;allarme \u00e8 Antonello Mirone, presidente di Federfarma Servizi, che rivolge al nuovo Governo<\/p>\n<p>La Distribuzione Intermedia denuncia l\u2019aggravarsi di criticit\u00e0 pi\u00f9 volte rilevate e, oltre ai \u201cclassici\u201d mancanti, registra rotture di stock su un gran numero di prodotti, con evidenti ricadute sulla disponibilit\u00e0 ai cittadini di medicinali, anche importanti come antiasmatici, antipertensivi, neurolettici e antiepilettici.<\/p>\n<p><span style=\"color: #000000;\"><strong>Si stanno abbattendo sull\u2019intero settore farmaceutico gli effetti combinati della crisi pandemica (che accresce la richiesta di alcuni prodotti), e di quella economica (inflazione, aumenti dei costi per energia e trasporti, scarsit\u00e0 di materie prime) che, incidendo anche a livello produttivo, provocano conseguenze a cascata nella filiera con ritardi nelle consegne dei medicinali ai magazzini dei Distributori intermedi che si ripercuotono infine sulle farmacie e sui cittadini con forti rallentamenti nelle consegne. \u00a0Ordini che prima arrivavano in 5 giorni ai siti logistici dei distributori, attualmente restano inevasi fino a 3 o 4 settimane causando, di conseguenza, il problema di medicinali introvabili per i cittadini che si recano in farmacia, dove si segnalano mancanze in aumento.<\/strong><\/span><\/p>\n<p>&nbsp;<\/p>","protected":false},"excerpt":{"rendered":"<p>Carenza farmaci, Cossolo: \u00abDiverse le problematiche ma farmacie pronte a sopperire mancanza\u00bb Federfarma &#8211; 26 ottobre 2022 In base agli ultimi dati forniti dall\u2019Agenzia Italiana del Farmaco mancherebbero all\u2019appello oltre 3mila medicine. Tra queste antiepilettici, antidepressivi, antipertensivi e diuretici, ma pu\u00f2 essere difficile trovare anche il semplice paracetamolo. A causare la carenza di questo periodo &hellip;<\/p>","protected":false},"author":4,"featured_media":68283,"comment_status":"closed","ping_status":"closed","sticky":false,"template":"","format":"standard","meta":{"footnotes":""},"categories":[1],"tags":[49,79],"class_list":["post-68278","post","type-post","status-publish","format-standard","has-post-thumbnail","hentry","category-notizie","tag-aifa","tag-ssn"],"amp_enabled":true,"_links":{"self":[{"href":"https:\/\/www.fedaiisf.it\/en\/wp-json\/wp\/v2\/posts\/68278","targetHints":{"allow":["GET"]}}],"collection":[{"href":"https:\/\/www.fedaiisf.it\/en\/wp-json\/wp\/v2\/posts"}],"about":[{"href":"https:\/\/www.fedaiisf.it\/en\/wp-json\/wp\/v2\/types\/post"}],"author":[{"embeddable":true,"href":"https:\/\/www.fedaiisf.it\/en\/wp-json\/wp\/v2\/users\/4"}],"replies":[{"embeddable":true,"href":"https:\/\/www.fedaiisf.it\/en\/wp-json\/wp\/v2\/comments?post=68278"}],"version-history":[{"count":11,"href":"https:\/\/www.fedaiisf.it\/en\/wp-json\/wp\/v2\/posts\/68278\/revisions"}],"predecessor-version":[{"id":68301,"href":"https:\/\/www.fedaiisf.it\/en\/wp-json\/wp\/v2\/posts\/68278\/revisions\/68301"}],"wp:featuredmedia":[{"embeddable":true,"href":"https:\/\/www.fedaiisf.it\/en\/wp-json\/wp\/v2\/media\/68283"}],"wp:attachment":[{"href":"https:\/\/www.fedaiisf.it\/en\/wp-json\/wp\/v2\/media?parent=68278"}],"wp:term":[{"taxonomy":"category","embeddable":true,"href":"https:\/\/www.fedaiisf.it\/en\/wp-json\/wp\/v2\/categories?post=68278"},{"taxonomy":"post_tag","embeddable":true,"href":"https:\/\/www.fedaiisf.it\/en\/wp-json\/wp\/v2\/tags?post=68278"}],"curies":[{"name":"wp","href":"https:\/\/api.w.org\/{rel}","templated":true}]}}