{"id":68378,"date":"2022-10-31T19:57:17","date_gmt":"2022-10-31T18:57:17","guid":{"rendered":"https:\/\/www.fedaiisf.it\/?p=68378"},"modified":"2022-11-01T18:37:55","modified_gmt":"2022-11-01T17:37:55","slug":"c-d-m-dal-primo-novembre-fine-obbligo-vaccino-per-i-sanitari-gimbe-sanatoria-no-vax-e-unamnistia-antiscientifica-gemmato-sottosegretario","status":"publish","type":"post","link":"https:\/\/www.fedaiisf.it\/en\/c-d-m-dal-primo-novembre-fine-obbligo-vaccino-per-i-sanitari-gimbe-sanatoria-no-vax-e-unamnistia-antiscientifica-gemmato-sottosegretario\/","title":{"rendered":"CdM From November 1, the end of the vaccine obligation for health care workers. Gimbe: \u201cNo-Vax amnesty is an anti-scientific amnesty. Undersecretary Gemmato"},"content":{"rendered":"<p>Si \u00e8 tenuto oggi il Consiglio dei Ministri che, fra l&#8217;altro, ha dato il via\u00a0all&#8217;anticipo della fine dell&#8217;obbligo di vaccino <img loading=\"lazy\" decoding=\"async\" class=\"wp-image-68384 alignright\" src=\"https:\/\/www.fedaiisf.it\/wp-content\/uploads\/2022\/10\/1-meloni-conferenza-stampa.png\" alt=\"\" width=\"351\" height=\"220\" srcset=\"https:\/\/www.fedaiisf.it\/wp-content\/uploads\/2022\/10\/1-meloni-conferenza-stampa.png 1206w, https:\/\/www.fedaiisf.it\/wp-content\/uploads\/2022\/10\/1-meloni-conferenza-stampa-300x188.png 300w, https:\/\/www.fedaiisf.it\/wp-content\/uploads\/2022\/10\/1-meloni-conferenza-stampa-1024x641.png 1024w, https:\/\/www.fedaiisf.it\/wp-content\/uploads\/2022\/10\/1-meloni-conferenza-stampa-768x481.png 768w\" sizes=\"auto, (max-width: 351px) 100vw, 351px\" \/>per i sanitari.\u00a0Stop quindi a partire da domani primo novembre all&#8217;obbligo vaccinale anti Covid per medici e professioni sanitarie. &#8220;L&#8217;obbligo vaccinale \u00e8 scaduto lo scorso giugno e sopravviveva fino a dicembre per gli operatori sanitari. Noi abbiamo deciso di anticipare all&#8217;1 novembre la fine dell&#8217;obbligo e questo ci consente di recuperare 4 mila persone ora ferme in un sistema sotto-organico&#8221;, dice Meloni<\/p>\n<p>Sul tema Covid, sempre oggi ma fuori dal Cdm, \u00e8 stato prorogato l&#8217;obbligo di utilizzo delle <b>mascherine<\/b> negli ospedali e nelle Rsa. Lo prevede una a nuova ordinanza del ministro della Salute Orazio Schillaci. Scade infatti oggi la precedente ordinanza che stabiliva l&#8217;obbligatoriet\u00e0 dei dispositivi di protezione nelle strutture sanitarie<\/p>\n<p><strong>Gimbe<\/strong>:\u00a0&#8220;Il reintegro dei sanitari non vaccinati contro Covid-19 e le &#8220;sanatorie&#8221; per i no-vax rappresentano un&#8217;amnistia anti-scientifica e diseducativa&#8221;. Lo ha riferito il presidente della Fondazione Gimbe, Nino Cartabellotta, commentando alcune <a href=\"https:\/\/tg24.sky.it\/cronaca\/2022\/10\/28\/covid-governo-meloni-regole#00\" target=\"_blank\" rel=\"noopener\">misure sulla gestione della pandemia<\/a> all&#8217;ordine del giorno del Consiglio dei ministri di oggi, 31 ottobre, tra cui l&#8217;anticipo al primo novembre 2022 della scadenza dell\u2019<a href=\"https:\/\/tg24.sky.it\/salute-e-benessere\/2022\/10\/28\/covid-schillaci-medici-no-vax\" target=\"_blank\" rel=\"noopener\">obbligo vaccinale per chi esercita la professione sanitaria<\/a> e la conseguente abrogazione delle sanzioni per l\u2019inosservanza dell\u2019obbligo. Inoltre, secondo Cartabellotta, la proposta del Mef (ministero dell&#8217;Economia e delle Finanze) di una sospensione fino al 30 giugno 2023 delle multe per gli over50 che non hanno rispettato l&#8217;obbligo <a href=\"https:\/\/tg24.sky.it\/cronaca\/vaccino-covid-19\" target=\"_blank\" rel=\"noopener\">vaccinale<\/a> \u00e8 &#8220;irrilevante dal punto di vista sanitario ma antiscientifica e fortemente diseducativa, visto che estende la cultura della sanatoria anche alle disposizioni che hanno l&#8217;obiettivo di tutelare la salute pubblica&#8221;<\/p>\n<p>\u201cLa parola d\u2019ordine \u2018discontinuit\u00e0\u2019 \u00e8 assolutamente legittima in una repubblica democratica, ma <strong>no a messaggi antiscientifici<\/strong>\u201c.<\/p>\n<p>Source <a href=\"https:\/\/tg24.sky.it\/salute-e-benessere\/2022\/10\/31\/covid-no-vax-sanatoria-gimbe\" target=\"_blank\" rel=\"noopener\">Sky TG24 &#8211; 31 ottobre 2022<\/a><\/p>\n<p>Sul reintegro di medici e infermieri finora <strong>esclusi<\/strong> dal posto di lavoro perch\u00e9 non si sono vaccinati, nella maggioranza crescono i malumori soprattutto da quel pezzo di <strong>Come on Italy<\/strong> pi\u00f9 vicino alla senatrice <a href=\"https:\/\/www.open.online\/temi\/licia-ronzulli\/\" target=\"_blank\" rel=\"noopener\">Licia Ronzulli<\/a>. Come ricorda <a href=\"https:\/\/www.repubblica.it\/politica\/2022\/11\/01\/news\/giustizia_covid_primo_consiglio_dei_ministri_governo_meloni-372300352\/?ref=RHLF-BG-I372325655-P2-S1-T1\" target=\"_blank\" rel=\"noreferrer noopener\"><em>Republic<\/em><\/a>, era stata proprio la fedelissima di <a href=\"https:\/\/www.open.online\/temi\/silvio-berlusconi\" target=\"_blank\" rel=\"noopener\">Silvio Berlusconi<\/a> ad avvertire il governo sull\u2019intenzione di riaccogliere tutti quei sanitari finora <a href=\"https:\/\/www.open.online\/temi\/no-vax\/\" target=\"_blank\" rel=\"noopener\">No vax<\/a>: \u00abNon credo che sia la pandemia il settore dove esercitare discontinuit\u00e0\u00bb. Alla senatrice forzista si aggiunge il monito di <a href=\"https:\/\/www.open.online\/temi\/sergio-mattarella\/\" target=\"_blank\" rel=\"noopener\">Sergio Mattarella<\/a>, che aveva <a href=\"https:\/\/www.open.online\/2022\/10\/28\/covid-19-mattarella-ricerca-scientifica-video\" target=\"_blank\" rel=\"noopener\">ricordato<\/a> come \u00abil Covid non \u00e8 sconfitto\u00bb. \u00a0(<a href=\"https:\/\/www.open.online\/2022\/10\/31\/governo-meloni-cdm-forza-italia-obbligo-vaccini-sanitari-ergastolo-ostativo\/\" target=\"_blank\" rel=\"noopener\">Open on Line<\/a>)<\/p>\n<p>\u201cBene la conferma dell\u2019obbligo \u2013 afferma in un comunicato Filippo Anelli, presidente FNOMCeO \u2013 di utilizzo delle mascherine negli ospedali e nelle Rsa: un provvedimento che va nella direzione di proteggere i pi\u00f9 fragili. Abbiamo apprezzato le parole del Ministro della Salute, Orazio Schillaci, a sostegno dei vaccini e il ringraziamento ai medici e agli operatori sanitari per il lavoro svolto durante la pandemia\u00a0(<a href=\"https:\/\/portale.fnomceo.it\/gemmato-sottosegretario-alla-salute-gli-auguri-della-fnomceo\/\" target=\"_blank\" rel=\"noopener\">FNOMCeO<\/a>)<\/p>\n<p><strong><span style=\"font-size: 14pt;\">Marcello Gemmato sottosegretario alla salute<\/span><\/strong><\/p>\n<p><img loading=\"lazy\" decoding=\"async\" class=\"wp-image-67645 alignleft\" src=\"https:\/\/www.fedaiisf.it\/wp-content\/uploads\/2022\/09\/Marcello-gemmato-testo.jpg\" alt=\"\" width=\"438\" height=\"247\" srcset=\"https:\/\/www.fedaiisf.it\/wp-content\/uploads\/2022\/09\/Marcello-gemmato-testo.jpg 1280w, https:\/\/www.fedaiisf.it\/wp-content\/uploads\/2022\/09\/Marcello-gemmato-testo-300x169.jpg 300w, https:\/\/www.fedaiisf.it\/wp-content\/uploads\/2022\/09\/Marcello-gemmato-testo-1024x577.jpg 1024w, https:\/\/www.fedaiisf.it\/wp-content\/uploads\/2022\/09\/Marcello-gemmato-testo-768x433.jpg 768w, https:\/\/www.fedaiisf.it\/wp-content\/uploads\/2022\/09\/Marcello-gemmato-testo-390x220.jpg 390w\" sizes=\"auto, (max-width: 438px) 100vw, 438px\" \/>Il Consiglio dei Ministri inoltre ha nominato l&#8217;on.<strong> Marcellus Gemmato<\/strong>, farmacista di Terlizzi (BA), sottosegretario \u00a0alla salute.\u00a0Nato a Bari il 21 dicembre 1972, \u00e8 specializzato in farmacia ospedaliera.\u00a0In una recente intervista a La Repubblica, Gemmato si \u00e8 detto contrario al Green Pass perch\u00e8 &#8220;non \u00e8 una misura sanitaria, non parte da principi scientifici&#8221;.<\/p>\n<p>Rispetto ai vaccini, ha invece spiegato come &#8220;la strategia vaccinale dovrebbe mettere in sicurezza gli anziani e chi ha problemi di salute, vaccinare i bambini di 6 anni non ha avuto senso&#8221;. E&#8217; poi dell&#8217;idea di &#8220;non mettere pi\u00f9 obblighi al personale sanitario&#8221;. Obbligo che il Consiglio dei ministri odierno ha deciso di far decadere da domani primo novembre. Al recente Congresso della FIMMG, Gemmato ha sottolineato che le case di comunit\u00e0, previste nel Pnrr, &#8220;non sono la soluzione per rafforzare la sanit\u00e0 territoriale&#8221; in quanto &#8220;esistono i medici di medicina generale e farmacie che sono sul campo e pi\u00f9 prossimi al cittadino&#8221; Il prossimo venerd\u00ec ci sar\u00e0 un nuovo Consiglio dei Ministri per la <strong>nomina dei viceministri<\/strong>. Nello stesso giorno gli stessi viceministri e i sottosegretari dovrebbero prestare giuramento.<\/p>\n<p><strong><span style=\"font-size: 14pt;\">The <a href=\"https:\/\/www.governo.it\/it\/articolo\/comunicato-stampa-del-consiglio-dei-ministri-n-2\/20814\" target=\"_blank\" rel=\"noopener\">Press release<\/a> del Governo sul Covid<\/span><\/strong><\/p>\n<p>Il testo modifica le disposizioni vigenti in materia di obbligo vaccinale, in considerazione del mutato quadro epidemiologico.<br \/>\nSi anticipa dal 31 dicembre al 1\u00b0 novembre 2022 la scadenza dell\u2019obbligo vaccinale per il personale esercente le professioni sanitarie, per i lavoratori impiegati in strutture residenziali, socio-assistenziali e socio-sanitarie e per il personale delle strutture che effettuano attivit\u00e0 sanitarie e sociosanitarie.<br \/>\nInoltre, con specifico riguardo alla categoria degli esercenti le professioni sanitarie, si elimina la misura della sospensione dall\u2019esercizio della professione, al fine di contrastare la grave carenza di personale sanitario che si registra sul territorio.<\/p>\n<p><a href=\"https:\/\/youtu.be\/Gx-aFRiT-As\" target=\"_blank\" rel=\"noopener\">Conferenza stampa\u00a0<\/a><\/p>\n<p>&nbsp;<\/p>","protected":false},"excerpt":{"rendered":"<p>Si \u00e8 tenuto oggi il Consiglio dei Ministri che, fra l&#8217;altro, ha dato il via\u00a0all&#8217;anticipo della fine dell&#8217;obbligo di vaccino per i sanitari.\u00a0Stop quindi a partire da domani primo novembre all&#8217;obbligo vaccinale anti Covid per medici e professioni sanitarie. &#8220;L&#8217;obbligo vaccinale \u00e8 scaduto lo scorso giugno e sopravviveva fino a dicembre per gli operatori sanitari. &hellip;<\/p>","protected":false},"author":4,"featured_media":68386,"comment_status":"closed","ping_status":"closed","sticky":false,"template":"","format":"standard","meta":{"footnotes":""},"categories":[1],"tags":[79,39],"class_list":["post-68378","post","type-post","status-publish","format-standard","has-post-thumbnail","hentry","category-notizie","tag-ssn","tag-vaccini"],"amp_enabled":true,"_links":{"self":[{"href":"https:\/\/www.fedaiisf.it\/en\/wp-json\/wp\/v2\/posts\/68378","targetHints":{"allow":["GET"]}}],"collection":[{"href":"https:\/\/www.fedaiisf.it\/en\/wp-json\/wp\/v2\/posts"}],"about":[{"href":"https:\/\/www.fedaiisf.it\/en\/wp-json\/wp\/v2\/types\/post"}],"author":[{"embeddable":true,"href":"https:\/\/www.fedaiisf.it\/en\/wp-json\/wp\/v2\/users\/4"}],"replies":[{"embeddable":true,"href":"https:\/\/www.fedaiisf.it\/en\/wp-json\/wp\/v2\/comments?post=68378"}],"version-history":[{"count":15,"href":"https:\/\/www.fedaiisf.it\/en\/wp-json\/wp\/v2\/posts\/68378\/revisions"}],"predecessor-version":[{"id":68405,"href":"https:\/\/www.fedaiisf.it\/en\/wp-json\/wp\/v2\/posts\/68378\/revisions\/68405"}],"wp:featuredmedia":[{"embeddable":true,"href":"https:\/\/www.fedaiisf.it\/en\/wp-json\/wp\/v2\/media\/68386"}],"wp:attachment":[{"href":"https:\/\/www.fedaiisf.it\/en\/wp-json\/wp\/v2\/media?parent=68378"}],"wp:term":[{"taxonomy":"category","embeddable":true,"href":"https:\/\/www.fedaiisf.it\/en\/wp-json\/wp\/v2\/categories?post=68378"},{"taxonomy":"post_tag","embeddable":true,"href":"https:\/\/www.fedaiisf.it\/en\/wp-json\/wp\/v2\/tags?post=68378"}],"curies":[{"name":"wp","href":"https:\/\/api.w.org\/{rel}","templated":true}]}}