{"id":68465,"date":"2022-11-04T02:39:24","date_gmt":"2022-11-04T01:39:24","guid":{"rendered":"https:\/\/www.fedaiisf.it\/?p=68465"},"modified":"2022-11-03T19:55:03","modified_gmt":"2022-11-03T18:55:03","slug":"secondo-la-fnomceo-sono-solo-1-878-i-medici-non-vaccinati-su-473-592-che-potrebbero-rientrare-in-servizio-quarta-dose-raccomandata-ma-non-obbligatoria","status":"publish","type":"post","link":"https:\/\/www.fedaiisf.it\/en\/secondo-la-fnomceo-sono-solo-1-878-i-medici-non-vaccinati-su-473-592-che-potrebbero-rientrare-in-servizio-quarta-dose-raccomandata-ma-non-obbligatoria\/","title":{"rendered":"According to the FNOMCeO there are only 1,878 unvaccinated doctors, out of 473,592, who could return to service. Fourth dose: recommended but not mandatory"},"content":{"rendered":"<h2 class=\"entry-title\">Covid, Anelli (FNOMCeO): \u201cSono 1.878 i medici che potrebbero rientrare in servizio\u201d<\/h2>\n<div class=\"c5-related-meta\">\n<p><a href=\"https:\/\/portale.fnomceo.it\/covid-anelli-fnomceo-sono-1-878-i-medici-che-potrebbero-rientrare-in-servizio\/\" target=\"_blank\" rel=\"noopener\">AUTORE: UFFICIO STAMPA FNOMCeO &#8211;\u00a0<time class=\"value updated\" datetime=\"2022-11-02\">02\/11\/2022<\/time><\/a><\/p>\n<p><img loading=\"lazy\" decoding=\"async\" class=\"wp-image-68466 alignright\" src=\"https:\/\/www.fedaiisf.it\/wp-content\/uploads\/2022\/11\/medici-non-vaccinati.png\" alt=\"\" width=\"427\" height=\"372\" srcset=\"https:\/\/www.fedaiisf.it\/wp-content\/uploads\/2022\/11\/medici-non-vaccinati.png 888w, https:\/\/www.fedaiisf.it\/wp-content\/uploads\/2022\/11\/medici-non-vaccinati-300x261.png 300w, https:\/\/www.fedaiisf.it\/wp-content\/uploads\/2022\/11\/medici-non-vaccinati-768x669.png 768w\" sizes=\"auto, (max-width: 427px) 100vw, 427px\" \/>Sono 1.878\u00a0i medici che potrebbero rientrare effettivamente in servizio a seguito del Decreto-Legge con il quale il Consiglio dei Ministri ha anticipato al 1\u00b0 novembre la scadenza dell\u2019obbligo di vaccinazione anti-Covid per i professionisti sanitari.<\/p>\n<p>Lo comunica la Federazione Nazionale degli Ordini dei Medici Chirurghi e Odontoiatri (FNOMCeO), che ha elaborato gli ultimi dati sui medici e odontoiatri sospesi dagli Albi per non essersi vaccinati.<\/p>\n<p><strong>Al 31 ottobre erano dunque 4.004 i medici e odontoiatri sospesi, vale a dire lo 0,85% dei 473.592 iscritti. Di questi, 3.543 i medici (lo 0,82% dei 434.577 totali), 461 gli odontoiatri e 325 i doppi iscritti, che, per la stragrande maggioranza, esercitano come odontoiatri.<\/strong><\/p>\n<p>Andando per\u00f2 a vedere l\u2019et\u00e0 dei sospesi, poco meno della met\u00e0, e precisamente il 47% dei 3543 medici, vale a dire <strong>1665, hanno pi\u00f9 di 68 anni e sono per questo fuori dal Servizio sanitario nazionale.<\/strong><\/p>\n<p>\u201c<strong>Dei rimanenti 1.878, la percezione \u00e8 che la maggior parte siano liberi professionisti, ma non abbiamo, su questo, dati certi<\/strong> \u2013 commenta il Presidente della FNOMCeO, Filippo Anelli -. Quello che possiamo dire \u00e8 che gli Ordini si sono prontamente adeguati alle nuove disposizioni. Ringraziamo quindi tutti i Presidenti e il personale per il lavoro che hanno svolto in questi mesi e che ancora stanno svolgendo per ottemperare alla legge\u201d.<\/p>\n<p style=\"text-align: center;\">_____________________________<\/p>\n<\/div>\n<h2 style=\"text-align: center;\">La quarta dose \u00e8 obbligatoria?<\/h2>\n<p>La quarta dose di vaccino anti-Covid \u00e8 importante per rafforzare l\u2019immunit\u00e0 in vista della stagione invernale.<br \/>\nTuttavia, <strong>viene solo raccomandata e non c\u2019\u00e8 alcun obbligo per nessuno, neanche per gli operatori <a href=\"https:\/\/www.gazzettaufficiale.it\/eli\/id\/2022\/10\/31\/22G00176\/sg\" target=\"_blank\" rel=\"noopener\"><img loading=\"lazy\" decoding=\"async\" class=\"wp-image-68472 alignleft\" src=\"https:\/\/www.fedaiisf.it\/wp-content\/uploads\/2022\/11\/DL-162-non-obbligo-vaccinarsi.png\" alt=\"\" width=\"344\" height=\"186\" srcset=\"https:\/\/www.fedaiisf.it\/wp-content\/uploads\/2022\/11\/DL-162-non-obbligo-vaccinarsi.png 437w, https:\/\/www.fedaiisf.it\/wp-content\/uploads\/2022\/11\/DL-162-non-obbligo-vaccinarsi-300x162.png 300w\" sizes=\"auto, (max-width: 344px) 100vw, 344px\" \/><\/a>sanitary.<\/strong><\/p>\n<p><a href=\"https:\/\/www.sanitainformazione.it\/bollettino-del-ministero\/la-quarta-dose-e-obbligatoria\/\" target=\"_blank\" rel=\"noopener\">Sanit\u00e0 informazione &#8211; 2 novembre 2022<\/a><\/p>\n<p>There <a href=\"https:\/\/www.sanitainformazione.it\/salute\/covid-leggero-calo-dei-ricoveri-33-in-ospedale-l83-dei-vaccinati-non-ha-la-quarta-dose\/\" target=\"_blank\" rel=\"noopener\">seconda dose di richiamo<\/a> del vaccino anti-Covid, cio\u00e8 la quarta, non \u00e8 obbligatoria per nessuno. Ma il ministero della Salute la raccomanda fortemente ad alcune categorie di persone. Nella <a href=\"https:\/\/www.trovanorme.salute.gov.it\/norme\/renderNormsanPdf?anno=2022&amp;codLeg=88043&amp;parte=1%20&amp;serie=null\" target=\"_blank\" rel=\"noopener\">circolare<\/a> diffusa lo scorso luglio, dopo la quale se ne \u00e8 aggiunta una <a href=\"https:\/\/www.salute.gov.it\/portale\/nuovocoronavirus\/Circolare23settembre2022.pdf\" target=\"_blank\" rel=\"noopener\">nuova<\/a> a settembre, il ministero ha fornito le <strong>indicazioni per la somministrazione<\/strong> della quarta. Non si parla di obbligatoriet\u00e0, neanche per il personale sanitario. Ma si raccomanda agli over 60 e alle persone dai 12 anni d\u2019et\u00e0 in su con elevata fragilit\u00e0, motivata da <strong>patologie concomitanti o preesistenti<\/strong>; per gli operatori sanitari, gli ospiti e operatori delle strutture residenziali per anziani e le <strong>donne in gravidanza<\/strong>.<\/p>\n<h3>La quarta dose serve a rafforzare la risposta immunitaria<\/h3>\n<p>In previsione dell\u2019inverno e dell\u2019arrivo di altri <strong>virus respiratori<\/strong>, gli esperti consigliano la <strong>quarta dose\u00a0<\/strong>anche al resto della popolazione over 12. Per poterla ricevere devono essere passati 120 giorni (quattro mesi) dalla precedente<strong> dose booster<\/strong> o dall\u2019infezione da Covid-19 (data del primo tampone positivo). Il motivo per cui viene consigliata \u00e8 con\u00a0 l\u2019inverno passeremo meno tempo all\u2019aperto e questo favorir\u00e0 una maggior <strong>circolazione del virus<\/strong>. Pertanto vaccinarsi consente di rafforzare la propria <strong>risposta immunitaria<\/strong> e limitare il rischio di ammalarsi in forma grave.<\/p>\n<p>Il secondo richiamo pu\u00f2 essere fatto con uno dei vaccini aggiornati.<\/p>\n<p><img loading=\"lazy\" decoding=\"async\" class=\"wp-image-68475 alignright\" src=\"https:\/\/www.fedaiisf.it\/wp-content\/uploads\/2022\/11\/quarta-dose.png\" alt=\"\" width=\"246\" height=\"208\" srcset=\"https:\/\/www.fedaiisf.it\/wp-content\/uploads\/2022\/11\/quarta-dose.png 900w, https:\/\/www.fedaiisf.it\/wp-content\/uploads\/2022\/11\/quarta-dose-300x253.png 300w, https:\/\/www.fedaiisf.it\/wp-content\/uploads\/2022\/11\/quarta-dose-768x649.png 768w\" sizes=\"auto, (max-width: 246px) 100vw, 246px\" \/>Priorit\u00e0 ad anziani e fragili, ma vaccini aggiornati disponibili per tutti<\/p>\n<p>Related news: <a href=\"https:\/\/www.gazzettaufficiale.it\/eli\/gu\/2022\/10\/31\/255\/sg\/pdf\" target=\"_blank\" rel=\"noopener\">Decreto Legge 31 ottobre 2022, n. 162<\/a><\/p>\n<p><a href=\"https:\/\/www.lavoro.gov.it\/documenti-e-norme\/normative\/Documents\/2021\/DL-44-del-01042021.pdf\" target=\"_blank\" rel=\"noopener\">D.L. 1 aprile 2021, n. 44<\/a><\/p>\n<p><a href=\"https:\/\/www.quotidianosanita.it\/governo-e-parlamento\/articolo.php?articolo_id=108497\" target=\"_blank\" rel=\"noopener\">Covid. Dal 1\u00b0 novembre niente pi\u00f9 obbligo di vaccinazione per i sanitari. Meloni: \u201cTorneranno al lavoro 4mila operatori\u201d. Schillaci: \u201cPronti a intervenire in caso di nuove varianti\u201d.<\/a><\/p>\n<p>Note:\u00a0<em>Il testo del D.L. 31 ottobre 2022 n. 162 va a modificare il decreto legge n. 44 del 2021 che prevedeva un obbligo vaccinale fino al 31 dicembre per gli esercenti le professioni sanitarie e gli operatori di interesse sanitario\u00a0che svolgono la loro attivit\u00e0 nelle strutture sanitarie, sociosanitarie e socio-assistenziali, pubbliche e private, nelle farmacie, nelle parafarmacie e negli studi professionali anticipandolo al 1<sup>or <\/sup>novembre. Permane fino al 31 dicembre l&#8217;obbligo di mascherina per\u00a0<strong>medici, infermieri e i visitatori.<\/strong><\/em><\/p>\n<p><a href=\"https:\/\/www.humanitas.it\/news\/covid-19-chi-puo-fare-la-quarta-dose-di-vaccino\/\" target=\"_blank\" rel=\"noopener\">COVID-19: chi pu\u00f2 fare la quarta dose di vaccino?<\/a><\/p>\n<p>&nbsp;<\/p>","protected":false},"excerpt":{"rendered":"<p>Covid, Anelli (FNOMCeO): \u201cSono 1.878 i medici che potrebbero rientrare in servizio\u201d AUTORE: UFFICIO STAMPA FNOMCeO &#8211;\u00a002\/11\/2022 Sono 1.878\u00a0i medici che potrebbero rientrare effettivamente in servizio a seguito del Decreto-Legge con il quale il Consiglio dei Ministri ha anticipato al 1\u00b0 novembre la scadenza dell\u2019obbligo di vaccinazione anti-Covid per i professionisti sanitari. Lo comunica la &hellip;<\/p>","protected":false},"author":4,"featured_media":68476,"comment_status":"closed","ping_status":"closed","sticky":false,"template":"","format":"standard","meta":{"footnotes":""},"categories":[1],"tags":[79,39],"class_list":["post-68465","post","type-post","status-publish","format-standard","has-post-thumbnail","hentry","category-notizie","tag-ssn","tag-vaccini"],"amp_enabled":true,"_links":{"self":[{"href":"https:\/\/www.fedaiisf.it\/en\/wp-json\/wp\/v2\/posts\/68465","targetHints":{"allow":["GET"]}}],"collection":[{"href":"https:\/\/www.fedaiisf.it\/en\/wp-json\/wp\/v2\/posts"}],"about":[{"href":"https:\/\/www.fedaiisf.it\/en\/wp-json\/wp\/v2\/types\/post"}],"author":[{"embeddable":true,"href":"https:\/\/www.fedaiisf.it\/en\/wp-json\/wp\/v2\/users\/4"}],"replies":[{"embeddable":true,"href":"https:\/\/www.fedaiisf.it\/en\/wp-json\/wp\/v2\/comments?post=68465"}],"version-history":[{"count":13,"href":"https:\/\/www.fedaiisf.it\/en\/wp-json\/wp\/v2\/posts\/68465\/revisions"}],"predecessor-version":[{"id":68482,"href":"https:\/\/www.fedaiisf.it\/en\/wp-json\/wp\/v2\/posts\/68465\/revisions\/68482"}],"wp:featuredmedia":[{"embeddable":true,"href":"https:\/\/www.fedaiisf.it\/en\/wp-json\/wp\/v2\/media\/68476"}],"wp:attachment":[{"href":"https:\/\/www.fedaiisf.it\/en\/wp-json\/wp\/v2\/media?parent=68465"}],"wp:term":[{"taxonomy":"category","embeddable":true,"href":"https:\/\/www.fedaiisf.it\/en\/wp-json\/wp\/v2\/categories?post=68465"},{"taxonomy":"post_tag","embeddable":true,"href":"https:\/\/www.fedaiisf.it\/en\/wp-json\/wp\/v2\/tags?post=68465"}],"curies":[{"name":"wp","href":"https:\/\/api.w.org\/{rel}","templated":true}]}}