{"id":68649,"date":"2022-11-12T08:00:10","date_gmt":"2022-11-12T07:00:10","guid":{"rendered":"https:\/\/www.fedaiisf.it\/?p=68649"},"modified":"2022-11-12T07:07:16","modified_gmt":"2022-11-12T06:07:16","slug":"meridiano-sanita-gli-interventi-di-marcello-cattani-farmindustria-e-del-ministro-orazio-schillaci","status":"publish","type":"post","link":"https:\/\/www.fedaiisf.it\/en\/meridiano-sanita-gli-interventi-di-marcello-cattani-farmindustria-e-del-ministro-orazio-schillaci\/","title":{"rendered":"Meridiano Sanit\u00e0\/ Speeches by Marcello Cattani (Farmindustria) and the Minister Orazio Schillaci"},"content":{"rendered":"<p><em>&#8216;Al Governo chiediamo una cabina di regia e &#8220;visione&#8221;&#8216;<\/em><\/p>\n<p><strong>Il presidente di Farmindustria Marcello Cattani<\/strong>,<a href=\"https:\/\/www.fedaiisf.it\/wp-content\/uploads\/2022\/07\/Narcello-Cattani.png\"><img loading=\"lazy\" decoding=\"async\" class=\"wp-image-65893 alignright\" src=\"https:\/\/www.fedaiisf.it\/wp-content\/uploads\/2022\/07\/Narcello-Cattani-218x300.png\" alt=\"\" width=\"314\" height=\"432\" srcset=\"https:\/\/www.fedaiisf.it\/wp-content\/uploads\/2022\/07\/Narcello-Cattani-218x300.png 218w, https:\/\/www.fedaiisf.it\/wp-content\/uploads\/2022\/07\/Narcello-Cattani.png 357w\" sizes=\"auto, (max-width: 314px) 100vw, 314px\" \/><\/a> nel suo intervento alla presentazione della 17^ Edizione del Rapporto Meridiano Sanit\u00e0 di the European House\/ Ambrosetti, chiede un cambio di passo anche sulla governance:<\/p>\n<p><em>&#8216;L&#8217;attuale modello e&#8217; &#8220;decotto&#8221;: nel prossimo biennio avremo ripiani per 4,1 mld a fronte di 1,8 mld di risorse stanziate e non usate, tra avanzi della spesa sanitaria convenzionata e del tetto degli innovativi. <\/em><em>Dobbiamo avere una prospettiva di crescita sia del Fondo sanitario sia di quella spesa farmaceutica che oggi e&#8217; palesemente sotto-finanziata e cioe&#8217; la parte ospedaliera&#8217;,\u00a0<\/em><\/p>\n<p><strong>Il tema delle regole e dell&#8217;accesso all&#8217;innovazione<\/strong> <em>&#8216;deve legare tutta la filiera della salute&#8217;\u00a0 &#8216;L&#8217;industria italiana \u00e8 pronta, \u00e8 un&#8217;eccellenza a livello europeo e internazionale e al pari del sistema sanitario deve essere protetta e aiutata a essere pi\u00f9 competitiva, dotandola di risorse e di regole nuove, flessibili e veloci perch\u00e9 la competizione \u00e8 su scala globale e non possiamo aspettare&#8217;<\/em><\/p>\n<p><strong>Sul fronte della ricerca clinica<\/strong>, intanto, qualcosa si muove: <em>&#8216;Finalmente abbiamo trovato un accordo sul Regolamento europeo, per la riduzione dei comitati etici, ma ora il ministero della Salute deve attuare i tre decreti, poiche&#8217; il nuovo Regolamento sara&#8217; effettivo dal 1 gennaio 2023. Non possiamo perdere questa occasione di dare agli italiani l&#8217;opportunita&#8217; di accedere a farmaci innovativi e, inoltre, di generare il beneficio di 3 euro per ogni euro investito. Noi, voglio ricordarlo, investiamo circa 700 mln l&#8217;anno&#8217;.<\/em><\/p>\n<p>Cattani conclude ribadendo che la burocrazia e la scarsa flessibilit\u00e0 ostacolano la capacit\u00e0 di essere competitivi ed erogare salute, come nel caso dell&#8217;HTA (health technology assessment) che andrebbe interpretata in senso di attribuzione di valore e non sempre di minori costi.<\/p>\n<p><a href=\"https:\/\/www.fedaiisf.it\/wp-content\/uploads\/2022\/10\/Orazio_Schillaci-1-1024x533-1.jpeg\"><img loading=\"lazy\" decoding=\"async\" class=\"wp-image-68166 alignleft\" src=\"https:\/\/www.fedaiisf.it\/wp-content\/uploads\/2022\/10\/Orazio_Schillaci-1-1024x533-1-300x156.jpeg\" alt=\"\" width=\"319\" height=\"166\" srcset=\"https:\/\/www.fedaiisf.it\/wp-content\/uploads\/2022\/10\/Orazio_Schillaci-1-1024x533-1-300x156.jpeg 300w, https:\/\/www.fedaiisf.it\/wp-content\/uploads\/2022\/10\/Orazio_Schillaci-1-1024x533-1-768x400.jpeg 768w, https:\/\/www.fedaiisf.it\/wp-content\/uploads\/2022\/10\/Orazio_Schillaci-1-1024x533-1.jpeg 1024w\" sizes=\"auto, (max-width: 319px) 100vw, 319px\" \/><\/a>La chiusura del Forum all&#8217;intervento del <strong>neo-Ministro della Salute Orazio Schillaci<\/strong> il quale sostiene si devono\u00a0<em>&#8220;Risolvere le criticita&#8217; strutturali che la pandemia ha portato alla luce e gratificare il personale del Servizio sanitario nazionale che in questi ultimi due anni e mezzo si e&#8217; sacrificato&#8221;.<\/em><\/p>\n<p>Questi i <strong>primi impegni che il Governo<\/strong> intende assumere. <em>&#8220;E&#8217; importate che l&#8217;attenzione sulla salute resti alta &#8211; ha aggiunto &#8211; e che le risorse siano adeguate per raggiungere i traguardi di efficienza, consapevoli del difficile momento che il Paese sta vivendo con la crisi energetica che mette in difficolta&#8217; famiglie e imprese&#8221;<\/em>.<\/p>\n<p><strong>Ma il Ministro conta molto<\/strong> anche sugli <em>&#8220;oltre 20 miliardi messi a disposizione del Pnrr per il rinnovamento della sanita&#8217; pubblica&#8221;<\/em> e che si sta lavorando per trovare una soluzione adeguata a quello che la pandemia ha messo in evidenza, cio\u00e8 la fragilit\u00e0 della organizzazione dell&#8217;assistenza sanitaria territoriale.<\/p>\n<p>Ribadisce inoltre <strong>l&#8217;importanza della campagna vaccinale<\/strong> sia contro il Covid che l&#8217;influenza\u00a0<em>&#8220;per assicurare il piu&#8217; alto livello di copertura alle persone fragili e vulnerabili&#8221;.<\/em><\/p>\n<p>BORSA ITALIANA &#8211; 9 novembre &#8211; <a href=\"https:\/\/www.borsaitaliana.it\/borsa\/notizie\/radiocor\/economia\/dettaglio\/farmaci-cattani-farmindustria-a-governo-chiediamo-cabina-regia-e-visione-2-nRC_09112022_1921_731752646.html\" target=\"_blank\" rel=\"noopener\">cattani<\/a>) <a href=\"https:\/\/www.borsaitaliana.it\/borsa\/notizie\/radiocor\/economia\/dettaglio\/sanita--schillaci-dal-pnrr-20-mld-per-rilanciare-il-ssn-gratificare-il-personale-nRC_09112022_1850_676209197.html\" target=\"_blank\" rel=\"noopener\">schillaci<\/a>)<\/p>","protected":false},"excerpt":{"rendered":"<p>&#8216;Al Governo chiediamo una cabina di regia e &#8220;visione&#8221;&#8216; Il presidente di Farmindustria Marcello Cattani, nel suo intervento alla presentazione della 17^ Edizione del Rapporto Meridiano Sanit\u00e0 di the European House\/ Ambrosetti, chiede un cambio di passo anche sulla governance: &#8216;L&#8217;attuale modello e&#8217; &#8220;decotto&#8221;: nel prossimo biennio avremo ripiani per 4,1 mld a fronte di &hellip;<\/p>","protected":false},"author":1,"featured_media":68661,"comment_status":"closed","ping_status":"closed","sticky":false,"template":"","format":"standard","meta":{"footnotes":""},"categories":[1],"tags":[26,79],"class_list":["post-68649","post","type-post","status-publish","format-standard","has-post-thumbnail","hentry","category-notizie","tag-spesa-farmaceutica","tag-ssn"],"amp_enabled":true,"_links":{"self":[{"href":"https:\/\/www.fedaiisf.it\/en\/wp-json\/wp\/v2\/posts\/68649","targetHints":{"allow":["GET"]}}],"collection":[{"href":"https:\/\/www.fedaiisf.it\/en\/wp-json\/wp\/v2\/posts"}],"about":[{"href":"https:\/\/www.fedaiisf.it\/en\/wp-json\/wp\/v2\/types\/post"}],"author":[{"embeddable":true,"href":"https:\/\/www.fedaiisf.it\/en\/wp-json\/wp\/v2\/users\/1"}],"replies":[{"embeddable":true,"href":"https:\/\/www.fedaiisf.it\/en\/wp-json\/wp\/v2\/comments?post=68649"}],"version-history":[{"count":11,"href":"https:\/\/www.fedaiisf.it\/en\/wp-json\/wp\/v2\/posts\/68649\/revisions"}],"predecessor-version":[{"id":68688,"href":"https:\/\/www.fedaiisf.it\/en\/wp-json\/wp\/v2\/posts\/68649\/revisions\/68688"}],"wp:featuredmedia":[{"embeddable":true,"href":"https:\/\/www.fedaiisf.it\/en\/wp-json\/wp\/v2\/media\/68661"}],"wp:attachment":[{"href":"https:\/\/www.fedaiisf.it\/en\/wp-json\/wp\/v2\/media?parent=68649"}],"wp:term":[{"taxonomy":"category","embeddable":true,"href":"https:\/\/www.fedaiisf.it\/en\/wp-json\/wp\/v2\/categories?post=68649"},{"taxonomy":"post_tag","embeddable":true,"href":"https:\/\/www.fedaiisf.it\/en\/wp-json\/wp\/v2\/tags?post=68649"}],"curies":[{"name":"wp","href":"https:\/\/api.w.org\/{rel}","templated":true}]}}