{"id":68932,"date":"2022-11-24T12:44:07","date_gmt":"2022-11-24T11:44:07","guid":{"rendered":"https:\/\/www.fedaiisf.it\/?p=68932"},"modified":"2022-12-04T11:31:27","modified_gmt":"2022-12-04T10:31:27","slug":"coordinamenti-fedaiisf-calabria-informatori-scientifici-il-consigliere-comito-propone-listituzione-di-un-albo-professionale","status":"publish","type":"post","link":"https:\/\/www.fedaiisf.it\/en\/coordinamenti-fedaiisf-calabria-informatori-scientifici-il-consigliere-comito-propone-listituzione-di-un-albo-professionale\/","title":{"rendered":"Coordination Fedaiisf Calabria. Proposed to Councilor Comito, President of the Regional Health Commission, the establishment of a professional register of scientific informants"},"content":{"rendered":"<h2 id=\"template--Grrz4jT#0-1-0-3\" class=\"uk-h6 uk-font-secondary uk-margin-remove-top uk-text-left@s uk-text-center\"><em>L\u2019incontro alla Cittadella Regionale. La riunione si \u00e8 conclusa quindi riproponendosi di riaggiornarsi per ridefinire i temi trattati<\/em><\/h2>\n<p><a href=\"https:\/\/www.corrieredellacalabria.it\/2022\/11\/24\/informatori-scientifici-il-consigliere-comito-propone-listituzione-di-un-albo-professionale\/\" target=\"_blank\" rel=\"noopener\">Corriere della Calabria &#8211; 24 novembre 2022<\/a><\/p>\n<p><strong>CATANZARO <\/strong>In data odierna, presso la Cittadella Regionale della Calabria, si \u00e8 tenuto un incontro tra il <img loading=\"lazy\" decoding=\"async\" class=\"wp-image-68935 alignright\" src=\"https:\/\/www.fedaiisf.it\/wp-content\/uploads\/2022\/11\/Calabria-Comito-Michele_3071.jpeg\" alt=\"\" width=\"154\" height=\"208\" \/>Presidente della III Commissione Consiliare Sanit\u00e0, attivit\u00e0 sociali, culturali e formative, <strong>Michele Comito<\/strong>, e il Coordinamento Regionale FedAIISF rappresentato da\u00a0<strong>Raffaele Esposito<\/strong> And <strong>Nicola Messina Denaro<\/strong> per la Sezione AIISF di Cosenza, <strong>Raffaele\u00a0Procopio<\/strong> And <strong>Francesco Ferrari<\/strong> per la Sezione AIISF di KR\/CZ\/VVe <strong>Rocco Lofaro<\/strong> per la\u00a0Sezione AIISF di Reggio Calabria.<\/p>\n<p>Si \u00e8 discusso delle problematiche relative all\u2019attivit\u00e0 di informazione scientifica nella Regione Calabria e, a maggior tutela della Salute Pubblica, delle possibili collaborazioni tra l\u2019ente regionale e la categoria professionale degli Informatori Scientifici del Farmaco.<\/p>\n<p>Nel corso dell\u2019incontro, Comito ha mostrato particolare sensibilit\u00e0 e interesse alle\u00a0istanze presentate dai delegati di ogni Sezione provinciale, tra cui la <strong>proposta di istituire l\u2019albo professionale degli informatori scientifici o di poter offrire le proprie competenze l\u00ec dove vi sia la necessit\u00e0 di confrontarsi su tematiche che attengano al mondo della farmaceutica in senso lato<\/strong>.<\/p>\n<p>La riunione si \u00e8 conclusa quindi riproponendosi di riaggiornarsi per ridefinire i temi trattati e porre all\u2019attenzione dell\u2019Istituzione, nuove possibili progettualit\u00e0 e aree di sviluppo.<\/p>\n<p>&nbsp;<\/p>","protected":false},"excerpt":{"rendered":"<p>L\u2019incontro alla Cittadella Regionale. La riunione si \u00e8 conclusa quindi riproponendosi di riaggiornarsi per ridefinire i temi trattati Corriere della Calabria &#8211; 24 novembre 2022 CATANZARO In data odierna, presso la Cittadella Regionale della Calabria, si \u00e8 tenuto un incontro tra il Presidente della III Commissione Consiliare Sanit\u00e0, attivit\u00e0 sociali, culturali e formative, Michele Comito, &hellip;<\/p>","protected":false},"author":4,"featured_media":68936,"comment_status":"closed","ping_status":"closed","sticky":false,"template":"","format":"standard","meta":{"footnotes":""},"categories":[14],"tags":[45],"class_list":["post-68932","post","type-post","status-publish","format-standard","has-post-thumbnail","hentry","category-news-fedaiisf","tag-fedaiisf"],"amp_enabled":true,"_links":{"self":[{"href":"https:\/\/www.fedaiisf.it\/en\/wp-json\/wp\/v2\/posts\/68932","targetHints":{"allow":["GET"]}}],"collection":[{"href":"https:\/\/www.fedaiisf.it\/en\/wp-json\/wp\/v2\/posts"}],"about":[{"href":"https:\/\/www.fedaiisf.it\/en\/wp-json\/wp\/v2\/types\/post"}],"author":[{"embeddable":true,"href":"https:\/\/www.fedaiisf.it\/en\/wp-json\/wp\/v2\/users\/4"}],"replies":[{"embeddable":true,"href":"https:\/\/www.fedaiisf.it\/en\/wp-json\/wp\/v2\/comments?post=68932"}],"version-history":[{"count":8,"href":"https:\/\/www.fedaiisf.it\/en\/wp-json\/wp\/v2\/posts\/68932\/revisions"}],"predecessor-version":[{"id":68948,"href":"https:\/\/www.fedaiisf.it\/en\/wp-json\/wp\/v2\/posts\/68932\/revisions\/68948"}],"wp:featuredmedia":[{"embeddable":true,"href":"https:\/\/www.fedaiisf.it\/en\/wp-json\/wp\/v2\/media\/68936"}],"wp:attachment":[{"href":"https:\/\/www.fedaiisf.it\/en\/wp-json\/wp\/v2\/media?parent=68932"}],"wp:term":[{"taxonomy":"category","embeddable":true,"href":"https:\/\/www.fedaiisf.it\/en\/wp-json\/wp\/v2\/categories?post=68932"},{"taxonomy":"post_tag","embeddable":true,"href":"https:\/\/www.fedaiisf.it\/en\/wp-json\/wp\/v2\/tags?post=68932"}],"curies":[{"name":"wp","href":"https:\/\/api.w.org\/{rel}","templated":true}]}}