{"id":68943,"date":"2022-11-25T06:00:45","date_gmt":"2022-11-25T05:00:45","guid":{"rendered":"https:\/\/www.fedaiisf.it\/?p=68943"},"modified":"2022-11-25T19:57:27","modified_gmt":"2022-11-25T18:57:27","slug":"quali-misure-per-la-sanita-nella-manovra-di-bilancio-2023","status":"publish","type":"post","link":"https:\/\/www.fedaiisf.it\/en\/quali-misure-per-la-sanita-nella-manovra-di-bilancio-2023\/","title":{"rendered":"What health measures in the 2023 budget maneuver"},"content":{"rendered":"<p><em>Secondo la bozza della manovra 2023 il Fondo Sanitario Nazionale verr\u00e0 incrementato di circa 2 miliardi (salvo sorprese dell&#8217;ultimo minuto) per il 2023; 1,4 miliardi di questi andranno in compensazione dei maggiori costi energetici, le Regioni ne chiedevano 1,6; 650 milioni per le cure in farmaci e vaccini contro il Covid e solo 200 milioni per le indennit\u00e0 dei Pronto Soccorso dal 2024.<\/em> <a href=\"https:\/\/www.fiscoetasse.com\/files\/15364\/legge-di-bilancio-2023-bozza-del-23112022.pdf\" target=\"_blank\" rel=\"noopener\">LA BOZZA<\/a><\/p>\n<p>Lunedi scorso il <strong>Consiglio dei Ministri<\/strong> ha approvato<a href=\"https:\/\/www.fedaiisf.it\/wp-content\/uploads\/2022\/10\/consiglio-dei-ministri-cdm.jpeg\"><img loading=\"lazy\" decoding=\"async\" class=\"wp-image-68386 alignright\" src=\"https:\/\/www.fedaiisf.it\/wp-content\/uploads\/2022\/10\/consiglio-dei-ministri-cdm-300x171.jpeg\" alt=\"\" width=\"342\" height=\"195\" srcset=\"https:\/\/www.fedaiisf.it\/wp-content\/uploads\/2022\/10\/consiglio-dei-ministri-cdm-300x171.jpeg 300w, https:\/\/www.fedaiisf.it\/wp-content\/uploads\/2022\/10\/consiglio-dei-ministri-cdm.jpeg 622w\" sizes=\"auto, (max-width: 342px) 100vw, 342px\" \/><\/a> il testo della Manovra di Bilancio per il 2023 che andr\u00e0 ora in prima lettura all&#8217;esame della Camera. Il Fondo Sanitario Nazionale verr\u00e0 incrementato per circa 2 miliardi che andranno ad aggiungersi ai 2 miliardi gi\u00e0 previsti dal Governo Draghi. Il FSN salir\u00e0 cos\u00ec a 128,061 miliardi, 4 in pi\u00f9 rispetto al 2022.<\/p>\n<p>Una buona parte (1,4 miliardi), come richiesto dalle Regioni, verr\u00e0 destinato ai maggiori costi energetici. Previsti ulteriori 2 miliardi per il 2024, che anche in questo caso si aggiungono ai 2 miliardi della manovra Draghi. Verr\u00e0 incrementato di 650 milioni il fondo del Ministero della Salute per l&#8217;acquisto di vaccini contro Sars-CoV-2 e dei farmaci\u00a0destinati alla cura del Covid.<\/p>\n<p>Tra le misure, come promesso dal Ministro della Salute, una indennit\u00e0 per il personale dei Pronto Soccorso prevista nella misura di 200 milioni. Le indennit\u00e0 saranno incrementate, nell&#8217;ambito dei rispettivi contratti collettivi, 60 milioni per i medici, 140 per il personale, a partire dal 1 gennaio 2024.<\/p>\n<p>Previsti inoltre 40 milioni per ciascuno degli anni 2023, 2024 e 2025 per dare attuazione alle misure del Piano di contrasto alla Antibiotico-resistenza e, in ultimo, un aumento dall&#8217;80 al 90% della quota che il Ministero di Economia e Finanza potr\u00e0 anticipare alle Universit\u00e0 per le retribuzioni degli specializzandi.<\/p>\n<p>Un bottino molto magro per la Sanit\u00e0 considerato che l&#8217;inflazione attuale marcia a incrementi 2-3 volte superiori.<\/p>\n<p>Numerose le reazioni negative che provengono dalle principali organizzazioni di medici, infermieri e dirigenti sanitari. Data la natura sostanzialmente apolitica di questo notiziario evitiamo di entrare troppo nel merito e riportiamo soltanto quanto <a href=\"https:\/\/www.gimbe.org\/pagine\/341\/it\/comunicati-stampa\" target=\"_blank\" rel=\"noopener\">dichiarato da <strong>Nino Cartabellotta<\/strong><\/a>, <strong>Presidente della Fondazione GIMBE<\/strong>, nell&#8217;ambito del convegno \u201cLa sanit\u00e0 di oggi e di domani: idee proposte di riforma del Sistema Sanitario\u201d, organizzato nell\u2019ambito del 17\u00b0 Forum Risk Management di Arezzo. (<a href=\"https:\/\/www.panoramasanita.it\/2022\/11\/24\/legge-di-bilancio-fondazione-gimbe-niente-investimenti-per-la-salute-delle-persone\/\" target=\"_blank\" rel=\"noopener\">Panorama della Sanit\u00e0<\/a>)<\/p>\n<p>Fondazione GIMBE che, ricordiamo, ha una prerogativa di studio, formazione e divulgazione nell&#8217;ambito del sistema sanitario.<\/p>\n<p><em>\u201cIn Italia la spesa sanitaria pubblica rimane sotto di 12,7 miliardi di euro rispetto alla media europea, ma oltre alle risorse servono visione di sistema e coraggiose riforme\u201d <\/em>afferma Cartabellotta<\/p>\n<p><em>\u00abLa sanit\u00e0 pubblica continua a rimanere fuori dalle priorit\u00e0 del Paese nonostante le enormi criticit\u00e0 esplose con la pandemia. Infatti, se nei momenti pi\u00f9 bui tutte le forze politiche convergevano sulla necessit\u00e0 di rilanciare il Servizio Sanitario Nazionale (SSN), con la fine dell\u2019emergenza la sanit\u00e0 \u00e8 \u201crientrata nei ranghi\u201d, come dimostrato prima dalla scarsa attenzione nei programmi elettorali, poi dall\u2019assenza di un piano di Governo per la sanit\u00e0 pubblica e, da ultimo, dal mancato incremento del finanziamento nella Legge di Bilancio 2023 presentata dall\u2019Esecutivo: ovvero, nessun ulteriore investimento per la salute delle persone\u00bb.<\/em><\/p>\n<p>In merito alla consistenza della Manovra 2023 <em>\u00abUna cifra che oltre ad essere erosa dall\u2019inflazione non permetter\u00e0 di coprire i costi straordinari dovuti alla pandemia e alla crisi energetica, n\u00e9 tantomeno di avviare alcun rilancio del Ssn. Con il risultato di mandare \u201cin rosso\u201d anche le Regioni pi\u00f9 virtuose, con inevitabili conseguenze sull\u2019erogazione sulla qualit\u00e0 dell\u2019assistenza\u00bb. <\/em><\/p>\n<p>Continua Cartabellotta\u00a0<em>\u00abPer un adeguato rilancio del Ssn<\/em>\u00a0<em>servono risorse per allineare la spesa sanitaria pubblica alla media dei paesi europei, coraggiose riforme di sistema e soprattutto la visione del servizio sanitario che la politica intende consegnare alle future generazioni. Altrimenti, il Ssn \u00e8 condannato ad una stentata sopravvivenza che finir\u00e0 per sgretolare, lentamente ma inesorabilmente, il modello di una sanit\u00e0 pubblica, equa e universalistica, pilastro della nostra democrazia\u00bb.<\/em><\/p>\n<p><a href=\"https:\/\/www.fedaiisf.it\/wp-content\/uploads\/2022\/11\/GIMBE-anno-2021.png\"><img loading=\"lazy\" decoding=\"async\" class=\"wp-image-68953 aligncenter\" src=\"https:\/\/www.fedaiisf.it\/wp-content\/uploads\/2022\/11\/GIMBE-anno-2021-300x169.png\" alt=\"\" width=\"660\" height=\"372\" srcset=\"https:\/\/www.fedaiisf.it\/wp-content\/uploads\/2022\/11\/GIMBE-anno-2021-300x169.png 300w, https:\/\/www.fedaiisf.it\/wp-content\/uploads\/2022\/11\/GIMBE-anno-2021-1024x576.png 1024w, https:\/\/www.fedaiisf.it\/wp-content\/uploads\/2022\/11\/GIMBE-anno-2021-768x432.png 768w, https:\/\/www.fedaiisf.it\/wp-content\/uploads\/2022\/11\/GIMBE-anno-2021-390x220.png 390w, https:\/\/www.fedaiisf.it\/wp-content\/uploads\/2022\/11\/GIMBE-anno-2021.png 1280w\" sizes=\"auto, (max-width: 660px) 100vw, 660px\" \/><\/a><\/p>\n<hr \/>\n<p><a href=\"https:\/\/www.fiscoetasse.com\/files\/15364\/legge-di-bilancio-2023-bozza-del-23112022.pdf\" target=\"_blank\" rel=\"noopener\">La bozza di Legge di Bilancio 2023<\/a><\/p>\n<p><a href=\"https:\/\/www.corteconti.it\/Download?id=e840c23d-6220-463e-9da8-74c658c1e529\" target=\"_blank\" rel=\"noopener\">Corte dei Conti &#8211; Memoria sulla nota di aggiornamento al DEF 2022<\/a><\/p>\n<p>&nbsp;<\/p>","protected":false},"excerpt":{"rendered":"<p>Secondo la bozza della manovra 2023 il Fondo Sanitario Nazionale verr\u00e0 incrementato di circa 2 miliardi (salvo sorprese dell&#8217;ultimo minuto) per il 2023; 1,4 miliardi di questi andranno in compensazione dei maggiori costi energetici, le Regioni ne chiedevano 1,6; 650 milioni per le cure in farmaci e vaccini contro il Covid e solo 200 milioni &hellip;<\/p>","protected":false},"author":1,"featured_media":22597,"comment_status":"closed","ping_status":"closed","sticky":false,"template":"","format":"standard","meta":{"footnotes":""},"categories":[1],"tags":[41,79],"class_list":["post-68943","post","type-post","status-publish","format-standard","has-post-thumbnail","hentry","category-notizie","tag-leggisentenze","tag-ssn"],"amp_enabled":true,"_links":{"self":[{"href":"https:\/\/www.fedaiisf.it\/en\/wp-json\/wp\/v2\/posts\/68943","targetHints":{"allow":["GET"]}}],"collection":[{"href":"https:\/\/www.fedaiisf.it\/en\/wp-json\/wp\/v2\/posts"}],"about":[{"href":"https:\/\/www.fedaiisf.it\/en\/wp-json\/wp\/v2\/types\/post"}],"author":[{"embeddable":true,"href":"https:\/\/www.fedaiisf.it\/en\/wp-json\/wp\/v2\/users\/1"}],"replies":[{"embeddable":true,"href":"https:\/\/www.fedaiisf.it\/en\/wp-json\/wp\/v2\/comments?post=68943"}],"version-history":[{"count":18,"href":"https:\/\/www.fedaiisf.it\/en\/wp-json\/wp\/v2\/posts\/68943\/revisions"}],"predecessor-version":[{"id":69002,"href":"https:\/\/www.fedaiisf.it\/en\/wp-json\/wp\/v2\/posts\/68943\/revisions\/69002"}],"wp:featuredmedia":[{"embeddable":true,"href":"https:\/\/www.fedaiisf.it\/en\/wp-json\/wp\/v2\/media\/22597"}],"wp:attachment":[{"href":"https:\/\/www.fedaiisf.it\/en\/wp-json\/wp\/v2\/media?parent=68943"}],"wp:term":[{"taxonomy":"category","embeddable":true,"href":"https:\/\/www.fedaiisf.it\/en\/wp-json\/wp\/v2\/categories?post=68943"},{"taxonomy":"post_tag","embeddable":true,"href":"https:\/\/www.fedaiisf.it\/en\/wp-json\/wp\/v2\/tags?post=68943"}],"curies":[{"name":"wp","href":"https:\/\/api.w.org\/{rel}","templated":true}]}}