{"id":6902,"date":"2014-12-30T13:21:46","date_gmt":"2014-12-30T12:21:46","guid":{"rendered":"http:\/\/www.fedaiisf.it\/?p=6902"},"modified":"2015-01-08T12:01:40","modified_gmt":"2015-01-08T11:01:40","slug":"il-numero-di-isf-e-diminuito-del-12-livello-mondiale-nel-2013","status":"publish","type":"post","link":"https:\/\/www.fedaiisf.it\/en\/il-numero-di-isf-e-diminuito-del-12-livello-mondiale-nel-2013\/","title":{"rendered":"The number of FFIs decreased by -1.2% globally in 2013"},"content":{"rendered":"<p><img loading=\"lazy\" decoding=\"async\" class=\"alignleft\" alt=\"\" src=\"http:\/\/www.mypharma-editions.com\/wordpress\/wp-content\/uploads\/2014\/04\/2014-04-10_092041.jpg\" width=\"280\" height=\"95\" \/>Secondo Cegedim Strategic Data (CSD), la societ\u00e0 di ricerca dedicata al mercato della sanit\u00e0, il numero degli informatori scientifici del farmaco \u00e8 diminuito in tutto il mondo del 1,2% nel 2013, raggiungendo 424.000 unit\u00e0 a tempo pieno con differenze significative tra le regioni.<\/p>\n<p>Le tendenze regionali restano le stesse di quelle trovate nel 2012 con una diminuzione di ISF nei mercati maturi, nota Cegedim. La diminuzione pi\u00f9 significativa \u00e8 stata osservata in Nord America con 66.000 Informatori alla fine del 2013, con un decremento del 7,4%. Nella top 5 in Europa (Francia, Germania, Italia, Regno Unito e Spagna), la riduzione del numero osservata \u00e8 del 7% (72 000 ISF in totale nei 5 paesi alla fine del 2013).<\/p>\n<p>Analogamente, l&#8217;aumento nei mercati emergenti continua. Le forze di vendita \u00e8 in un aumento del 9% in Cina (95.000 ISF alla fine del 2013) e del 4,4% in Brasile (oltre 24.000 ISF).<\/p>\n<p><a href=\"http:\/\/www.mypharma-editions.com\/le-nombre-de-visiteurs-medicaux-en-baisse-de-12-dans-le-monde-en-2013\" target=\"_blank\" rel=\"noopener\">Pubblicato il Giovedi, April 10, 2014 \u2013 My Pharma editions<\/a><\/p>\n<p><span style=\"color: #ff0000;\"><strong>N.B<\/strong><\/span>.: <em>nella foto del titolo [archivio AIISF], la manifestazione di 5.000 informatori a Roma del 19\/01\/2008 organizzato dalle Associazioni di ISF contro i <\/em><i>licenziamenti<\/i><\/p>\n<p style=\"text-align: center;\"><img loading=\"lazy\" decoding=\"async\" class=\"aligncenter\" alt=\"\" src=\"http:\/\/www.mypharma-editions.com\/wordpress\/wp-content\/uploads\/2014\/04\/2014-04-10_091637.jpg\" width=\"837\" height=\"604\" \/><\/p>\n","protected":false},"excerpt":{"rendered":"<p>Secondo Cegedim Strategic Data (CSD), la societ\u00e0 di ricerca dedicata al mercato della sanit\u00e0, il numero degli informatori scientifici del farmaco \u00e8 diminuito in tutto il mondo del 1,2% nel 2013, raggiungendo 424.000 unit\u00e0 a tempo pieno con differenze significative tra le regioni. Le tendenze regionali restano le stesse di quelle trovate nel 2012 con &hellip;<\/p>","protected":false},"author":4,"featured_media":6906,"comment_status":"closed","ping_status":"closed","sticky":false,"template":"","format":"standard","meta":{"footnotes":""},"categories":[16],"tags":[21,27],"class_list":["post-6902","post","type-post","status-publish","format-standard","has-post-thumbnail","hentry","category-primo-piano","tag-informatori-scientifici","tag-licenziati"],"amp_enabled":true,"_links":{"self":[{"href":"https:\/\/www.fedaiisf.it\/en\/wp-json\/wp\/v2\/posts\/6902","targetHints":{"allow":["GET"]}}],"collection":[{"href":"https:\/\/www.fedaiisf.it\/en\/wp-json\/wp\/v2\/posts"}],"about":[{"href":"https:\/\/www.fedaiisf.it\/en\/wp-json\/wp\/v2\/types\/post"}],"author":[{"embeddable":true,"href":"https:\/\/www.fedaiisf.it\/en\/wp-json\/wp\/v2\/users\/4"}],"replies":[{"embeddable":true,"href":"https:\/\/www.fedaiisf.it\/en\/wp-json\/wp\/v2\/comments?post=6902"}],"version-history":[{"count":0,"href":"https:\/\/www.fedaiisf.it\/en\/wp-json\/wp\/v2\/posts\/6902\/revisions"}],"wp:featuredmedia":[{"embeddable":true,"href":"https:\/\/www.fedaiisf.it\/en\/wp-json\/wp\/v2\/media\/6906"}],"wp:attachment":[{"href":"https:\/\/www.fedaiisf.it\/en\/wp-json\/wp\/v2\/media?parent=6902"}],"wp:term":[{"taxonomy":"category","embeddable":true,"href":"https:\/\/www.fedaiisf.it\/en\/wp-json\/wp\/v2\/categories?post=6902"},{"taxonomy":"post_tag","embeddable":true,"href":"https:\/\/www.fedaiisf.it\/en\/wp-json\/wp\/v2\/tags?post=6902"}],"curies":[{"name":"wp","href":"https:\/\/api.w.org\/{rel}","templated":true}]}}