{"id":69021,"date":"2022-11-27T01:09:22","date_gmt":"2022-11-27T00:09:22","guid":{"rendered":"https:\/\/www.fedaiisf.it\/?p=69021"},"modified":"2022-11-26T20:14:00","modified_gmt":"2022-11-26T19:14:00","slug":"per-il-cinquantesimo-dello-stabilimento-mostra-pfizer-a-ascoli-piceno","status":"publish","type":"post","link":"https:\/\/www.fedaiisf.it\/en\/per-il-cinquantesimo-dello-stabilimento-mostra-pfizer-a-ascoli-piceno\/","title":{"rendered":"For the fiftieth anniversary of the plant, Pfizer exhibition in Ascoli Piceno"},"content":{"rendered":"<p>Il sito produttivo <strong>Pfizer di Ascoli Piceno<\/strong> spegne 50 candeline. Per celebrare questo importante anniversario, <img loading=\"lazy\" decoding=\"async\" class=\"wp-image-69030 alignright\" src=\"https:\/\/www.fedaiisf.it\/wp-content\/uploads\/2022\/11\/ascoli-50-anni-pfizer-mostra-2-768x512-1.jpeg\" alt=\"\" width=\"480\" height=\"320\" srcset=\"https:\/\/www.fedaiisf.it\/wp-content\/uploads\/2022\/11\/ascoli-50-anni-pfizer-mostra-2-768x512-1.jpeg 768w, https:\/\/www.fedaiisf.it\/wp-content\/uploads\/2022\/11\/ascoli-50-anni-pfizer-mostra-2-768x512-1-300x200.jpeg 300w\" sizes=\"auto, (max-width: 480px) 100vw, 480px\" \/>l\u2019azienda ha deciso di allestire una mostra dal titolo \u201d Genealogy. Insieme. Una storia. La nostra\u201d nella splendida cornice di Palazzo dei Capitani, in Piazza del Popolo, ad Ascoli Piceno.<\/p>\n<p>Presenti all\u2019inaugurazione della mostra, il primo cittadino Marco Fioravanti, il sottosegretario all\u2019economia, Lucia Albano, il senatore Guido Castelli, l\u2019assessore regionale Andrea Maria Antonini, il consigliere provinciale Daniele Tonelli, la direttrice dello stabilimento ascolano Pfizer, Rossella Bruni e il direttore responsabile dei rapporti istituzionali regionali, Guido Di Donato. (&#8230;continua su <a href=\"https:\/\/www.centropagina.it\/ascoli\/ascoli-50-anni-pfizer-mostra-palazzo-capitani\/\" target=\"_blank\" rel=\"noopener\">Centro Pagina di Ascoli Piceno<\/a>)<\/p>\n<p>&#8220;Lo stabilimento di Pfizer qui ad Ascoli \u00e8 molto importante non solo a livello industriale ma anche sociale. Abbiamo pi\u00f9 di 900 persone che lavorano qui e quindi \u00e8 fondamentale per lo sviluppo di questo territorio\u201d. Lo ha detto Marco Fioravanti, sindaco di Ascoli Piceno, a margine dell\u2019inaugurazione dell\u2019esposizione &#8216;Genealogy. Insieme. Una storia.\u00a0La mostra&#8217; (fonte <a href=\"https:\/\/www.italiaambiente.it\/2022\/11\/26\/ascoli-piceno-fioravanti-stabilimento-pfizer-importante-per-il-territorio\/\" target=\"_blank\" rel=\"noopener\">AdnKronos<\/a>)<\/p>\n<p>&#8220;Vogliamo raccontare la storia del nostro sito, che ha da sempre un forte legame con il territorio &#8211; spiega Rossella Bruni, direttore e amministratore delegato dello stabilimento Pfizer di Ascoli \u2013. Qui lavorano attualmente oltre 900 persone pi\u00f9 l\u2019indotto, che vuol dire avere un impatto significativo sulla popolazione ascolana, e non solo in termini numerici. Grazie alla competenza e all\u2019eccellenza, che ci viene riconosciuta nell\u2019ambito del network globale produttivo di Pfizer, oggi siamo anche protagonisti della lotta al Covid-19, dato che siamo parte della catena produttiva e distributiva dell\u2019antivirale che arriva in tutta Europa\u201d. \u00a0(fonte <a href=\"https:\/\/almanacco.cnr.it\/articolo\/6899\/pfizer-una-mostra-i-50-anni-del-sito-produttivo-ad-ascoli-piceno\" target=\"_blank\" rel=\"noopener\">almanacco.cnr<\/a>)<\/p>\n<p><img loading=\"lazy\" decoding=\"async\" class=\"wp-image-69027 alignleft\" src=\"https:\/\/www.fedaiisf.it\/wp-content\/uploads\/2022\/11\/albero-pfizer-una-mostra-per-i-50-anni-del-sito-produttiv-pfizer-una-mostra-per-i-50-anni-del-sito-produttiv-1596251290048163840.png\" alt=\"\" width=\"545\" height=\"315\" srcset=\"https:\/\/www.fedaiisf.it\/wp-content\/uploads\/2022\/11\/albero-pfizer-una-mostra-per-i-50-anni-del-sito-produttiv-pfizer-una-mostra-per-i-50-anni-del-sito-produttiv-1596251290048163840.png 1280w, https:\/\/www.fedaiisf.it\/wp-content\/uploads\/2022\/11\/albero-pfizer-una-mostra-per-i-50-anni-del-sito-produttiv-pfizer-una-mostra-per-i-50-anni-del-sito-produttiv-1596251290048163840-300x173.png 300w, https:\/\/www.fedaiisf.it\/wp-content\/uploads\/2022\/11\/albero-pfizer-una-mostra-per-i-50-anni-del-sito-produttiv-pfizer-una-mostra-per-i-50-anni-del-sito-produttiv-1596251290048163840-1024x591.png 1024w, https:\/\/www.fedaiisf.it\/wp-content\/uploads\/2022\/11\/albero-pfizer-una-mostra-per-i-50-anni-del-sito-produttiv-pfizer-una-mostra-per-i-50-anni-del-sito-produttiv-1596251290048163840-768x443.png 768w\" sizes=\"auto, (max-width: 545px) 100vw, 545px\" \/>La metafora guida \u00e8 quella dell\u2019albero. Inteso come organismo vivente e struttura organizzata, radicata nel territorio che cresce e genera sviluppo.<\/p>\n<p>L\u2019albero diventa il paradigma narrativo su cui si basa lo sviluppo delle installazioni per il racconto della storia dello stabilimento. L\u2019albero non solo produce frutti, che sono rappresentati dagli impatti che lo stabilimento ha sulla comunit\u00e0, ma \u00e8 un organismo vivo ed \u00e8 rappresentato anche dalle foto dei dipendenti che con il proprio lavoro e impegno aiutano la crescita dell\u2019azienda.<\/p>\n<p>Ci sono poi le sezioni di tronco, come timeline per leggere e ripercorrere le tappe fondamentali della vita del sito e della comunit\u00e0 o la \u201cforesta\u201d di monitor verticali con le video storie e le brevi testimonianze delle <img loading=\"lazy\" decoding=\"async\" class=\"wp-image-69031 alignright\" src=\"https:\/\/www.fedaiisf.it\/wp-content\/uploads\/2022\/11\/pfizer_ascoli_piceno_us2.jpeg\" alt=\"\" width=\"423\" height=\"317\" srcset=\"https:\/\/www.fedaiisf.it\/wp-content\/uploads\/2022\/11\/pfizer_ascoli_piceno_us2.jpeg 1280w, https:\/\/www.fedaiisf.it\/wp-content\/uploads\/2022\/11\/pfizer_ascoli_piceno_us2-300x225.jpeg 300w, https:\/\/www.fedaiisf.it\/wp-content\/uploads\/2022\/11\/pfizer_ascoli_piceno_us2-1024x768.jpeg 1024w, https:\/\/www.fedaiisf.it\/wp-content\/uploads\/2022\/11\/pfizer_ascoli_piceno_us2-768x576.jpeg 768w\" sizes=\"auto, (max-width: 423px) 100vw, 423px\" \/>persone, che hanno segnato la vita dell\u2019impianto nell\u2019ultimo mezzo secolo.\u00a0Dal cuore delle Marche per andare lontano. Un\u2019installazione artwork con un planisfero che descrive le \u201crotte\u201d che i farmaci prodotti ad Ascoli percorrono per arrivare in tutto il mondo.<\/p>\n<p>Attivo dal 1972, specializzato nella produzione di compresse solide orali, lo stabilimento Pfizer ad Ascoli Piceno \u00e8 uno dei poli produttivi di eccellenza nel panorama farmaceutico mondiale.<\/p>\n<p>Da 50 anni &#8211; spiega una nota &#8211; \u00e8 uno dei principali fornitori-chiave per Pfizer: non solo garantisce farmaci di alta qualit\u00e0 a pazienti in pi\u00f9 di 100 Paesi in tutto il mondo, con un volume di produzione di 130 milioni di confezioni e circa 4 miliardi di compresse\/capsule, ma \u00e8 anche l\u2019unico fornitore globale .<\/p>\n<p>&nbsp;<\/p>","protected":false},"excerpt":{"rendered":"<p>Il sito produttivo Pfizer di Ascoli Piceno spegne 50 candeline. Per celebrare questo importante anniversario, l\u2019azienda ha deciso di allestire una mostra dal titolo \u201d Genealogy. Insieme. Una storia. La nostra\u201d nella splendida cornice di Palazzo dei Capitani, in Piazza del Popolo, ad Ascoli Piceno. Presenti all\u2019inaugurazione della mostra, il primo cittadino Marco Fioravanti, il &hellip;<\/p>","protected":false},"author":4,"featured_media":69028,"comment_status":"closed","ping_status":"closed","sticky":false,"template":"","format":"standard","meta":{"footnotes":""},"categories":[1],"tags":[46],"class_list":["post-69021","post","type-post","status-publish","format-standard","has-post-thumbnail","hentry","category-notizie","tag-pfizer"],"amp_enabled":true,"_links":{"self":[{"href":"https:\/\/www.fedaiisf.it\/en\/wp-json\/wp\/v2\/posts\/69021","targetHints":{"allow":["GET"]}}],"collection":[{"href":"https:\/\/www.fedaiisf.it\/en\/wp-json\/wp\/v2\/posts"}],"about":[{"href":"https:\/\/www.fedaiisf.it\/en\/wp-json\/wp\/v2\/types\/post"}],"author":[{"embeddable":true,"href":"https:\/\/www.fedaiisf.it\/en\/wp-json\/wp\/v2\/users\/4"}],"replies":[{"embeddable":true,"href":"https:\/\/www.fedaiisf.it\/en\/wp-json\/wp\/v2\/comments?post=69021"}],"version-history":[{"count":7,"href":"https:\/\/www.fedaiisf.it\/en\/wp-json\/wp\/v2\/posts\/69021\/revisions"}],"predecessor-version":[{"id":69032,"href":"https:\/\/www.fedaiisf.it\/en\/wp-json\/wp\/v2\/posts\/69021\/revisions\/69032"}],"wp:featuredmedia":[{"embeddable":true,"href":"https:\/\/www.fedaiisf.it\/en\/wp-json\/wp\/v2\/media\/69028"}],"wp:attachment":[{"href":"https:\/\/www.fedaiisf.it\/en\/wp-json\/wp\/v2\/media?parent=69021"}],"wp:term":[{"taxonomy":"category","embeddable":true,"href":"https:\/\/www.fedaiisf.it\/en\/wp-json\/wp\/v2\/categories?post=69021"},{"taxonomy":"post_tag","embeddable":true,"href":"https:\/\/www.fedaiisf.it\/en\/wp-json\/wp\/v2\/tags?post=69021"}],"curies":[{"name":"wp","href":"https:\/\/api.w.org\/{rel}","templated":true}]}}