{"id":69036,"date":"2022-11-28T12:01:36","date_gmt":"2022-11-28T11:01:36","guid":{"rendered":"https:\/\/www.fedaiisf.it\/?p=69036"},"modified":"2022-11-28T13:03:45","modified_gmt":"2022-11-28T12:03:45","slug":"conclusa-con-successo-pharmexpo-si-e-parlato-anche-di-informatori-scientifici","status":"publish","type":"post","link":"https:\/\/www.fedaiisf.it\/en\/conclusa-con-successo-pharmexpo-si-e-parlato-anche-di-informatori-scientifici\/","title":{"rendered":"Conclusa con successo Pharmexpo. Si \u00e8 parlato anche di informatori scientifici"},"content":{"rendered":"<p style=\"font-weight: 400;\">Trama (Regione Campania): Pharmaexpo occasione di confronto impresa &#8211; professione<\/p>\n<p style=\"font-weight: 400;\"><strong><img loading=\"lazy\" decoding=\"async\" class=\"size-full wp-image-69050 alignright\" src=\"https:\/\/www.fedaiisf.it\/wp-content\/uploads\/2022\/11\/cantella-pharmexpo.webp\" alt=\"\" width=\"295\" height=\"166\" \/>Cantella (direttore)<\/strong>: &#8220;edizione scoppiettante&#8221;. 250 aziende, quasi 100 i relatori<\/p>\n<p style=\"font-weight: 400;\">\u00a0Napoli, 28 novembre &#8211; &#8220;\u00c8 stata scoppiettante&#8221;. Il direttore di Pharmexpo, Fabrizio Cantella, riassume cos\u00ec la tre giorni del salone farmaceutico pi\u00f9 importante del Mezzogiorno che ha visto chiudersi ieri la sua quattordicesima edizione alla Mostra d&#8217;Oltremare di Napoli. Sono state 8.400 le presenze di visitatori professionali tra venerd\u00ec e domenica nei tre padiglioni allestiti per l&#8217;occasione, di cui uno interamente dedicato al gluten free, per un totale di 7mila mq di esposizione e quasi 100 relatori nelle quattro sale convegni che hanno lavorato in contemporanea.<\/p>\n<p style=\"font-weight: 400;\">&#8220;Abbiamo avuto 250 aziende presenti in fiera con stand colorati, belli ed interessanti da visitare. Nonostante la pioggia di sabato \u2013 evidenzia Cantella &#8211; sono stati tanti i farmacisti intervenuti e il sole che \u00e8 tornato a splendere ieri ci ha fatto avere tante soddisfazioni in termini di presenze gi\u00e0 dalle prime ore del mattino. Novit\u00e0 <img loading=\"lazy\" decoding=\"async\" class=\"wp-image-69051 alignleft\" src=\"https:\/\/www.fedaiisf.it\/wp-content\/uploads\/2022\/11\/pharmexpo-espositori.jpeg\" alt=\"\" width=\"362\" height=\"178\" srcset=\"https:\/\/www.fedaiisf.it\/wp-content\/uploads\/2022\/11\/pharmexpo-espositori.jpeg 1024w, https:\/\/www.fedaiisf.it\/wp-content\/uploads\/2022\/11\/pharmexpo-espositori-300x147.jpeg 300w, https:\/\/www.fedaiisf.it\/wp-content\/uploads\/2022\/11\/pharmexpo-espositori-768x377.jpeg 768w\" sizes=\"auto, (max-width: 362px) 100vw, 362px\" \/>di quest&#8217;anno sono quelle che si sono consolidate nel tempo: nella prima edizione di Pharmexpo del 2008 si iniziava a parlare di farmacia dei servizi, oggi nel 2022 la farmacia dei servizi \u00e8 una realt\u00e0. Finalmente c&#8217;\u00e8 un&#8217;altissima componente di digitalizzazione in tutte le farmacie italiane. Da un certo punto di vista, l&#8217;intero settore \u00e8 stato ravvivato dalle necessit\u00e0 che si sono create durante il periodo della pandemia. A latere dell&#8217;ampia area commerciale abbiamo avuto quattro sale convegni che hanno lavorato in contemporanea sulla formazione che \u00e8 stata fatta sia da un punto di vista universitario che da un punto di vista di marketing perch\u00e9 la farmacia rappresenta sempre due anime, quella scientifica e quella commerciale&#8221;.<\/p>\n<p style=\"font-weight: 400;\">Il successo di Pharmexpo nasce dalla visione di Angioletto de Negri, patron di Progecta leader nell&#8217;organizzazione di fiere, che ha scelto di ideare e puntare su un evento come questo perch\u00e9 Napoli fosse palcoscenico di una proposta fieristica che considera e promuove le principali categorie economiche nazionali.<\/p>\n<p style=\"font-weight: 400;\"><em>Comunicato Pharmexpo<\/em><\/p>\n<hr \/>\n<p style=\"font-weight: 400;\"><span style=\"font-size: 14pt; color: #000000;\">Nell\u2019ambito di Pharmexpo, sabato 27 novembre si \u00e8 tenuto un incontro con l\u2019Avv. Maria Rosaria Pace e con l\u2019Avv. Stefano Fierro che hanno tenuto una relazione sul tema: \u00a0\u201c<em>Una lente di ingrandimento sull&#8217;informazione scientifica: la tutela degli informatori scientifici<\/em>\u201d<\/span><\/p>\n<p style=\"font-weight: 400;\"><span style=\"font-size: 14pt; color: #000000;\"><img loading=\"lazy\" decoding=\"async\" class=\"wp-image-69052 alignleft\" src=\"https:\/\/www.fedaiisf.it\/wp-content\/uploads\/2022\/11\/avv-pace.png\" alt=\"\" width=\"151\" height=\"286\" srcset=\"https:\/\/www.fedaiisf.it\/wp-content\/uploads\/2022\/11\/avv-pace.png 168w, https:\/\/www.fedaiisf.it\/wp-content\/uploads\/2022\/11\/avv-pace-158x300.png 158w\" sizes=\"auto, (max-width: 151px) 100vw, 151px\" \/>L\u2019Avv. Pace ha sottolineato il grande impegno profuso nell&#8217;ottenere un ordine\/albo per garantire un regolamento preciso per l&#8217;informazione scientifica.<\/span><\/p>\n<p style=\"font-weight: 400;\"><span style=\"font-size: 14pt; color: #000000;\">Ha ricordato i tragici avvenimenti che hanno coinvolto due informatrici scentifiche (per fortuna Maria Teresa va migliorando giorno per giorno) sottolineando la sua vicinanza. E da questi avvenimenti e dalla recente\u00a0<a href=\"http:\/\/www.italgiure.giustizia.it\/xway\/application\/nif\/clean\/hc.dll?verbo=attach&amp;db=snciv&amp;id=.\/20221111\/snciv@sL0@a2022@n33428@tO.clean.pdf\" target=\"_blank\" rel=\"noopener\">ordinance no. 33428 of 11 November 2022<\/a>\u00a0della Corte di Cassazione, che interviene in tema di <strong>stress del lavoratore ISF,\u00a0<\/strong>ha preso spunto per denunciare proprio lo stress a cui \u00e8 sottoposto l\u2019Informatore, provocato dalle pressanti richieste aziendali che hanno effetti deleteri sulla organizzazione quotidiana del tempo dello stesso ISF con alti rischi per la salute e l\u2019incolumit\u00e0.<\/span><\/p>\n<p style=\"font-weight: 400;\"><span style=\"font-size: 14pt; color: #000000;\">Ha continuato il suo intervento differenziando, ancora una volta, le varie tipologie di ISF (subordinato e non subordinato) e descrivendone velocemente le caratteristiche.<\/span><\/p>\n<p style=\"font-weight: 400;\"><span style=\"font-size: 14pt; color: #000000;\">Ha concluso il suo discorso sul ruolo dell&#8217;ISF, rimarcando l&#8217;impegno per ottenere l&#8217;albo e augurandosi che il nuovo governo possa dare una svolta decisiva in questo senso.<\/span><\/p>\n<p style=\"font-weight: 400;\"><span style=\"font-size: 14pt; color: #000000;\">L\u2019Avv. Pace ha poi invitato la ISF Maria Rosaria Trotta, Presidente della Sezione AIISF di Napoli e \u00a0componente dell\u2019Esecutivo Nazionale Fedaiisf, presente in sala insieme ad altri informatori della Sezione AIISF di Napoli e Benevento,\u00a0ad intervenire.<\/span><\/p>\n<p style=\"font-weight: 400; text-align: justify; padding-left: 40px;\"><span style=\"font-size: 14pt; color: #000000;\">Trotta, dopo aver descritto i compiti, il vissuto e gli obblighi di legge che riguardano gli ISF, ha sottolineato che nessuna conferenza dove si parli del ruolo dell&#8217;informatore pu\u00f2 prescindere dalla presenza dello stesso, o di un&#8217;associazione che lo rappresenti. Ovviamente ne ha spiegato le motivazioni e ha insistito che l&#8217;attivit\u00e0 legale, esposta dall\u2019Avv. Pace, non esclude quella associativa e viceversa. &#8220;In fondo perseguiamo lo stesso obiettivo, ovvero la tutela della professione attraverso l&#8217;applicazione delle leggi che esistono e che bisogna solo fare rispettare&#8221;.<\/span><\/p>\n<p style=\"font-weight: 400;\">","protected":false},"excerpt":{"rendered":"<p>Trama (Regione Campania): Pharmaexpo occasione di confronto impresa &#8211; professione Cantella (direttore): &#8220;edizione scoppiettante&#8221;. 250 aziende, quasi 100 i relatori \u00a0Napoli, 28 novembre &#8211; &#8220;\u00c8 stata scoppiettante&#8221;. Il direttore di Pharmexpo, Fabrizio Cantella, riassume cos\u00ec la tre giorni del salone farmaceutico pi\u00f9 importante del Mezzogiorno che ha visto chiudersi ieri la sua quattordicesima edizione alla &hellip;<\/p>","protected":false},"author":4,"featured_media":69055,"comment_status":"closed","ping_status":"closed","sticky":false,"template":"","format":"standard","meta":{"footnotes":""},"categories":[1],"tags":[45,21],"class_list":["post-69036","post","type-post","status-publish","format-standard","has-post-thumbnail","hentry","category-notizie","tag-fedaiisf","tag-informatori-scientifici"],"amp_enabled":true,"_links":{"self":[{"href":"https:\/\/www.fedaiisf.it\/en\/wp-json\/wp\/v2\/posts\/69036","targetHints":{"allow":["GET"]}}],"collection":[{"href":"https:\/\/www.fedaiisf.it\/en\/wp-json\/wp\/v2\/posts"}],"about":[{"href":"https:\/\/www.fedaiisf.it\/en\/wp-json\/wp\/v2\/types\/post"}],"author":[{"embeddable":true,"href":"https:\/\/www.fedaiisf.it\/en\/wp-json\/wp\/v2\/users\/4"}],"replies":[{"embeddable":true,"href":"https:\/\/www.fedaiisf.it\/en\/wp-json\/wp\/v2\/comments?post=69036"}],"version-history":[{"count":9,"href":"https:\/\/www.fedaiisf.it\/en\/wp-json\/wp\/v2\/posts\/69036\/revisions"}],"predecessor-version":[{"id":69061,"href":"https:\/\/www.fedaiisf.it\/en\/wp-json\/wp\/v2\/posts\/69036\/revisions\/69061"}],"wp:featuredmedia":[{"embeddable":true,"href":"https:\/\/www.fedaiisf.it\/en\/wp-json\/wp\/v2\/media\/69055"}],"wp:attachment":[{"href":"https:\/\/www.fedaiisf.it\/en\/wp-json\/wp\/v2\/media?parent=69036"}],"wp:term":[{"taxonomy":"category","embeddable":true,"href":"https:\/\/www.fedaiisf.it\/en\/wp-json\/wp\/v2\/categories?post=69036"},{"taxonomy":"post_tag","embeddable":true,"href":"https:\/\/www.fedaiisf.it\/en\/wp-json\/wp\/v2\/tags?post=69036"}],"curies":[{"name":"wp","href":"https:\/\/api.w.org\/{rel}","templated":true}]}}