{"id":69226,"date":"2022-12-03T20:40:29","date_gmt":"2022-12-03T19:40:29","guid":{"rendered":"https:\/\/www.fedaiisf.it\/?p=69226"},"modified":"2022-12-03T20:42:58","modified_gmt":"2022-12-03T19:42:58","slug":"sez-aiisf-brescia-contributo-a-sostenere-le-iniziative-di-bresciasoccorso","status":"publish","type":"post","link":"https:\/\/www.fedaiisf.it\/en\/sez-aiisf-brescia-contributo-a-sostenere-le-iniziative-di-bresciasoccorso\/","title":{"rendered":"Section AIISF Brescia. Contribution to supporting the initiatives of BresciaSoccorso."},"content":{"rendered":"<p><span style=\"color: #000000;\">Brescia 2 dicembre 2022<\/span><\/p>\n<p><span style=\"font-size: 14pt; color: #000000;\">Stamattina, in via Rieti, 2 &#8211; Brescia, presso la sede di BresciaSoccorso, c&#8217;\u00e8 stato l&#8217;incontro di noi <img loading=\"lazy\" decoding=\"async\" class=\"wp-image-69229 alignright\" src=\"https:\/\/www.fedaiisf.it\/wp-content\/uploads\/2022\/12\/Senza-titolo.png\" alt=\"\" width=\"433\" height=\"339\" srcset=\"https:\/\/www.fedaiisf.it\/wp-content\/uploads\/2022\/12\/Senza-titolo.png 482w, https:\/\/www.fedaiisf.it\/wp-content\/uploads\/2022\/12\/Senza-titolo-300x235.png 300w\" sizes=\"auto, (max-width: 433px) 100vw, 433px\" \/>informatori associati<\/span><\/p>\n<p><span style=\"font-size: 14pt; color: #000000;\">Aiisf-Abis con la Presidente Dott.ssa Ludovica Paolucci, per consegnarle l&#8217;assegno come contributo a sostenere le iniziative di &#8220;BresciaSoccorso&#8221;.<\/span><\/p>\n<p><span style=\"font-size: 14pt; color: #000000;\">BresciaSoccorso nasce 30 anni fa dall&#8217;iniziativa di volontari, con 2 ambulanze. Oggi opera non solo con mezzi di trasporto, nel campo dell&#8217;emergenza e urgenza sanitaria ma, da pi\u00f9 di 20 anni, soccorritori qualificati sono a completa disposizione della cittadinanza per molteplici esigenze di trasporto di pazienti dializzati, ricoveri o visite mediche, trasferimenti tra strutture ospedalieri, consegna gratuita di farmaci trasporto di sangue ed emoderivati, assistenza a manifestazioni sportive, culturali o eventi in genere.<\/span><\/p>\n<p><span style=\"font-size: 14pt; color: #000000;\">Lo spirito di solidariet\u00e0 \u00e8 uno dei principi base di noi informatori dell&#8217;Aiisf-Abis Brescia che continuer\u00e0 ogni anno, con parte del ricavato delle iscrizioni, a sostenere enti o associazioni no profit il cui contributo \u00e8 significativo ed importante per il bene del malato.<\/span><\/p>\n<p><span style=\"font-size: 14pt; color: #000000;\">Presidente Sez. AIISF Brescia<\/span><br \/>\n<span style=\"font-size: 14pt; color: #000000;\">\u00a0 \u00a0 Dott.ssa Lorella Fasano<\/span><\/p>","protected":false},"excerpt":{"rendered":"<p>Brescia 2 dicembre 2022 Stamattina, in via Rieti, 2 &#8211; Brescia, presso la sede di BresciaSoccorso, c&#8217;\u00e8 stato l&#8217;incontro di noi informatori associati Aiisf-Abis con la Presidente Dott.ssa Ludovica Paolucci, per consegnarle l&#8217;assegno come contributo a sostenere le iniziative di &#8220;BresciaSoccorso&#8221;. BresciaSoccorso nasce 30 anni fa dall&#8217;iniziativa di volontari, con 2 ambulanze. Oggi opera non &hellip;<\/p>","protected":false},"author":4,"featured_media":69230,"comment_status":"closed","ping_status":"closed","sticky":false,"template":"","format":"standard","meta":{"footnotes":""},"categories":[1,14],"tags":[],"class_list":["post-69226","post","type-post","status-publish","format-standard","has-post-thumbnail","hentry","category-notizie","category-news-fedaiisf"],"amp_enabled":true,"_links":{"self":[{"href":"https:\/\/www.fedaiisf.it\/en\/wp-json\/wp\/v2\/posts\/69226","targetHints":{"allow":["GET"]}}],"collection":[{"href":"https:\/\/www.fedaiisf.it\/en\/wp-json\/wp\/v2\/posts"}],"about":[{"href":"https:\/\/www.fedaiisf.it\/en\/wp-json\/wp\/v2\/types\/post"}],"author":[{"embeddable":true,"href":"https:\/\/www.fedaiisf.it\/en\/wp-json\/wp\/v2\/users\/4"}],"replies":[{"embeddable":true,"href":"https:\/\/www.fedaiisf.it\/en\/wp-json\/wp\/v2\/comments?post=69226"}],"version-history":[{"count":4,"href":"https:\/\/www.fedaiisf.it\/en\/wp-json\/wp\/v2\/posts\/69226\/revisions"}],"predecessor-version":[{"id":69232,"href":"https:\/\/www.fedaiisf.it\/en\/wp-json\/wp\/v2\/posts\/69226\/revisions\/69232"}],"wp:featuredmedia":[{"embeddable":true,"href":"https:\/\/www.fedaiisf.it\/en\/wp-json\/wp\/v2\/media\/69230"}],"wp:attachment":[{"href":"https:\/\/www.fedaiisf.it\/en\/wp-json\/wp\/v2\/media?parent=69226"}],"wp:term":[{"taxonomy":"category","embeddable":true,"href":"https:\/\/www.fedaiisf.it\/en\/wp-json\/wp\/v2\/categories?post=69226"},{"taxonomy":"post_tag","embeddable":true,"href":"https:\/\/www.fedaiisf.it\/en\/wp-json\/wp\/v2\/tags?post=69226"}],"curies":[{"name":"wp","href":"https:\/\/api.w.org\/{rel}","templated":true}]}}