{"id":69282,"date":"2022-12-06T17:53:35","date_gmt":"2022-12-06T16:53:35","guid":{"rendered":"https:\/\/www.fedaiisf.it\/?p=69282"},"modified":"2022-12-06T19:58:35","modified_gmt":"2022-12-06T18:58:35","slug":"p-iva-regime-forfettario-le-novita-in-arrivo","status":"publish","type":"post","link":"https:\/\/www.fedaiisf.it\/en\/p-iva-regime-forfettario-le-novita-in-arrivo\/","title":{"rendered":"VAT number Flat-rate scheme: the news to come"},"content":{"rendered":"<h2 class=\"title-post\">Le novit\u00e0 in arrivo per il regime forfettario<\/h2>\n<p><a href=\"https:\/\/www.ecnews.it\/le-novita-in-arrivo-per-il-regime-forfettario\/\" target=\"_blank\" rel=\"noopener\">ec euroconference news &#8211; 6 dicembre 2022<\/a>\u00a0di Sandro Cerato<\/p>\n<p><img loading=\"lazy\" decoding=\"async\" class=\"wp-image-69287 alignright\" src=\"https:\/\/www.fedaiisf.it\/wp-content\/uploads\/2022\/12\/2-diita-individuale.png\" alt=\"\" width=\"258\" height=\"291\" srcset=\"https:\/\/www.fedaiisf.it\/wp-content\/uploads\/2022\/12\/2-diita-individuale.png 343w, https:\/\/www.fedaiisf.it\/wp-content\/uploads\/2022\/12\/2-diita-individuale-266x300.png 266w\" sizes=\"auto, (max-width: 258px) 100vw, 258px\" \/>Le imprese individuali e i professionisti che nel 2022 percepiscono <strong>ricavi o compensi non eccedenti 85.000 euro<\/strong> potranno applicare il <strong>regime forfettario nel 2023<\/strong>.<\/p>\n<p>\u00c8 quanto emerge dalla lettura del ddl Bilancio 2023 che, modificando il <strong><a href=\"https:\/\/portale.ecevolution.it\/loginServlet?encParam=5A609037C3FD53161B3A7340F3BA77D98EA782AB51A64B3E54588FD89F6BDC69F4C8093661606D881448328C216915C4A3749407DC007F2055AE2D53CEBA5DEBFB8A117B6CCA31E5A3838DF7D5F31FA872ED87E32ECA6D8330FB201E690EFB09951B917C1D9C3A058085B2C7537CB434D54A6354A859EED3669F90FB1E412D209EDC64A90E8F8A274952E00C6982B4C4DE53A726294D26AA1628BFB994E13EF2ECFA3F9D2DB30A327ED1A8DD36878C1F1D34B66D0D34CDA5B46DD9A4F61F439DA36C8E04972010534502D85F2B287B3A\" target=\"_blank\" rel=\"noopener\">comma 54, lett. a, della L. 190\/2014<\/a><\/strong>, interviene sul limite di ricavi e compensi per l\u2019applicazione del regime forfettario, <strong>incrementando la soglia massima da 65.000 euro a 85.000 euro<\/strong>.<\/p>\n<p>In questo modo, come gi\u00e0 avvenuto in occasione del precedente aumento (si veda in tal senso la <strong><a href=\"https:\/\/portale.ecevolution.it\/loginServlet?encParam=5A609037C3FD53161B3A7340F3BA77D9F0A37C4D827B76C82450FBA8D34B5F6E548583255B8CF53816981099F98D0E24FB422C79384F7B8BA7FB04982D844BB46844890107D4DE49F915ECD27F7608C6A1A323C9F4F41898E908875C5E07B31B76E76005B1B1E4F020549B1B0B9FF6BE99326005D0DB014FD5B4961A8E51DAA7154D77FFE6F6289A384AADE6427D4B23D7EAD01A7BBFC6F8D458319E33DC6FC2CB3D55188FD38C82548EFCD0D1B68F3C93A1DC1D8E58CC93AD4FE708FFE6B7F658516DF7BEA88D3C\" target=\"_blank\" rel=\"noopener\">circolare 9\/E\/2019<\/a><\/strong>), tutte le persone fisiche esercenti attivit\u00e0 d\u2019impresa e di lavoro autonomo potranno mantenere il regime forfettario anche nell\u2019anno 2023 pur se nel 2022 hanno superato la soglia di euro 65.000 ma non il <strong>nuovo limite di 85.000 euro<\/strong>.<\/p>\n<p>In buona sostanza a questi soggetti viene concesso un ulteriore \u201cbonus\u201d di 20.000 euro da spendere nel corrente periodo d\u2019imposta anche allo scopo di evitare manovre funzionali al <strong>rinvio degli incassi del periodo d\u2019imposta 2022<\/strong>.<\/p>\n<p>Allo stesso modo, coloro che <strong>nel 2022 stanno applicando un regime \u201cordinario\u201d<\/strong> (imprese in contabilit\u00e0 ordinaria, imprese semplificate per cassa o con metodo della registrazione e professionisti per cassa) ma che <strong>non superano<\/strong>, tenendo conto del metodo contabile adottato, la nuova <strong>soglia di euro 85.000<\/strong>, potranno accedere al regime forfettario nel 2023. Si tratta quindi di un intervento normativo che ha il sicuro effetto di <strong>ampliare la platea dei soggetti<\/strong> che potenzialmente possono applicare il regime di favore.<\/p>\n<p>Se da un lato il legislatore \u201cspinge\u201d per l\u2019adozione del regime forfettario, dall\u2019altro mette un \u201cfreno\u201d allo stesso, in quanto per la prima volta inserisce un\u2019<strong>ipotesi di fuoriuscita dal regime con effetto dallo stesso periodo d\u2019imposta<\/strong> in cui si verifica la causa di decadenza e non, come regola, dall\u2019anno successivo.<\/p>\n<p>Il ddl Bilancio 2023, infatti, aggiunge un periodo al <strong><a href=\"https:\/\/portale.ecevolution.it\/loginServlet?encParam=5A609037C3FD53161B3A7340F3BA77D98EA782AB51A64B3E54588FD89F6BDC69F4C8093661606D881448328C216915C4A3749407DC007F2055AE2D53CEBA5DEBFB8A117B6CCA31E5A3838DF7D5F31FA872ED87E32ECA6D8330FB201E690EFB09951B917C1D9C3A058085B2C7537CB434D54A6354A859EED3669F90FB1E412D209EDC64A90E8F8A274952E00C6982B4C4DE53A726294D26AA1628BFB994E13EF2ECFA3F9D2DB30A327ED1A8DD36878C1F1D34B66D0D34CDA5B46DD9A4F61F439DA36C8E0497201053B5823B29C0CB47FE\" target=\"_blank\" rel=\"noopener\">comma 71 della citata L. 190\/2014<\/a><\/strong>, stabilendo che il regime forfettario <strong>cessa di avere applicazione gi\u00e0 a partire dall\u2019anno stesso in cui si percepiscono ricavi o compensi superiori a euro 100.000<\/strong>.<\/p>\n<p>In tal caso, precisa la stessa norma, l\u2019<strong>Iva \u00e8 dovuta <\/strong>sulle operazioni effettuate <strong>a partire dal momento in cui la soglia \u00e8 superata<\/strong>.<\/p>\n<p><img loading=\"lazy\" decoding=\"async\" class=\"size-full wp-image-69288 alignleft\" src=\"https:\/\/www.fedaiisf.it\/wp-content\/uploads\/2022\/12\/isf-p.iva-borsa.jpeg\" alt=\"\" width=\"259\" height=\"194\" \/>Sulla portata di tale nuova disposizione i dubbi e le riflessioni sono molteplici, in primo luogo riguardanti le <strong>conseguenze ai fini delle imposte sui redditi<\/strong>.<\/p>\n<p>La norma non dice nulla al riguardo, ma sar\u00e0 senz\u2019altro necessario determinare il <strong>reddito nei modi ordinari e con la deduzione dei relativi costi in maniera analitica<\/strong>.<\/p>\n<p>Sul fronte Iva, la norma si limita a stabilire la rilevanza ai fini di tale tributo a partire dalle operazioni che comportano il superamento della soglia, con conseguente <strong>irrilevanza delle operazioni precedenti che non devono quindi sub\u00ecre alcuna rettifica<\/strong>.<\/p>\n<p>Nulla \u00e8 detto sul fronte del <strong>diritto alla detrazione<\/strong>, ma pare corretto ritenere che tale diritto possa essere esercitato <strong>a partire dagli acquisti effettuati in data successiva al superamento, sul fronte ricavi\/compensi, della soglia di euro 100.000<\/strong>.<\/p>\n<p>Ad <strong>esempio<\/strong>, si supponga che in data 20 settembre 2023 l\u2019imprenditore individuale in regime forfettario incassi una fattura il cui importo, sommato alle altre gi\u00e0 incassate, comporti il superamento della soglia di euro 100.000.<\/p>\n<p>Ai <strong>fini Iva<\/strong> le conseguenze sono le seguenti:<\/p>\n<ul>\n<li>sul fronte delle <strong>operazioni attive<\/strong>, per le operazioni effettuate, secondo le regole dell\u2019<strong><a href=\"https:\/\/portale.ecevolution.it\/loginServlet?encParam=5A609037C3FD53161B3A7340F3BA77D98EA782AB51A64B3E4E97737AAF548F6F7FD3903D777A0DAFCB82EBF87B90E96DE9DEE2D95F30C85F9350BC3FBC37775DDBBB66AEA2806AB33A866FF97CBD928E1AA759F473E3085DD7C547B0F9D3EB288C8CDCBC317457C539C412EC8882FAB09308E74DED27F2AB84F170747BEBA7B52A1FFE2CB8747017637AE3747300A0A2BA6A00CFD0A559F5D360A67EAC7117BBBEAE48B4085A26A9617EB9DE7DB6A4F700EA9B5B380503F25A38EE1626D18D98391BCF39A72C617353A2295B676E9E8B\" target=\"_blank\" rel=\"noopener\">articolo 6 D.P.R. 633\/1972<\/a><\/strong>, <strong>successivamente al 20 settembre<\/strong> (fatture emesse dal 21 settembre) l\u2019Iva \u00e8 <strong>dovuta nei modi ordinari<\/strong>. <strong>Nessuna rettifica deve essere operata<\/strong> per eventuali fatture emesse prima del 20 settembre ma incassate successivamente in quanto il momento di effettuazione ai fini Iva si \u00e8 gi\u00e0 verificato;<\/li>\n<li>sul fronte delle <strong>operazioni passive<\/strong>, per le fatture con <strong>data successiva al 20 settembre e ricevute dopo tale data <\/strong>\u00e8 possibile esercitare il <strong>diritto alla detrazione<\/strong> secondo le regole ed i termini stabiliti dall\u2019<strong><a href=\"https:\/\/portale.ecevolution.it\/loginServlet?encParam=5A609037C3FD53161B3A7340F3BA77D98EA782AB51A64B3E4E97737AAF548F6F7FD3903D777A0DAFCB82EBF87B90E96DE9DEE2D95F30C85F9350BC3FBC37775DDBBB66AEA2806AB33A866FF97CBD928E1AA759F473E3085DD7C547B0F9D3EB285B7FC76467B927778633B732ED8C8B8A6B73763BD8D8E93837A4C0338EF6ACC27AB8A73A7F2D28611B67C25BF1137BD7C244E913B88E0AC8C8E0F9E9A9A51EE912A012A62A0298ADDEB3E9E0A3407FB7E6C0180F15964AA179E86BACA94846D33E639532A77A4F8E038B927446828FFD\" target=\"_blank\" rel=\"noopener\">articolo 19 D.P.R. 633\/1972<\/a><\/strong>.<\/li>\n<\/ul>\n<p style=\"text-align: center;\">___________________________<\/p>\n<h2 class=\"titolo-articolo\">Regime forfettario 2023 con nuovi limiti: 7.700 euro di risparmio medio per le partite IVA pi\u00f9 ricche<\/h2>\n<p><strong><span style=\"font-size: 14pt;\"><img loading=\"lazy\" decoding=\"async\" class=\"wp-image-66104 alignright\" src=\"https:\/\/www.fedaiisf.it\/wp-content\/uploads\/2022\/07\/dichiarazione-IVA-F24.jpeg\" alt=\"\" width=\"368\" height=\"207\" srcset=\"https:\/\/www.fedaiisf.it\/wp-content\/uploads\/2022\/07\/dichiarazione-IVA-F24.jpeg 1200w, https:\/\/www.fedaiisf.it\/wp-content\/uploads\/2022\/07\/dichiarazione-IVA-F24-300x169.jpeg 300w, https:\/\/www.fedaiisf.it\/wp-content\/uploads\/2022\/07\/dichiarazione-IVA-F24-1024x576.jpeg 1024w, https:\/\/www.fedaiisf.it\/wp-content\/uploads\/2022\/07\/dichiarazione-IVA-F24-768x432.jpeg 768w, https:\/\/www.fedaiisf.it\/wp-content\/uploads\/2022\/07\/dichiarazione-IVA-F24-390x220.jpeg 390w\" sizes=\"auto, (max-width: 368px) 100vw, 368px\" \/>Con le novit\u00e0 inserite nel Disegno di Legge di Bilancio 2023 cambiano i limiti per l&#8217;applicazione del regime forfettario. Secondo le stime dell&#8217;Ufficio parlamentare di Bilancio, le novit\u00e0 assicurano un risparmio medio di 7.700 euro tra IRPEF, IVA e contributi: si pone una questione di equit\u00e0<\/span><\/strong><\/p>\n<p><a href=\"https:\/\/www.informazionefiscale.it\/regime-forfettario-2023-limiti-novita-risparmio-irpef-partite-iva\" target=\"_blank\" rel=\"noopener\">informazione fiscale di Rosy D&#8217;Elia<\/a><\/p>\n<p>Dopo la grande revisione del 2019, il <strong>flat rate scheme<\/strong> torna a cambiare: si estendono i <strong>limiti attualmente previsti per l\u2019applicazione<\/strong>. Grazie alle novit\u00e0 inserite nel <strong>Disegno di Legge di Bilancio 2023<\/strong>, su cui si attende approvazione definitiva, sar\u00e0 possibile versare <strong>un\u2019imposta sostitutiva pari al 15 per cento<\/strong>, o al 5 per cento per i primi cinque anni di attivit\u00e0, fino a un massimo di <strong>85.000 euro<\/strong> di ricavi o compensi.<\/p>\n<p>Stando all\u2019analisi riportata dall\u2019<strong>Ufficio parlamentare di Bilancio<\/strong>durante l\u2019audizione che si \u00e8 tenuta dinanzi alle Commissioni riunite Bilancio di Camera e Senato nella serata del 5 dicembre 2022, le modifiche assicurano un <strong>risparmio medio di 7.770 euro tra IRPEF, IVA e contributi<\/strong> e i maggiori vantaggi sono proprio destinati ai contribuenti pi\u00f9 ricchi: emerge un problema di equit\u00e0.<\/p>\n<h3 class=\"spip\">Regime forfettario 2023 con nuovi limiti: a chi conviene?<\/h3>\n<p>La nuova veste pensata per il <strong>regime forfettario 2023<\/strong> riporta alla memoria le <strong>novit\u00e0 introdotte nel 2019<\/strong> in particolare per un aspetto: con le modifiche proposte dal Governo, non solo si estende <strong>oltre i 65.000 euro<\/strong> il limite per l\u2019applicazione della <strong>flat tax<\/strong>, ma viene introdotta anche una <a href=\"https:\/\/www.informazionefiscale.it\/regime-forfettario-85000-requisiti\" target=\"_blank\" rel=\"noopener\">clausola antielusiva<\/a>, una soglia pari a <strong>100,000 euros<\/strong> oltre la quale la fuoriuscita \u00e8 immediata, avviene in corso d\u2019anno.<\/p>\n<p>Anche per chi <strong>supera gli 85.000 euro<\/strong>, invece, \u00e8 possibile restare per tutto il periodo d\u2019imposta nel perimetro del regime forfettario.<\/p>\n<p>Proprio con la <strong>Budget Law 2019<\/strong>, infatti, oltre all\u2019estensione dei limiti era stata prevista a partire dal 2020 una <strong>ulteriore fascia di applicazione del regime forfettario<\/strong> con un\u2019imposta sostitutiva al 20 per cento per i redditi da 65.001 euro ai 100.000 euro, poi <strong>mai entrata in vigore<\/strong>.<\/p>\n<p>Si ritorna, quindi, su un percorso di <strong>maggiore apertura dei regimi speciali<\/strong>, come ha sottolineato anche l\u2019<strong>Ufficio parlamentare di Bilancio<\/strong> durante l\u2019<a class=\"spip_out\" href=\"https:\/\/www.upbilancio.it\/wp-content\/uploads\/2022\/12\/Audizione-UPB-DDL-bilancio-2023.pdf\" target=\"_blank\" rel=\"nofollow noopener\">audizione che si \u00e8 tenuta alla Camera nella serata del 5 dicembre 2022<\/a>.<\/p>\n<p style=\"text-align: justify; padding-left: 40px;\"><span style=\"color: #000000;\"><i>\u201cLa norma in esame sembrerebbe quindi andare nella direzione di generalizzare sempre pi\u00f9, per le partite IVA, un regime d\u2019imposta speciale che sottrae redditi alla progressivit\u00e0 dell\u2019IRPEF\u201d<\/i>.<\/span><\/p>\n<p>Dal punto di vista pratico, quindi, quali sono le <strong>novit\u00e0 concrete<\/strong> che le modifiche ai <strong>limiti del regime forfettario<\/strong> determinano?<\/p>\n<p>La risposta arriva dalla stessa voce: il beneficio medio complessivo per le partite IVA aderenti \u00e8 pari a circa <strong>7.700 euro<\/strong>:<\/p>\n<ul class=\"spip\">\n<li>circa 5.900 dall\u2019applicazione dell\u2019imposta sostitutiva al posto dell\u2019<strong>IRPEF<\/strong>;<\/li>\n<li>circa 1.050 dalla <strong>riduzione dei contributi<\/strong>;<\/li>\n<li>circa 750 dall\u2019<strong>esenzione dal regime IVA<\/strong>.<\/li>\n<\/ul>\n<h3 class=\"spip\">Regime forfettario 2023 con nuovi limiti: i vantaggi per le partite IVA pi\u00f9 ricche<\/h3>\n<p>Il nuovo regime forfettario, stando all\u2019analisi dell\u2019UpB, crea lo spazio per un <strong>risparmio considerevole alle partite IVA pi\u00f9 ricche<\/strong>, un numero ristretto ma comunque ben pi\u00f9 ampio di quello indicato dalle relazioni illustrative che hanno accompagnato le bozze del DDL Bilancio.<\/p>\n<p><img loading=\"lazy\" decoding=\"async\" class=\"wp-image-47251 alignleft\" src=\"https:\/\/www.fedaiisf.it\/wp-content\/uploads\/2020\/01\/Tasse-Regime-forfettario-1024x723-1.jpg\" alt=\"\" width=\"279\" height=\"197\" srcset=\"https:\/\/www.fedaiisf.it\/wp-content\/uploads\/2020\/01\/Tasse-Regime-forfettario-1024x723-1.jpg 1024w, https:\/\/www.fedaiisf.it\/wp-content\/uploads\/2020\/01\/Tasse-Regime-forfettario-1024x723-1-300x212.jpg 300w, https:\/\/www.fedaiisf.it\/wp-content\/uploads\/2020\/01\/Tasse-Regime-forfettario-1024x723-1-768x542.jpg 768w\" sizes=\"auto, (max-width: 279px) 100vw, 279px\" \/>Si prevede un <strong>guadagno legato a IRPEF, IVA e contributi<\/strong> For <strong>60.000 contribuenti<\/strong> con una distribuzione diversa dei vantaggi all\u2019interno delle categorie.<\/p>\n<p>Secondo le stime, infatti, i professionisti guadagnano mediamente circa <strong>9.600 euro<\/strong>, mentre le imprese arrivano a beneficiare di <strong>5.600 euro<\/strong>. Per il 25 per cento dei professionisti e delle professioniste il guadagno potrebbe superare i <strong>13.264 euro<\/strong>.<\/p>\n<p>L\u2019analisi condotta dall\u2019Ufficio parlamentare di Bilancio \u00e8 il preludio di una riflessione: sulla traccia del percorso intrapreso nel 2019 si sta andando verso una <strong>regime alternativo<\/strong> a quello della <a href=\"https:\/\/www.informazionefiscale.it\/IRPEF-2022-aliquote-scaglioni-calcolo-novita\" target=\"_blank\" rel=\"noopener\">progressivit\u00e0 dell\u2019IRPEF<\/a> per professionisti e imprese individuali?<\/p>\n<p>Se \u00e8 cos\u00ec come sembra, bisogna tener conto di alcuni aspetti.<\/p>\n<p style=\"text-align: justify; padding-left: 40px;\"><span style=\"color: #000000;\"><i>\u201cL\u2019ampliamento del regime forfettario pone dunque problemi di equit\u00e0 all\u2019interno dello stesso segmento dei <strong>lavoratori autonomi<\/strong>\u201d<\/i>.<\/span><\/p>\n<p>E non solo:<\/p>\n<p style=\"text-align: justify; padding-left: 40px;\"><span style=\"color: #000000;\"><i>\u201cBisogna peraltro considerare che l\u2019assetto che si va progressivamente delineando per questi contribuenti si configura come un sistema di tassazione alternativo che interessa un numero sempre maggiore di soggetti \u2013 con l\u2019estensione prevista dal DDL di bilancio i potenziali beneficiari del regime forfettario nel suo complesso (contribuenti con ricavi o compensi non superiori a 85.000 euro e che soddisfano gli altri requisiti di legge) rappresentano il 74 per cento del totale \u2013 e che sussiste in parallelo al regime dell\u2019imposta progressiva, al quale continuano a essere sottoposte <strong>altre categorie di lavoratori, in particolare dipendenti e pensionati<\/strong>\u201d<\/i>.<\/span><\/p>\n<p>Per sottolineare con maggiore forza la delicatezza della questione di equit\u00e0 che le <strong>modifiche ai limiti del regime forfettario<\/strong> pongono, infine, l\u2019UpB sottolinea che a beneficiarne sono in particolare coloro che appartengono al <strong>10 per cento dei contribuenti con reddito da lavoro pi\u00f9 elevato<\/strong>.<\/p>\n<p>Rispetto alla progressivit\u00e0 dell\u2019IRPEF, per questi contribuenti il guadagno in termini di imposta da versare \u00e8 pari a <strong>7.500 euro per pi\u00f9 delle met\u00e0 degli interessati e delle interessate<\/strong> it&#039;s at <strong>9.500 euro per un quarto<\/strong>.<\/p>\n<p>Tutti i dettagli e le analisi dell\u2019Ufficio Parlamentare di Bilancio sulle misure della Manovra nel <strong>testo integrale dell\u2019audizione del 5 dicembre 2022<\/strong>.<\/p>\n<p>&nbsp;<\/p>\n<div class=\"page\" title=\"Page 1\">\n<p><a href=\"https:\/\/www.informazionefiscale.it\/IMG\/pdf\/audizione-upb-ddl-bilancio-2023.pdf\" target=\"_blank\" rel=\"noopener\">Audizione della Presidente dell\u2019Ufficio parlamentare di bilancio nell\u2019ambito dell\u2019attivita\u0300 conoscitiva preliminare all\u2019esame del disegno di legge recante bilancio di previsione dello Stato per l\u2019anno finanziario 2023 e bilancio pluriennale per il triennio 2023-2025<\/a><\/p>\n<\/div>\n<p>&nbsp;<\/p>","protected":false},"excerpt":{"rendered":"<p>Le novit\u00e0 in arrivo per il regime forfettario ec euroconference news &#8211; 6 dicembre 2022\u00a0di Sandro Cerato Le imprese individuali e i professionisti che nel 2022 percepiscono ricavi o compensi non eccedenti 85.000 euro potranno applicare il regime forfettario nel 2023. \u00c8 quanto emerge dalla lettura del ddl Bilancio 2023 che, modificando il comma 54, &hellip;<\/p>","protected":false},"author":4,"featured_media":69289,"comment_status":"closed","ping_status":"closed","sticky":false,"template":"","format":"standard","meta":{"footnotes":""},"categories":[1],"tags":[205],"class_list":["post-69282","post","type-post","status-publish","format-standard","has-post-thumbnail","hentry","category-notizie","tag-partita-iva"],"amp_enabled":true,"_links":{"self":[{"href":"https:\/\/www.fedaiisf.it\/en\/wp-json\/wp\/v2\/posts\/69282","targetHints":{"allow":["GET"]}}],"collection":[{"href":"https:\/\/www.fedaiisf.it\/en\/wp-json\/wp\/v2\/posts"}],"about":[{"href":"https:\/\/www.fedaiisf.it\/en\/wp-json\/wp\/v2\/types\/post"}],"author":[{"embeddable":true,"href":"https:\/\/www.fedaiisf.it\/en\/wp-json\/wp\/v2\/users\/4"}],"replies":[{"embeddable":true,"href":"https:\/\/www.fedaiisf.it\/en\/wp-json\/wp\/v2\/comments?post=69282"}],"version-history":[{"count":10,"href":"https:\/\/www.fedaiisf.it\/en\/wp-json\/wp\/v2\/posts\/69282\/revisions"}],"predecessor-version":[{"id":69301,"href":"https:\/\/www.fedaiisf.it\/en\/wp-json\/wp\/v2\/posts\/69282\/revisions\/69301"}],"wp:featuredmedia":[{"embeddable":true,"href":"https:\/\/www.fedaiisf.it\/en\/wp-json\/wp\/v2\/media\/69289"}],"wp:attachment":[{"href":"https:\/\/www.fedaiisf.it\/en\/wp-json\/wp\/v2\/media?parent=69282"}],"wp:term":[{"taxonomy":"category","embeddable":true,"href":"https:\/\/www.fedaiisf.it\/en\/wp-json\/wp\/v2\/categories?post=69282"},{"taxonomy":"post_tag","embeddable":true,"href":"https:\/\/www.fedaiisf.it\/en\/wp-json\/wp\/v2\/tags?post=69282"}],"curies":[{"name":"wp","href":"https:\/\/api.w.org\/{rel}","templated":true}]}}