{"id":69363,"date":"2022-12-09T18:06:27","date_gmt":"2022-12-09T17:06:27","guid":{"rendered":"https:\/\/www.fedaiisf.it\/?p=69363"},"modified":"2022-12-16T18:46:25","modified_gmt":"2022-12-16T17:46:25","slug":"lutto-nella-medicina-generale-bolognese-viene-a-mancare-il-dott-stefano-rubini","status":"publish","type":"post","link":"https:\/\/www.fedaiisf.it\/en\/lutto-nella-medicina-generale-bolognese-viene-a-mancare-il-dott-stefano-rubini\/","title":{"rendered":"Mourning in Bologna General Medicine: Dr. Stefano Rubini passes away"},"content":{"rendered":"<p><span style=\"font-size: 14pt;\">9 dicembre 2022 &#8211; Lutto nella Medicina Generale bolognese<\/span><\/p>\n<p><span style=\"font-size: 14pt;\">&#8220;In una grigia giornata invernale ti arriva una<a href=\"https:\/\/www.fedaiisf.it\/wp-content\/uploads\/2022\/12\/RUBINI-3-e1670604033671.jpeg\"><img loading=\"lazy\" decoding=\"async\" class=\"wp-image-69367 alignright\" src=\"https:\/\/www.fedaiisf.it\/wp-content\/uploads\/2022\/12\/RUBINI-3-e1670604033671-237x300.jpeg\" alt=\"\" width=\"321\" height=\"406\" srcset=\"https:\/\/www.fedaiisf.it\/wp-content\/uploads\/2022\/12\/RUBINI-3-e1670604033671-237x300.jpeg 237w, https:\/\/www.fedaiisf.it\/wp-content\/uploads\/2022\/12\/RUBINI-3-e1670604033671.jpeg 716w\" sizes=\"auto, (max-width: 321px) 100vw, 321px\" \/><\/a> di quelle notizie che non vorresti mai aver ricevuto: <strong>il dott. Stefano Rubini<\/strong> non \u00e8 pi\u00f9 con noi. <\/span><\/p>\n<p><span style=\"font-size: 14pt;\">E se \u00e8 inevitabile farsi prendere dalla tristezza, questa lascia presto il posto al sorriso, perch\u00e9 il dott. Rubini ha sempre portato positivit\u00e0 in ogni sua attivit\u00e0 cos\u00ec come lo ha trasmesso alle persone che hanno incrociato la sua vita. <\/span><\/p>\n<p><span style=\"font-size: 14pt;\">Per tanti anni ha svolto il ruolo di medico di medicina generale nella prima periferia di Bologna, diventando un punto di riferimento per i suoi pazienti a cui non faceva mancare mai una battuta di spirito quando si trattava di rincuorarli e sdrammatizzare momenti difficili. <\/span><\/p>\n<p><span style=\"font-size: 14pt;\">Ma il dott. Rubini era anche un riferimento per i suoi colleghi anche dal punto di vista scientifico, in quanto per anni \u00e8 stato <strong>Presidente provinciale SIMG<\/strong>, nonch\u00e9 membro del consiglio direttivo dell\u2019Ordine dei medici. <\/span><\/p>\n<p><span style=\"font-size: 14pt;\">Entrambe queste sue caratteristiche erano presenti anche nel rapporto con gli informatori scientifici, che riteneva fondamentali per il suo aggiornamento, sempre in un clima allegro, complice anche la moglie Patrizia che condivideva con lui l\u2019ambulatorio pediatrico.&#8221;<\/span><\/p>\n<p>&nbsp;<\/p>\n<p><span style=\"font-size: 14pt;\"><strong>Il direttivo della sezione Aiisf di Bologna<\/strong> insieme a tutti gli informatori si stringe alla <strong>wife<\/strong> <strong>Patrizia<\/strong> and from <strong>figlio Davide<\/strong> per la scomparsa del <strong>caro Stefano<\/strong>.<\/span><\/p>\n<p>&nbsp;<\/p>","protected":false},"excerpt":{"rendered":"<p>9 dicembre 2022 &#8211; Lutto nella Medicina Generale bolognese &#8220;In una grigia giornata invernale ti arriva una di quelle notizie che non vorresti mai aver ricevuto: il dott. Stefano Rubini non \u00e8 pi\u00f9 con noi. E se \u00e8 inevitabile farsi prendere dalla tristezza, questa lascia presto il posto al sorriso, perch\u00e9 il dott. Rubini ha &hellip;<\/p>","protected":false},"author":1,"featured_media":69375,"comment_status":"closed","ping_status":"closed","sticky":false,"template":"","format":"standard","meta":{"footnotes":""},"categories":[14],"tags":[79],"class_list":["post-69363","post","type-post","status-publish","format-standard","has-post-thumbnail","hentry","category-news-fedaiisf","tag-ssn"],"amp_enabled":true,"_links":{"self":[{"href":"https:\/\/www.fedaiisf.it\/en\/wp-json\/wp\/v2\/posts\/69363","targetHints":{"allow":["GET"]}}],"collection":[{"href":"https:\/\/www.fedaiisf.it\/en\/wp-json\/wp\/v2\/posts"}],"about":[{"href":"https:\/\/www.fedaiisf.it\/en\/wp-json\/wp\/v2\/types\/post"}],"author":[{"embeddable":true,"href":"https:\/\/www.fedaiisf.it\/en\/wp-json\/wp\/v2\/users\/1"}],"replies":[{"embeddable":true,"href":"https:\/\/www.fedaiisf.it\/en\/wp-json\/wp\/v2\/comments?post=69363"}],"version-history":[{"count":8,"href":"https:\/\/www.fedaiisf.it\/en\/wp-json\/wp\/v2\/posts\/69363\/revisions"}],"predecessor-version":[{"id":69374,"href":"https:\/\/www.fedaiisf.it\/en\/wp-json\/wp\/v2\/posts\/69363\/revisions\/69374"}],"wp:featuredmedia":[{"embeddable":true,"href":"https:\/\/www.fedaiisf.it\/en\/wp-json\/wp\/v2\/media\/69375"}],"wp:attachment":[{"href":"https:\/\/www.fedaiisf.it\/en\/wp-json\/wp\/v2\/media?parent=69363"}],"wp:term":[{"taxonomy":"category","embeddable":true,"href":"https:\/\/www.fedaiisf.it\/en\/wp-json\/wp\/v2\/categories?post=69363"},{"taxonomy":"post_tag","embeddable":true,"href":"https:\/\/www.fedaiisf.it\/en\/wp-json\/wp\/v2\/tags?post=69363"}],"curies":[{"name":"wp","href":"https:\/\/api.w.org\/{rel}","templated":true}]}}