{"id":69494,"date":"2022-12-15T12:07:50","date_gmt":"2022-12-15T11:07:50","guid":{"rendered":"https:\/\/www.fedaiisf.it\/?p=69494"},"modified":"2022-12-15T12:07:50","modified_gmt":"2022-12-15T11:07:50","slug":"approvata-in-via-definitiva-la-riforma-aifa","status":"publish","type":"post","link":"https:\/\/www.fedaiisf.it\/en\/approvata-in-via-definitiva-la-riforma-aifa\/","title":{"rendered":"The AIFA reform has been definitively approved"},"content":{"rendered":"<p>Nella seduta di mercoled\u00ec 14 dicembre la Camera ha approvato in via definitiva il disegno di legge di <img loading=\"lazy\" decoding=\"async\" class=\"size-full wp-image-69501 alignright\" src=\"https:\/\/www.fedaiisf.it\/wp-content\/uploads\/2022\/12\/camera-dei-deputati.png\" alt=\"\" width=\"339\" height=\"137\" srcset=\"https:\/\/www.fedaiisf.it\/wp-content\/uploads\/2022\/12\/camera-dei-deputati.png 339w, https:\/\/www.fedaiisf.it\/wp-content\/uploads\/2022\/12\/camera-dei-deputati-300x121.png 300w\" sizes=\"auto, (max-width: 339px) 100vw, 339px\" \/>conversione del decreto 8 novembre 2022, n. 169, recante disposizioni urgenti di proroga della partecipazione di personale militare al potenziamento di iniziative della NATO, delle misure per il servizio sanitario della regione Calabria, nonch\u00e9 di <strong>Commissioni presso l&#8217;AIFA<\/strong>. Differimento dei termini per l&#8217;esercizio delle deleghe in materia di associazioni professionali a carattere sindacale tra militari (Approvato dal Senato) (C.<a href=\"http:\/\/documenti.camera.it\/leg19\/pdl\/pdf\/leg.19.pdl.camera.664.19PDL0013310.pdf\" target=\"_blank\" rel=\"noopener\"> 664<\/a>).<\/p>\n<p>Dagli emendamenti approvati si legge:<\/p>\n<p style=\"font-weight: 400; text-align: justify;\"><span style=\"color: #000000;\"><em>La Commissione consultiva tecnico-scientifica (CTS) e il Comitato prezzi e rimborso (CPR) sono soppressi e le relative funzioni sono attribuite ad una commissione unica del farmaco denominata Commissione scientifica ed economica del farmaco (CSE).<\/em><\/span><\/p>\n<p style=\"font-weight: 400; text-align: justify;\"><span style=\"color: #000000;\"><em>La Commissione e\u0300 costituita da dieci componenti, nominati nel rispetto dei criteri e con le modalita\u0300 individuati con decreto da adottare entro sessanta giorni dalla data di entrata in vigore della legge di conversione del presente decreto. Con lo stesso decreto sono disciplinate le modalita\u0300 di nomina e le funzioni del presidente dell\u2019Agenzia italiana del farmaco (AIFA), quale organo e rappresentante legale dell\u2019Agenzia, nonche\u0301 del direttore amministrativo e del direttore tecnico-scientifico.<\/em><\/span><\/p>\n<p style=\"font-weight: 400; text-align: justify;\"><span style=\"color: #000000;\"><em>A decorrere dalla data di efficacia del provvedimento di nomina del primo presidente dell\u2019AIFA (28 febbraio 2023), il consiglio di amministrazione costituito dal presidente e da quattro com- ponenti, di cui due designati dal Ministro della salute e due dalla Conferenza per- manente per i rapporti tra lo Stato, le regioni e le province autonome di Trento e di Bolzano \u00bb.<\/em><\/span><\/p>\n<p style=\"font-weight: 400; text-align: justify;\"><span style=\"color: #000000;\"><em>La figura del Direttore Generale \u00e8 abolita. Per evitare rischi di blocco dei lavori dell&#8217;Agenzia, grazie ad un emendamento approvato in aula avverr\u00e0 solo a decorrere dalla data di efficacia del provvedimento di nomina del primo presidente dell&#8217;Aifa e non sar\u00e0 pi\u00f9 immediata come previsto dal testo originario dell&#8217;emendamento approvato in Commissione Affari Sociali e Sanit\u00e0.<\/em><\/span><\/p>\n<p>I commenti<\/p>\n<p><img loading=\"lazy\" decoding=\"async\" class=\"wp-image-65938 alignleft\" src=\"https:\/\/www.fedaiisf.it\/wp-content\/uploads\/2022\/07\/nino-cartabellotta-GIMBE.png\" alt=\"\" width=\"337\" height=\"202\" srcset=\"https:\/\/www.fedaiisf.it\/wp-content\/uploads\/2022\/07\/nino-cartabellotta-GIMBE.png 975w, https:\/\/www.fedaiisf.it\/wp-content\/uploads\/2022\/07\/nino-cartabellotta-GIMBE-300x179.png 300w, https:\/\/www.fedaiisf.it\/wp-content\/uploads\/2022\/07\/nino-cartabellotta-GIMBE-768x459.png 768w, https:\/\/www.fedaiisf.it\/wp-content\/uploads\/2022\/07\/nino-cartabellotta-GIMBE-780x470.png 780w\" sizes=\"auto, (max-width: 337px) 100vw, 337px\" \/>Sulla questione <strong>Cartabellotta.<\/strong> \u201cDa anni sosteniamo la necessit\u00e0 di una riforma degli enti vigilati (Aifa, Iss, Agenas), ma la nuova legge sembra pi\u00f9 il sovvertimento regressivo di un ente che gestisce oltre 22 miliardi di euro di spesa pubblica in Italia con un obiettivo ben preciso: ridurre l\u2019autonomia e l\u2019indipendenza dell\u2019ente regolatore aumentandone il controllo diretto da parte della politica. Una \u2018riforma\u2019 di cui, temo, non beneficeranno n\u00e9 i pazienti, n\u00e9 le Regioni, n\u00e9 l\u2019industria farmaceutica\u201d.<\/p>\n<p>Ancora pi\u00f9 duro il microbiologo e senatore del Pd <strong>Andrea Crisant<\/strong>i che ammonisce: \u201cQuesta riforma indebolisce le garanzie dei cittadini. Se la Fda, che \u00e8 l\u2019equivalente americana dell\u2019Aifa, fosse stata sotto il controllo dell\u2019esecutivo americano, gli americani sarebbero stati trattati con clorochina e varechina\u201d.<\/p>\n<p>Pi\u00f9 possibilista, invece, <strong>Guido Rasi<\/strong>, ex direttore generale dell\u2019Ema: \u201cDalla riforma dell\u2019Agenzia italiana del farmaco traggo elementi positivi, a partire dall\u2019intenzione di provare a semplificare e snellirne la governance. Ma la cosa pi\u00f9 importante sar\u00e0 il mandato che l\u2019Aifa avr\u00e0 e che dovr\u00e0, come minimo, coprire il perimetro dell\u2019Agenzia europea del farmaco altrimenti sar\u00e0 impossibile approvare i farmaci che arriveranno massivamente nei prossimi 4-5 anni, che sono farmaci complessi\u201d.<\/p>\n<p>(I commenti sono riportati da <a href=\"https:\/\/www.aboutpharma.com\/sanita-e-politica\/dal-fondo-sanitario-allaifa-sulle-sfide-della-salute-al-governo-si-chiede-di-piu\/\" target=\"_blank\" rel=\"noopener\">AboutPharma<\/a>)<\/p>\n<p>&nbsp;<\/p>","protected":false},"excerpt":{"rendered":"<p>Nella seduta di mercoled\u00ec 14 dicembre la Camera ha approvato in via definitiva il disegno di legge di conversione del decreto 8 novembre 2022, n. 169, recante disposizioni urgenti di proroga della partecipazione di personale militare al potenziamento di iniziative della NATO, delle misure per il servizio sanitario della regione Calabria, nonch\u00e9 di Commissioni presso &hellip;<\/p>","protected":false},"author":4,"featured_media":69395,"comment_status":"closed","ping_status":"closed","sticky":false,"template":"","format":"standard","meta":{"footnotes":""},"categories":[1],"tags":[49,41],"class_list":["post-69494","post","type-post","status-publish","format-standard","has-post-thumbnail","hentry","category-notizie","tag-aifa","tag-leggisentenze"],"amp_enabled":true,"_links":{"self":[{"href":"https:\/\/www.fedaiisf.it\/en\/wp-json\/wp\/v2\/posts\/69494","targetHints":{"allow":["GET"]}}],"collection":[{"href":"https:\/\/www.fedaiisf.it\/en\/wp-json\/wp\/v2\/posts"}],"about":[{"href":"https:\/\/www.fedaiisf.it\/en\/wp-json\/wp\/v2\/types\/post"}],"author":[{"embeddable":true,"href":"https:\/\/www.fedaiisf.it\/en\/wp-json\/wp\/v2\/users\/4"}],"replies":[{"embeddable":true,"href":"https:\/\/www.fedaiisf.it\/en\/wp-json\/wp\/v2\/comments?post=69494"}],"version-history":[{"count":9,"href":"https:\/\/www.fedaiisf.it\/en\/wp-json\/wp\/v2\/posts\/69494\/revisions"}],"predecessor-version":[{"id":69914,"href":"https:\/\/www.fedaiisf.it\/en\/wp-json\/wp\/v2\/posts\/69494\/revisions\/69914"}],"wp:featuredmedia":[{"embeddable":true,"href":"https:\/\/www.fedaiisf.it\/en\/wp-json\/wp\/v2\/media\/69395"}],"wp:attachment":[{"href":"https:\/\/www.fedaiisf.it\/en\/wp-json\/wp\/v2\/media?parent=69494"}],"wp:term":[{"taxonomy":"category","embeddable":true,"href":"https:\/\/www.fedaiisf.it\/en\/wp-json\/wp\/v2\/categories?post=69494"},{"taxonomy":"post_tag","embeddable":true,"href":"https:\/\/www.fedaiisf.it\/en\/wp-json\/wp\/v2\/tags?post=69494"}],"curies":[{"name":"wp","href":"https:\/\/api.w.org\/{rel}","templated":true}]}}