{"id":69529,"date":"2022-12-16T11:28:19","date_gmt":"2022-12-16T10:28:19","guid":{"rendered":"https:\/\/www.fedaiisf.it\/?p=69529"},"modified":"2022-12-16T12:04:28","modified_gmt":"2022-12-16T11:04:28","slug":"protesta-medici-di-medicina-generale-piu-di-30-000-candele-accese-negli-studi-di-tutta-italia","status":"publish","type":"post","link":"https:\/\/www.fedaiisf.it\/en\/protesta-medici-di-medicina-generale-piu-di-30-000-candele-accese-negli-studi-di-tutta-italia\/","title":{"rendered":"Protest General Practitioners. More than 30,000 candles lit in studios throughout Italy"},"content":{"rendered":"<p><strong>Medicina generale, pi\u00f9 di 30.000 candele accese negli studi di tutta Italia. Medici e cittadini uniti nel chiedere alle istituzioni meno burocrazia e pi\u00f9 risorse. Silvestro Scotti: \u00abManteniamo accesa <img loading=\"lazy\" decoding=\"async\" class=\"wp-image-69530 alignright\" src=\"https:\/\/www.fedaiisf.it\/wp-content\/uploads\/2022\/12\/Locandina-1-fimmg-scaled.jpeg\" alt=\"\" width=\"264\" height=\"374\" srcset=\"https:\/\/www.fedaiisf.it\/wp-content\/uploads\/2022\/12\/Locandina-1-fimmg-scaled.jpeg 1810w, https:\/\/www.fedaiisf.it\/wp-content\/uploads\/2022\/12\/Locandina-1-fimmg-212x300.jpeg 212w, https:\/\/www.fedaiisf.it\/wp-content\/uploads\/2022\/12\/Locandina-1-fimmg-724x1024.jpeg 724w, https:\/\/www.fedaiisf.it\/wp-content\/uploads\/2022\/12\/Locandina-1-fimmg-768x1086.jpeg 768w, https:\/\/www.fedaiisf.it\/wp-content\/uploads\/2022\/12\/Locandina-1-fimmg-1086x1536.jpeg 1086w, https:\/\/www.fedaiisf.it\/wp-content\/uploads\/2022\/12\/Locandina-1-fimmg-1448x2048.jpeg 1448w\" sizes=\"auto, (max-width: 264px) 100vw, 264px\" \/>l\u2019assistenza per i nostri pazienti\u00bb<\/strong><\/p>\n<p><a href=\"https:\/\/www.fimmg.org\/index.php?action=pages&amp;m=view&amp;p=32164&amp;lang=it\" target=\"_blank\" rel=\"noopener\">Comunicato Fimmg &#8211; 15 dicembre 2022<\/a><\/p>\n<p>La luce di pi\u00f9 di 30.000 mila candele ha illuminato al crepuscolo gli studi dei medici di medicina generale che hanno aderito in tutta Italia all\u2019iniziativa della Fimmg e che ha trovato anche l\u2019appoggio e il sostegno della FIMP, a partire dal suo Presidente Antonio D\u2019Avino.<\/p>\n<p>I medici di medicina generale sono costretti a confrontarsi con il mancato Atto d\u2019Indirizzo per il triennio 2019-2021, e quindi con una retribuzione ferma al 2018, e con il ritardo, nonostante la carenza di medici, della pubblicazione in Gazzetta Ufficiale del bando unico del Corso di Formazione Specifica in Medicina Generale, che permetterebbe di avere subito circa 3 mila medici di famiglia disponibili.<\/p>\n<p>In grave difficolt\u00e0 anche per la mancanza di attenzione immediata delle istituzioni a fronte di un caro energia e di un\u2019inflazione sempre pi\u00f9 drammatica, complicata da una burocrazia analogica e digitale che ruba tempo di cura ai pazienti, i medici di medicina generale della Fimmg hanno avviato oggi una protesta simbolica ed estremamente efficace.<\/p>\n<p>Una protesta che responsabilmente non ha voluto interrompere l\u2019assistenza ai cittadini in un periodo di picco influenzale e recrudescenza del Covid, ma che \u00e8 servita a chiedere con pi\u00f9 forza attenzione e rispetto per l\u2019articolo 32 della Costituzione. Immagine simbolo di questa protesta, tre candele che compongono la scritta SSN, ormai consumate dalla fiamma. Sotto la scritta: \u201cPi\u00f9 risorse, meno burocrazia, per i medici di medicina generale\u201d. Al crepuscolo, per un quarto d\u2019ora, le luci degli studi medici si sono spente e le visite sono andate avanti a lume di candela (scarica<a href=\"https:\/\/youtu.be\/NVk6fkTzGGQ\" target=\"_blank\" rel=\"noopener\"> il video<\/a>).<\/p>\n<p>I medici di medicina generale hanno spiegato ai loro pazienti il significato di quelle candele e in molti hanno voluto sostenere questo appello, condividendo sui social immagini e video. In pochi minuti l\u2019immagine simbolo realizzata dalla Fimmg, ma anche foto e video delle visite a lume di candela, hanno <img loading=\"lazy\" decoding=\"async\" class=\"wp-image-69532 alignleft\" src=\"https:\/\/www.fedaiisf.it\/wp-content\/uploads\/2022\/12\/Schermata-2022-12-16-alle-11.21.06.png\" alt=\"\" width=\"383\" height=\"200\" srcset=\"https:\/\/www.fedaiisf.it\/wp-content\/uploads\/2022\/12\/Schermata-2022-12-16-alle-11.21.06.png 656w, https:\/\/www.fedaiisf.it\/wp-content\/uploads\/2022\/12\/Schermata-2022-12-16-alle-11.21.06-300x157.png 300w\" sizes=\"auto, (max-width: 383px) 100vw, 383px\" \/>riempito migliaia di bacheche, unendo in un unico appello medici e cittadini con gli hashtag: #mmgallumicino e #nonspegniamoSSN.<\/p>\n<p>\u00abDenunciare ancora una volta le condizioni critiche in cui lavorano i medici di famiglia \u2013 ricorda il segretario generale di Fimmg Silvestro Scotti \u2013 \u00e8 essenziale per cercare di spingere le istituzioni a muoversi ora, prima che sia troppo tardi. La medicina generale, e quindi la salute dei cittadini, non pu\u00f2 essere ignorata nei provvedimenti in discussione a sostegno delle imprese per sopperire ai costi del caro energia e dell\u2019inflazione\u00bb.<\/p>\n<p>Burocrazia, carenza di risorse e di sostegni, rischiano di compromettere il diritto alla salute dei cittadini, che gi\u00e0 oggi in molti casi hanno difficolt\u00e0 a scegliere un medico di famiglia che si spegner\u00e0 come offerta, come le candele dell\u2019iniziativa, andando in pensione preventiva, per i pi\u00f9 anziani, o non scegliendo questa professione, per i pi\u00f9 giovani.<\/p>\n<p>Tra gli appelli lanciati dalla Fimmg, anche quello di comprendere la medicina generale nei provvedimenti dedicati al ristoro del pubblico impiego, per i quali \u00e8 gi\u00e0 stata prevista un\u2019indennit\u00e0 una tantum per il 2023, come anticipo sul prossimo contratto, pari all\u20191,5 % dello stipendio. \u00abProbabilmente non \u00e8 ancora chiaro che il medico di famiglia \u00e8 da sempre assimilato al pubblico impiego sul piano contrattuale e quindi non solo per gli obblighi che gli derivano ma anche per il riconoscimento economico\u00bb, ricorda Scotti. \u00abIn assenza di tali azioni \u2013 conclude Scotti \u2013 la protesta della Medicina Generale non si fermer\u00e0, siamo pronti ad alzare l\u2019asticella della protesta\u00bb.<\/p>\n<p>Related news:\u00a0<a href=\"https:\/\/www.collettiva.it\/copertine\/economia\/2022\/12\/15\/news\/salviamo_la_sanita_pubblica-2576520\/\" target=\"_blank\" rel=\"noopener\">Salviamo la sanit\u00e0 pubblica<\/a><\/p>\n<p><a href=\"https:\/\/portale.fnomceo.it\/salviamo-la-sanita-pubblica-la-fnomceo-in-piazza-con-i-sindacati-per-esprimere-solidarieta\/\" target=\"_blank\" rel=\"noopener\">\u201cSalviamo la sanit\u00e0 pubblica\u201d: la Fnomceo in piazza con i sindacati per esprimere solidariet\u00e0<\/a><\/p>\n<div class=\"BorlabsCookie _brlbs-cb-youtube\">\n<div class=\"_brlbs-content-blocker\">\n<div class=\"_brlbs-embed _brlbs-video-youtube\"> <img decoding=\"async\" class=\"_brlbs-thumbnail\" src=\"https:\/\/www.fedaiisf.it\/wp-content\/plugins\/borlabs-cookie\/assets\/images\/cb-no-thumbnail.png\" alt=\"YouTube\"> <\/p>\n<div class=\"_brlbs-caption\">\n<p>By uploading the video, you agree to YouTube&#039;s privacy policy.<br \/><a href=\"https:\/\/policies.google.com\/privacy?hl=en&amp;gl=en\" target=\"_blank\" rel=\"nofollow noopener noreferrer\">Find out more<\/a><\/p>\n<p><a class=\"_brlbs-btn _brlbs-icon-play-white\" href=\"#\" data-borlabs-cookie-unblock role=\"button\">Upload the video<\/a><\/p>\n<p><label><input type=\"checkbox\" name=\"unblockAll\" value=\"1\" checked> <small>Always unblock YouTube<\/small><\/label><\/p>\n<\/p><\/div><\/div><\/div>\n<div class=\"borlabs-hide\" data-borlabs-cookie-type=\"content-blocker\" data-borlabs-cookie-id=\"youtube\"><script type=\"text\/template\">PGlmcmFtZSB0aXRsZT0iR2lvcm5hdGEgZGkgdmlzaXRlIGEgbHVtZSBkaSBjYW5kZWxhIC0gMTUgRElDRU1CUkUgMjAyMiIgd2lkdGg9IjUwMCIgaGVpZ2h0PSIyODEiIHNyYz0iaHR0cHM6Ly93d3cueW91dHViZS1ub2Nvb2tpZS5jb20vZW1iZWQvTlZrNmZrVHpHR1E\/ZmVhdHVyZT1vZW1iZWQiIGZyYW1lYm9yZGVyPSIwIiBhbGxvdz0iYWNjZWxlcm9tZXRlcjsgYXV0b3BsYXk7IGNsaXBib2FyZC13cml0ZTsgZW5jcnlwdGVkLW1lZGlhOyBneXJvc2NvcGU7IHBpY3R1cmUtaW4tcGljdHVyZTsgd2ViLXNoYXJlIiByZWZlcnJlcnBvbGljeT0ic3RyaWN0LW9yaWdpbi13aGVuLWNyb3NzLW9yaWdpbiIgYWxsb3dmdWxsc2NyZWVuPjwvaWZyYW1lPg==<\/script><\/div>\n<\/div>\n<p>&nbsp;<\/p>\n<p style=\"text-align: justify;\">\n\t\t<div class=\"box shadow  aligncenter\">\n\t\t\t<div class=\"box-inner-block\">\n\t\t\t\t<span class=\"fa tie-shortcode-boxicon\"><\/span>In legge di Bilancio sono previsti 2 miliardi aggiuntivi per il Fondo Sanitario, questi per\u00f2 sono appena sufficienti per coprire l\u2019aumento delle spese per la bolletta energetica, mentre vengono tagliati 500 milioni per l\u2019abbattimento delle liste di attesa. Per quanto riguarda il personale non c\u2019\u00e8 il superamento del tetto di spesa e quindi per le Regioni sar\u00e0 assai complicato aumentare le dotazioni organiche. E non sono previste nemmeno le risorse per il rinnovo dei contratti. Ancora, i 200 milioni per incrementare l\u2019indennit\u00e0 di pronto soccorso non arriveranno nemmeno nel 2023, chiss\u00e0 se nel 2024. Non solo, ma quel che invece c\u2019\u00e8, \u00e8 la previsione della riduzione costante della spesa per la sanit\u00e0 per i prossimi anni, passando dal 6,4% del 2023 al 6.1% del Pil nel 2025, un valore inferiore anche rispetto al periodo pre-pandemia (nel 2019 si attestava al 6,4%). Sarebbe bene che governo e maggioranza ricordassero che, a detta dell\u2019Organizzazione mondiale della sanit\u00e0, se la spesa sanitaria di un paese scende sotto al 6,5% \u00e8 a rischio la salute pubblica. \n\t\t\t<\/div>\n\t\t<\/div>","protected":false},"excerpt":{"rendered":"<p>Medicina generale, pi\u00f9 di 30.000 candele accese negli studi di tutta Italia. Medici e cittadini uniti nel chiedere alle istituzioni meno burocrazia e pi\u00f9 risorse. Silvestro Scotti: \u00abManteniamo accesa l\u2019assistenza per i nostri pazienti\u00bb Comunicato Fimmg &#8211; 15 dicembre 2022 La luce di pi\u00f9 di 30.000 mila candele ha illuminato al crepuscolo gli studi dei &hellip;<\/p>","protected":false},"author":4,"featured_media":69533,"comment_status":"closed","ping_status":"closed","sticky":false,"template":"","format":"standard","meta":{"footnotes":""},"categories":[1],"tags":[230,79],"class_list":["post-69529","post","type-post","status-publish","format-standard","has-post-thumbnail","hentry","category-notizie","tag-medicina-generale","tag-ssn"],"amp_enabled":true,"_links":{"self":[{"href":"https:\/\/www.fedaiisf.it\/en\/wp-json\/wp\/v2\/posts\/69529","targetHints":{"allow":["GET"]}}],"collection":[{"href":"https:\/\/www.fedaiisf.it\/en\/wp-json\/wp\/v2\/posts"}],"about":[{"href":"https:\/\/www.fedaiisf.it\/en\/wp-json\/wp\/v2\/types\/post"}],"author":[{"embeddable":true,"href":"https:\/\/www.fedaiisf.it\/en\/wp-json\/wp\/v2\/users\/4"}],"replies":[{"embeddable":true,"href":"https:\/\/www.fedaiisf.it\/en\/wp-json\/wp\/v2\/comments?post=69529"}],"version-history":[{"count":7,"href":"https:\/\/www.fedaiisf.it\/en\/wp-json\/wp\/v2\/posts\/69529\/revisions"}],"predecessor-version":[{"id":69547,"href":"https:\/\/www.fedaiisf.it\/en\/wp-json\/wp\/v2\/posts\/69529\/revisions\/69547"}],"wp:featuredmedia":[{"embeddable":true,"href":"https:\/\/www.fedaiisf.it\/en\/wp-json\/wp\/v2\/media\/69533"}],"wp:attachment":[{"href":"https:\/\/www.fedaiisf.it\/en\/wp-json\/wp\/v2\/media?parent=69529"}],"wp:term":[{"taxonomy":"category","embeddable":true,"href":"https:\/\/www.fedaiisf.it\/en\/wp-json\/wp\/v2\/categories?post=69529"},{"taxonomy":"post_tag","embeddable":true,"href":"https:\/\/www.fedaiisf.it\/en\/wp-json\/wp\/v2\/tags?post=69529"}],"curies":[{"name":"wp","href":"https:\/\/api.w.org\/{rel}","templated":true}]}}