{"id":69578,"date":"2022-12-17T12:27:46","date_gmt":"2022-12-17T11:27:46","guid":{"rendered":"https:\/\/www.fedaiisf.it\/?p=69578"},"modified":"2022-12-17T12:34:11","modified_gmt":"2022-12-17T11:34:11","slug":"assemblea-sez-aiisf-seby-trapani-di-reggio-calabria-unoccasione-per-tirare-le-somme","status":"publish","type":"post","link":"https:\/\/www.fedaiisf.it\/en\/assemblea-sez-aiisf-seby-trapani-di-reggio-calabria-unoccasione-per-tirare-le-somme\/","title":{"rendered":"Assemblea Sez. AIISF Seby Trapani di Reggio Calabria. Un&#8217;occasione per tirare le somme"},"content":{"rendered":"<p style=\"font-weight: 400;\"><span style=\"color: #000000; font-size: 14pt;\">Nel pomeriggio di oggi, si \u00e8 tenuta l&#8217;Assemblea dell&#8217;AIISF, Sez. Seby Trapani di Reggio <img loading=\"lazy\" decoding=\"async\" class=\"wp-image-69579 alignright\" src=\"https:\/\/www.fedaiisf.it\/wp-content\/uploads\/2022\/12\/Aiisf-RC-assemblea.png\" alt=\"\" width=\"413\" height=\"169\" srcset=\"https:\/\/www.fedaiisf.it\/wp-content\/uploads\/2022\/12\/Aiisf-RC-assemblea.png 653w, https:\/\/www.fedaiisf.it\/wp-content\/uploads\/2022\/12\/Aiisf-RC-assemblea-300x123.png 300w\" sizes=\"auto, (max-width: 413px) 100vw, 413px\" \/>Calabria, federata FEDAIISF, a Villa San Giovanni. Un&#8217;occasione per tirare le somme di una realt\u00e0 associativa, che ha realizzato, negli ultimi due anni, molti obiettivi importanti per la categoria degli Informatori Scientifici del Farmaco del nostro territorio. <\/span><\/p>\n<p style=\"font-weight: 400;\"><span style=\"color: #000000; font-size: 14pt;\">Un Direttivo costituito da Colleghe e Colleghi di una seriet\u00e0 e professionalit\u00e0 estremamente elvate, che hanno dato lustro, con la loro disponibilit\u00e0 disinteressata, all&#8217;intera Categoria. Elencare tutti i traguardi raggiunti, sarebbe oneroso in termini di tempo. Mi limito a ricordarne solo alcuni :<\/span><\/p>\n<p style=\"font-weight: 400;\"><span style=\"color: #000000; font-size: 14pt;\">&#8211; la campagna di vaccinazione per SarsCov2, ottenuta con la proficua ed articolata interazione, unitamente alle altre Sezioni Calabresi, con il Dipartimento della Salute della Regione Calabria e che ci ha visti tra i primissimi Professionisti della Sanit\u00e0, ad essere sottoposti alla necessaria profilassi.<\/span><\/p>\n<p style=\"font-weight: 400;\"><span style=\"color: #000000; font-size: 14pt;\">&#8211; l&#8217;attivit\u00e0 di volontariato, svolta presso i principali Ospedali e le Strutture Pubbliche Poliambulatoriali del territorio, finalizzata a dare un importante contributo alla gestione informatica della campagna vaccinale pubblica.<\/span><\/p>\n<p style=\"font-weight: 400;\"><span style=\"color: #000000; font-size: 14pt;\">&#8211; la promozione di attivit\u00e0 dal forte profilo umanitario, in relazione al tema della DONAZIONE DEGLI ORGANI, con l&#8217;organizzazione di eventi\u00a0 sportivi commemorativi e benefici e di <img loading=\"lazy\" decoding=\"async\" class=\"wp-image-69580 alignleft\" src=\"https:\/\/www.fedaiisf.it\/wp-content\/uploads\/2022\/12\/Aiisf-RC-iscritte.png\" alt=\"\" width=\"344\" height=\"270\" srcset=\"https:\/\/www.fedaiisf.it\/wp-content\/uploads\/2022\/12\/Aiisf-RC-iscritte.png 583w, https:\/\/www.fedaiisf.it\/wp-content\/uploads\/2022\/12\/Aiisf-RC-iscritte-300x235.png 300w\" sizes=\"auto, (max-width: 344px) 100vw, 344px\" \/>convegni pubblici, con la partecipazione dei principali Opinion Leader del settore e dei Pazienti stessi.<\/span><\/p>\n<p style=\"font-weight: 400;\"><span style=\"color: #000000; font-size: 14pt;\">&#8211; Il sostegno all&#8217;attivit\u00e0 Legislativa Regionale, volta all&#8217;ottenimento dell&#8217;Albo Regionale degli Informatori Scientifici del Farmaco Calabresi, grazie all&#8217;impegno del COORDINAMENTO REGIONALE AIISF, del quale fa parte, in rappresentanza della Sezione di Reggio Calabria, il Dr. Rocco Lofaro.<\/span><\/p>\n<p style=\"font-weight: 400;\"><span style=\"color: #000000; font-size: 14pt;\">&#8211; tante altre attivit\u00e0, volte alla positiva risoluzione dei problemi quotidiani, che incombono su questa Professione.<\/span><\/p>\n<p style=\"font-weight: 400;\"><span style=\"color: #000000; font-size: 14pt;\">Al termine, gli affettuosi auguri reciproci ed un brindisi collettivo, augurale per l&#8217;anno che verr\u00e0, affinch\u00e9, TUTTI, si possa ritrovare la serenit\u00e0 perduta in un triennio difficile erga omnes&#8230;. Bravi davvero e congratulazioni a Tutti Voi&#8230;.<\/span><\/p>","protected":false},"excerpt":{"rendered":"<p>Nel pomeriggio di oggi, si \u00e8 tenuta l&#8217;Assemblea dell&#8217;AIISF, Sez. Seby Trapani di Reggio Calabria, federata FEDAIISF, a Villa San Giovanni. Un&#8217;occasione per tirare le somme di una realt\u00e0 associativa, che ha realizzato, negli ultimi due anni, molti obiettivi importanti per la categoria degli Informatori Scientifici del Farmaco del nostro territorio. Un Direttivo costituito da &hellip;<\/p>","protected":false},"author":4,"featured_media":69582,"comment_status":"closed","ping_status":"closed","sticky":false,"template":"","format":"standard","meta":{"footnotes":""},"categories":[14],"tags":[45],"class_list":["post-69578","post","type-post","status-publish","format-standard","has-post-thumbnail","hentry","category-news-fedaiisf","tag-fedaiisf"],"amp_enabled":true,"_links":{"self":[{"href":"https:\/\/www.fedaiisf.it\/en\/wp-json\/wp\/v2\/posts\/69578","targetHints":{"allow":["GET"]}}],"collection":[{"href":"https:\/\/www.fedaiisf.it\/en\/wp-json\/wp\/v2\/posts"}],"about":[{"href":"https:\/\/www.fedaiisf.it\/en\/wp-json\/wp\/v2\/types\/post"}],"author":[{"embeddable":true,"href":"https:\/\/www.fedaiisf.it\/en\/wp-json\/wp\/v2\/users\/4"}],"replies":[{"embeddable":true,"href":"https:\/\/www.fedaiisf.it\/en\/wp-json\/wp\/v2\/comments?post=69578"}],"version-history":[{"count":3,"href":"https:\/\/www.fedaiisf.it\/en\/wp-json\/wp\/v2\/posts\/69578\/revisions"}],"predecessor-version":[{"id":69585,"href":"https:\/\/www.fedaiisf.it\/en\/wp-json\/wp\/v2\/posts\/69578\/revisions\/69585"}],"wp:featuredmedia":[{"embeddable":true,"href":"https:\/\/www.fedaiisf.it\/en\/wp-json\/wp\/v2\/media\/69582"}],"wp:attachment":[{"href":"https:\/\/www.fedaiisf.it\/en\/wp-json\/wp\/v2\/media?parent=69578"}],"wp:term":[{"taxonomy":"category","embeddable":true,"href":"https:\/\/www.fedaiisf.it\/en\/wp-json\/wp\/v2\/categories?post=69578"},{"taxonomy":"post_tag","embeddable":true,"href":"https:\/\/www.fedaiisf.it\/en\/wp-json\/wp\/v2\/tags?post=69578"}],"curies":[{"name":"wp","href":"https:\/\/api.w.org\/{rel}","templated":true}]}}