{"id":69873,"date":"2023-01-05T06:55:21","date_gmt":"2023-01-05T05:55:21","guid":{"rendered":"https:\/\/www.fedaiisf.it\/?p=69873"},"modified":"2023-01-04T20:05:23","modified_gmt":"2023-01-04T19:05:23","slug":"la-piattaforma-immuni-non-e-piu-attiva-dal-31-dicembre","status":"publish","type":"post","link":"https:\/\/www.fedaiisf.it\/en\/la-piattaforma-immuni-non-e-piu-attiva-dal-31-dicembre\/","title":{"rendered":"The Immuni Platform is no longer active since December 31st"},"content":{"rendered":"<p>Dal 31 dicembre, \u00e8 stata dismessa la Piattaforma unica nazionale per la gestione del Sistema di allerta <img loading=\"lazy\" decoding=\"async\" class=\"wp-image-49397 alignright\" src=\"https:\/\/www.fedaiisf.it\/wp-content\/uploads\/2020\/04\/Immuni-contact-tracing.jpg\" alt=\"\" width=\"464\" height=\"243\" srcset=\"https:\/\/www.fedaiisf.it\/wp-content\/uploads\/2020\/04\/Immuni-contact-tracing.jpg 1016w, https:\/\/www.fedaiisf.it\/wp-content\/uploads\/2020\/04\/Immuni-contact-tracing-300x157.jpg 300w, https:\/\/www.fedaiisf.it\/wp-content\/uploads\/2020\/04\/Immuni-contact-tracing-768x403.jpg 768w\" sizes=\"auto, (max-width: 464px) 100vw, 464px\" \/>Covid-19 e la relativa App IMMUNI, che ha avuto la finalit\u00e0 di allertare le persone entrate in contatto stretto con soggetti risultati positivi. Dalla stessa data verr\u00e0 interrotto ogni trattamento di dati personali effettuato dal Ministero della salute ai sensi dell\u2019<a title=\"apre nuova finestra\" href=\"https:\/\/www.gazzettaufficiale.it\/eli\/id\/2020\/04\/30\/20G00046\/sg\" target=\"_blank\" rel=\"noopener\">articolo 6 del decreto-legge 30 aprile 2020, n. 28<\/a>, convertito con modificazioni dalla legge 25 giugno 2020, n. 70.<\/p>\n<p>Pertanto, la App IMMUNI non sar\u00e0 pi\u00f9 disponibile negli store delle applicazioni mobile (Apple, Google, Huawei) e, sugli smartphone su cui la App \u00e8 gi\u00e0 stata installata, non funzioner\u00e0 pi\u00f9 per attivare e ricevere le notifiche di allerta di eventuale contatto stretto con altri utenti della App per le finalit\u00e0 del contact tracing digitale.<\/p>\n<p>Inoltre, l\u2019applicazione non sar\u00e0 pi\u00f9 utilizzabile per l\u2019acquisizione delle Certificazioni verdi COVID-19 (cd \u201cgreen pass\u201d) ma solo per conservare quelle gi\u00e0 acquisite. Sar\u00e0 possibile recuperare le Certificazioni verdi COVID-19 con gli altri strumenti online disponibili: App IO, Fascicolo Sanitario Elettronico oppure direttamente sul sito\u00a0<a title=\"Open new page\" href=\"http:\/\/www.dgc.gov.it\/\" target=\"_blank\" rel=\"noopener\">www.dgc.gov.it<\/a>.<\/p>\n<p><a href=\"https:\/\/www.salute.gov.it\/portale\/news\/p3_2_1_1_1.jsp?lingua=italiano&amp;menu=notizie&amp;p=dalministero&amp;id=6115\" target=\"_blank\" rel=\"noopener\">Ministero della Salute &#8211; 27 dicembre 2022<\/a><\/p>\n<p>Editor&#039;s note: <em>Rimane attiva l&#8217;App IO, l&#8217;app dei servizi pubblici.\u00a0IO permette di interagire facilmente con diverse Pubbliche Amministrazioni, locali o nazionali, raccogliendo tutti i loro servizi, comunicazioni, pagamenti e documenti in un&#8217;unica app (compreso Green Pass), in modo sicuro e sempre a portata di mano.<\/em><\/p>\n<div>\n<p>&nbsp;<\/p>\n<\/div>","protected":false},"excerpt":{"rendered":"<p>Dal 31 dicembre, \u00e8 stata dismessa la Piattaforma unica nazionale per la gestione del Sistema di allerta Covid-19 e la relativa App IMMUNI, che ha avuto la finalit\u00e0 di allertare le persone entrate in contatto stretto con soggetti risultati positivi. Dalla stessa data verr\u00e0 interrotto ogni trattamento di dati personali effettuato dal Ministero della salute &hellip;<\/p>","protected":false},"author":4,"featured_media":69876,"comment_status":"closed","ping_status":"closed","sticky":false,"template":"","format":"standard","meta":{"footnotes":""},"categories":[1],"tags":[79,39],"class_list":["post-69873","post","type-post","status-publish","format-standard","has-post-thumbnail","hentry","category-notizie","tag-ssn","tag-vaccini"],"amp_enabled":true,"_links":{"self":[{"href":"https:\/\/www.fedaiisf.it\/en\/wp-json\/wp\/v2\/posts\/69873","targetHints":{"allow":["GET"]}}],"collection":[{"href":"https:\/\/www.fedaiisf.it\/en\/wp-json\/wp\/v2\/posts"}],"about":[{"href":"https:\/\/www.fedaiisf.it\/en\/wp-json\/wp\/v2\/types\/post"}],"author":[{"embeddable":true,"href":"https:\/\/www.fedaiisf.it\/en\/wp-json\/wp\/v2\/users\/4"}],"replies":[{"embeddable":true,"href":"https:\/\/www.fedaiisf.it\/en\/wp-json\/wp\/v2\/comments?post=69873"}],"version-history":[{"count":5,"href":"https:\/\/www.fedaiisf.it\/en\/wp-json\/wp\/v2\/posts\/69873\/revisions"}],"predecessor-version":[{"id":69879,"href":"https:\/\/www.fedaiisf.it\/en\/wp-json\/wp\/v2\/posts\/69873\/revisions\/69879"}],"wp:featuredmedia":[{"embeddable":true,"href":"https:\/\/www.fedaiisf.it\/en\/wp-json\/wp\/v2\/media\/69876"}],"wp:attachment":[{"href":"https:\/\/www.fedaiisf.it\/en\/wp-json\/wp\/v2\/media?parent=69873"}],"wp:term":[{"taxonomy":"category","embeddable":true,"href":"https:\/\/www.fedaiisf.it\/en\/wp-json\/wp\/v2\/categories?post=69873"},{"taxonomy":"post_tag","embeddable":true,"href":"https:\/\/www.fedaiisf.it\/en\/wp-json\/wp\/v2\/tags?post=69873"}],"curies":[{"name":"wp","href":"https:\/\/api.w.org\/{rel}","templated":true}]}}