{"id":69893,"date":"2023-01-07T08:24:44","date_gmt":"2023-01-07T07:24:44","guid":{"rendered":"https:\/\/www.fedaiisf.it\/?p=69893"},"modified":"2023-01-06T19:25:40","modified_gmt":"2023-01-06T18:25:40","slug":"puglia-i-dg-delle-asl-sono-decaduti-non-risultano-rispettati-i-tetti-assegnati-per-la-farmaceutica","status":"publish","type":"post","link":"https:\/\/www.fedaiisf.it\/en\/puglia-i-dg-delle-asl-sono-decaduti-non-risultano-rispettati-i-tetti-assegnati-per-la-farmaceutica\/","title":{"rendered":"Puglia. The DGs of the local health authorities have lapsed: the ceilings assigned for pharmaceuticals have not been respected"},"content":{"rendered":"<h2 class=\"itemTitle\">Spesa farmaceutica, Amati: \u201cI DG delle Asl sono decaduti e tutti gli atti sono nulli&#8221;<\/h2>\n<p><a href=\"https:\/\/www.ilgazzettinobr.it\/politica\/item\/29727-spesa-farmaceutica-amati-i-dg-delle-asl-sono-decaduti-e-tutti-gli-atti-sono-nulli\" target=\"_blank\" rel=\"noopener\">Il Gazzettino di Brindisi &#8211;\u00a0Gennaio 05, 2023\u00a0<\/a><\/p>\n<p style=\"font-weight: 400;\"><img loading=\"lazy\" decoding=\"async\" class=\"wp-image-69896 alignright\" src=\"https:\/\/www.fedaiisf.it\/wp-content\/uploads\/2023\/01\/Amati-Puglia.jpeg\" alt=\"\" width=\"261\" height=\"174\" srcset=\"https:\/\/www.fedaiisf.it\/wp-content\/uploads\/2023\/01\/Amati-Puglia.jpeg 900w, https:\/\/www.fedaiisf.it\/wp-content\/uploads\/2023\/01\/Amati-Puglia-300x200.jpeg 300w, https:\/\/www.fedaiisf.it\/wp-content\/uploads\/2023\/01\/Amati-Puglia-768x513.jpeg 768w\" sizes=\"auto, (max-width: 261px) 100vw, 261px\" \/>Spesa farmaceutica, Amati: \u201cI DG delle Asl sono decaduti e tutti gli atti sono nulli, per violazione della legge e della delibera Emiliano. Lo dice il sistema informatico Edotto\u201d<\/p>\n<p style=\"font-weight: 400;\">Dichiarazione del presidente della Commissione regionale bilancio e programmazione <strong>Fabiano Amati<\/strong>.<\/p>\n<p style=\"font-weight: 400;\">\u201cTutti i direttori generali delle Asl sono decaduti e tutti gli atti adottati sono da considerarsi nulli, qualora negli atti di monitoraggio continuativo sulla spesa farmaceutica non risultino rispettati i tetti assegnati. E tutto ci\u00f2 automaticamente; non c\u2019\u00e8 da fare, infatti, nessuna verifica strumentale e dilatoria sui dati, perch\u00e9 le Asl sono gi\u00e0 in possesso di questi dati &#8211; peraltro consultabili attraverso il sistema informatico Edotto &#8211; e se qualora non lo fossero alla decadenza dei DG si associerebbe quella dei direttori sanitari e amministrativi, nonch\u00e9 quella dei singoli responsabili aziendali sul monitoraggio della spesa farmaceutica.<\/p>\n<p style=\"font-weight: 400;\">E tutto ci\u00f2 non per la mia ossessione sui conti da tenere in ordine e sul rispetto delle tasse pagate dai cittadini, ma per il combinato disposto della mia legge in materia e della delibera della Giunta regionale 314 del 7 marzo 2022, approvata alla presenza del presidente Emiliano.<\/p>\n<p style=\"font-weight: 400;\">Si tenga conto, infine, che il mancato rispetto dei tetti sulla spesa farmaceutica comporta un obbligo di ripiano degli sprechi, sottraendo quindi i fondi all\u2019assistenza sanitaria, ossia alle cure delle persone. Sembra poco?<\/p>\n<p style=\"text-align: center;\">_______________________________<\/p>\n<p style=\"font-weight: 400;\"><strong><span style=\"font-size: 14pt;\">Caotica situazione della Sanit\u00e0 Pugliese\u00a0<\/span><\/strong><\/p>\n<p style=\"font-weight: 400;\">From\u00a0<a href=\"https:\/\/www.corrierepl.it\/2023\/01\/05\/caotica-situazione-della-sanita-pugliese\/\" target=\"_blank\" rel=\"noopener\">Redazione Corriere PL\u00a0&#8211;\u00a0\u00a0Del 5 Gennaio 2023<\/a><\/p>\n<p style=\"font-weight: 400;\">Leggiamo in queste ore le dichiarazioni dell\u2019Assessore dott. <strong>Rocco Palese<\/strong> circa la caotica situazione della <img loading=\"lazy\" decoding=\"async\" class=\"size-full wp-image-63283 alignleft\" src=\"https:\/\/www.fedaiisf.it\/wp-content\/uploads\/2022\/03\/Rocco_Palese_puglia.jpeg\" alt=\"\" width=\"165\" height=\"228\" \/>Sanit\u00e0 Pugliese. Non ci sorprende visto che da anni, dal nostro punto di vista, denunciamo una situazione degradata con gravi risvolti pratici, quotidiani,\u00a0 sui medici e sui malati. Per\u00f2 ci consenta caro Assessore il suo compito non \u00e8 denunciare le cose che non vanno, fattispecie che peraltro va apprezzata, \u00a0ma \u00e8 quello di trovare le soluzioni. Non trasformiamo l\u2019assenza, negli anni, di programmazione e di corretta attenzione alle esigenze anche \u201c sociali \u201c della sanit\u00e0 in un lamento collettivo.<\/p>\n<p style=\"font-weight: 400;\">Qualcuno deve rispondere per non essersi occupato della Sanit\u00e0 in tutti questi anni. Speriamo che le responsabilit\u00e0 che, in qualche modo l\u2019Assessore richiama, non ricadano sui medici che proprio in questi giorni attraverso le Organizzazioni Sindacali, contestualmente ai richiami della parte pubblica, hanno, ancora una volta, lanciato l\u2019ennesimo grido di dolore.<\/p>\n<p style=\"font-weight: 400;\">Un\u2019 altra tegola \u00e8 quella della spesa farmaceutica in Puglia che una norma votata dal Consiglio Regionale mette, per quanto riguarda la responsabilit\u00e0, in conto ai Direttori Generali mentre sappiamo del tentativo di addebitarla ai medici ai quali, in alcune ASL, sono state mandate comunicazione che prevedono addebito delle somme ai sanitari.<\/p>\n<p style=\"font-weight: 400;\">Recentemente in una nota apparsa sulla Gazzetta del Mezzogiorno cariche sindacali nazionali mettevano in evidenza i problemi legati alle aggressioni verbali e fisiche ai medici, alla carenza dei medici, alla riduzione delle liste d\u2019attesa, alla revisione delle incompatibilit\u00e0, alle criticit\u00e0 del piano per le Case della Comunit\u00e0 e denunciavano il mancato controllo, rispetto alla spesa farmaceutica, da parte delle ASL.<\/p>\n<p style=\"font-weight: 400;\">Sia chiaro sin da ora che ove si pensi di addebitare ai medici le inefficienze altrui ci vedremo costretti a percorrere le vie pi\u00f9 opportune a difesa dei sanitari.\u00a0<strong>\u00a0<\/strong><\/p>\n<p style=\"font-weight: 400; text-align: center;\"><strong>S.M.I.\u00a0 \u00a0\u00a0\u00a0\u00a0\u00a0\u00a0\u00a0\u00a0\u00a0\u00a0\u00a0\u00a0\u00a0\u00a0\u00a0\u00a0SNAMI\u00a0\u00a0\u00a0\u00a0\u00a0\u00a0\u00a0\u00a0\u00a0\u00a0\u00a0\u00a0\u00a0 SIMeT\u00a0\u00a0\u00a0\u00a0\u00a0\u00a0\u00a0\u00a0\u00a0\u00a0 C.G.I.L. Fp Medici\u00a0\u00a0\u00a0\u00a0\u00a0\u00a0\u00a0\u00a0 \u00a0\u00a0\u00a0\u00a0\u00a0\u00a0\u00a0\u00a0UGS Medici<\/strong><\/p>\n<p>&nbsp;<\/p>","protected":false},"excerpt":{"rendered":"<p>Spesa farmaceutica, Amati: \u201cI DG delle Asl sono decaduti e tutti gli atti sono nulli&#8221; Il Gazzettino di Brindisi &#8211;\u00a0Gennaio 05, 2023\u00a0 Spesa farmaceutica, Amati: \u201cI DG delle Asl sono decaduti e tutti gli atti sono nulli, per violazione della legge e della delibera Emiliano. Lo dice il sistema informatico Edotto\u201d Dichiarazione del presidente della &hellip;<\/p>","protected":false},"author":4,"featured_media":55519,"comment_status":"closed","ping_status":"closed","sticky":false,"template":"","format":"standard","meta":{"footnotes":""},"categories":[1],"tags":[26],"class_list":["post-69893","post","type-post","status-publish","format-standard","has-post-thumbnail","hentry","category-notizie","tag-spesa-farmaceutica"],"amp_enabled":true,"_links":{"self":[{"href":"https:\/\/www.fedaiisf.it\/en\/wp-json\/wp\/v2\/posts\/69893","targetHints":{"allow":["GET"]}}],"collection":[{"href":"https:\/\/www.fedaiisf.it\/en\/wp-json\/wp\/v2\/posts"}],"about":[{"href":"https:\/\/www.fedaiisf.it\/en\/wp-json\/wp\/v2\/types\/post"}],"author":[{"embeddable":true,"href":"https:\/\/www.fedaiisf.it\/en\/wp-json\/wp\/v2\/users\/4"}],"replies":[{"embeddable":true,"href":"https:\/\/www.fedaiisf.it\/en\/wp-json\/wp\/v2\/comments?post=69893"}],"version-history":[{"count":5,"href":"https:\/\/www.fedaiisf.it\/en\/wp-json\/wp\/v2\/posts\/69893\/revisions"}],"predecessor-version":[{"id":69899,"href":"https:\/\/www.fedaiisf.it\/en\/wp-json\/wp\/v2\/posts\/69893\/revisions\/69899"}],"wp:featuredmedia":[{"embeddable":true,"href":"https:\/\/www.fedaiisf.it\/en\/wp-json\/wp\/v2\/media\/55519"}],"wp:attachment":[{"href":"https:\/\/www.fedaiisf.it\/en\/wp-json\/wp\/v2\/media?parent=69893"}],"wp:term":[{"taxonomy":"category","embeddable":true,"href":"https:\/\/www.fedaiisf.it\/en\/wp-json\/wp\/v2\/categories?post=69893"},{"taxonomy":"post_tag","embeddable":true,"href":"https:\/\/www.fedaiisf.it\/en\/wp-json\/wp\/v2\/tags?post=69893"}],"curies":[{"name":"wp","href":"https:\/\/api.w.org\/{rel}","templated":true}]}}