{"id":69900,"date":"2023-01-09T08:28:00","date_gmt":"2023-01-09T07:28:00","guid":{"rendered":"https:\/\/www.fedaiisf.it\/?p=69900"},"modified":"2023-01-09T12:02:18","modified_gmt":"2023-01-09T11:02:18","slug":"medici-essere-iscritti-a-un-ordine-e-una-tutela-per-i-cittadini","status":"publish","type":"post","link":"https:\/\/www.fedaiisf.it\/en\/medici-essere-iscritti-a-un-ordine-e-una-tutela-per-i-cittadini\/","title":{"rendered":"Doctors. Being registered in an Order is a protection for citizens"},"content":{"rendered":"<h2 class=\"entry-title\">Il segretario Monaco a Elisir: \u201cCarenza di medici nasce da cattiva programmazione\u201d<\/h2>\n<p><a href=\"https:\/\/portale.fnomceo.it\/il-segretario-monaco-a-elisir-carenza-di-medici-nasce-da-cattiva-programmazione\/\" target=\"_blank\" rel=\"noopener\">FNOMCeO &#8211; 5 gennaio 2023<\/a><\/p>\n<p><img loading=\"lazy\" decoding=\"async\" class=\"wp-image-69903 alignright\" src=\"https:\/\/www.fedaiisf.it\/wp-content\/uploads\/2023\/01\/Roberto-Monaco-FNOMCeO.png\" alt=\"\" width=\"464\" height=\"242\" srcset=\"https:\/\/www.fedaiisf.it\/wp-content\/uploads\/2023\/01\/Roberto-Monaco-FNOMCeO.png 934w, https:\/\/www.fedaiisf.it\/wp-content\/uploads\/2023\/01\/Roberto-Monaco-FNOMCeO-300x156.png 300w, https:\/\/www.fedaiisf.it\/wp-content\/uploads\/2023\/01\/Roberto-Monaco-FNOMCeO-768x400.png 768w\" sizes=\"auto, (max-width: 464px) 100vw, 464px\" \/>Questa mattina il segretario FNOMCeO Roberto Monaco \u00e8 stato ospite della diretta di <span class=\"xt0psk2\">Rai3<\/span>: \u00e8 infatti intervenuto a <span class=\"xt0psk2\">Elisir<\/span>sulla carenza di medici e per commentare la recente decisione della Regione Calabria di richiedere l\u2019invio di professionisti dall\u2019estero, stimando che manchino nella sola regione 2500 medici e circa 20-25mila professionisti sanitari all\u2019interno del servizio sanitario italiano.<\/p>\n<p>\u201cIn regioni come la Calabria si \u00e8 cercato di mettere una toppa a un problema che \u00e8 stato generato dallo stesso sistema\u201d ha spiegato. \u201cQuesto oltre all\u2019aiuto <strong>crea un problema: le nostre certificazioni per lavorare all\u2019interno del nostro Ssn, i nostri titoli di studio vengono certificati dal Ministero della Salute, i medici sono iscritti agli Albi professionali, agli Ordini dei Medici; non \u00e8 soltanto forma, ma \u00e8 anche sostanza perch\u00e9 essere iscritti a un Ordine vuol dire tutelare il diritto alla salute, che ci sia qualcuno che controlla un percorso anche etico\u201d.<\/strong><\/p>\n<p>Riguardo alla carenza dei medici \u201cnasce da lontano, da una cattiva programmazione di quanti medici servivano al nostro sistema sanitario. Noi sono anni che diciamo che mancano: la sanit\u00e0 \u00e8 stata utilizzata da tanti governi come bancomat mentre deve essere considerata una grossa risorsa per il nostro Paese. Bisogna investire sulla sanit\u00e0 e sui professionisti, che operano all\u2019interno della Sanit\u00e0\u201d.<\/p>\n<p>La puntata di Elisir \u00e8 disponibile <a href=\"https:\/\/www.raiplay.it\/video\/2022\/12\/Elisir---Puntata-del-05012023-4ef20123-d233-428f-b72d-efb211da8e0c.html\" target=\"_blank\" rel=\"noopener\">at this link<\/a>.<\/p>\n<hr \/>\n<h2 class=\"entry-title\">Non basta un corso estero di undici mesi per fare il pediatra in Italia: una sentenza del Tar Lazio evidenzia l\u2019importanza del riconoscimento titoli effettuato dal Ministero della Salute<\/h2>\n<p><a href=\"https:\/\/portale.fnomceo.it\/non-basta-un-corso-estero-di-undici-mesi-per-fare-il-pediatra-in-italia-una-sentenza-del-tar-lazio-evidenzia-limportanza-del-riconoscimento-titoli-effettuato-dal-ministero-della-salute\/\" target=\"_blank\" rel=\"noopener\">Ufficio Stampa FNOMCeO &#8211; 4 gennaio 2023<\/a><\/p>\n<p><strong>Anelli (FNOMCeO): \u201cLa legge che permette alle Regioni di impiegare professionisti stranieri derogando a questo passaggio va cambiata. Prevedere anche l\u2019iscrizione agli Ordini italiani\u201d<\/strong><\/p>\n<p><img loading=\"lazy\" decoding=\"async\" class=\"wp-image-69904 alignleft\" src=\"https:\/\/www.fedaiisf.it\/wp-content\/uploads\/2023\/01\/1-Filippo-Anelli-logo-FNOMCeO.jpg\" alt=\"\" width=\"353\" height=\"253\" srcset=\"https:\/\/www.fedaiisf.it\/wp-content\/uploads\/2023\/01\/1-Filippo-Anelli-logo-FNOMCeO.jpg 879w, https:\/\/www.fedaiisf.it\/wp-content\/uploads\/2023\/01\/1-Filippo-Anelli-logo-FNOMCeO-300x215.jpg 300w, https:\/\/www.fedaiisf.it\/wp-content\/uploads\/2023\/01\/1-Filippo-Anelli-logo-FNOMCeO-768x550.jpg 768w\" sizes=\"auto, (max-width: 353px) 100vw, 353px\" \/>Non possono essere equiparati un corso di undici mesi in neonatologia, frequentato all\u2019estero, e la specializzazione in Pediatria, acquisita in Italia al termine della Scuola di quattro anni. A ribadirlo, il Tar del Lazio, che, con la\u00a0<a href=\"https:\/\/www.giustizia-amministrativa.it\/portale\/pages\/istituzionale\/visualizza\/?nodeRef=&amp;schema=tar_rm&amp;nrg=201810518&amp;nomeFile=202217328_01.html&amp;subDir=Provvedimenti\" target=\"_blank\" rel=\"noopener\" data-saferedirecturl=\"https:\/\/www.google.com\/url?q=https:\/\/www.giustizia-amministrativa.it\/portale\/pages\/istituzionale\/visualizza\/?nodeRef%3D%26schema%3Dtar_rm%26nrg%3D201810518%26nomeFile%3D202217328_01.html%26subDir%3DProvvedimenti&amp;source=gmail&amp;ust=1672921991926000&amp;usg=AOvVaw0jtUFVmLLcRh5MmCaUTPYr\">judgment<\/a>\u00a0n\u00b0 17328\/2022, ha respinto il ricorso di una dottoressa russa, riconoscendo il corretto operato del Ministero della Salute, che le aveva negato il riconoscimento del titolo.<\/p>\n<p>\u201c<em>Una decisione che appare scontata\u00a0<\/em>\u2013 commenta il Presidente della FNOMCeO, la Federazione nazionale degli Ordini dei Medici, Filippo <strong>Rings<\/strong>\u00a0\u2013\u00a0<em>ma che assume un significato particolare in un momento come questo, nel quale le Regioni impiegano colleghi stranieri saltando il fondamentale passaggio del riconoscimento dei titoli operato dal Ministero della Salute. Un passaggio che, come dimostra la sentenza, non \u00e8 solo formale, ma sostanziale: certifica, infatti, che tutti i medici e i professionisti che operano nel Servizio sanitario nazionale abbiano competenze uniformi e qualificate per svolgere le loro funzioni\u201d.\u00a0\u00a0<\/em><\/p>\n<p>Undici mesi scarsi contro quattro anni a tempo pieno: sono, rispettivamente, il tempo impiegato da un medico per conseguire, nella Federazione Russa, un \u201ccertificato di specializzazione in pediatria\u201d e quello speso da un collega per conseguire, in Italia, la specializzazione in pediatria. Titoli differenti \u2013 hanno stabilito i giudici \u2013 non solo per il tempo necessario a ottenerli, ma anche per i contenuti: nel caso specifico, il corso russo trattava solo la neonatologia, che in Italia \u00e8 considerata una branca della pediatria.<\/p>\n<p>\u201c<em>Eppure, se la collega in questione fosse stata assunta con la procedura emergenziale \u201cin deroga\u201d al riconoscimento titoli<\/em>\u00a0- explains\u00a0<strong>Rings<\/strong>\u00a0\u2013\u00a0<em>non ci sarebbe stato probabilmente alcun distinguo, e avrebbe potuto esercitare come pediatra. \u00c8 questo il motivo per il quale sosteniamo che la legge che permette alle Regioni di assumere medici stranieri derogando al riconoscimento dei titoli affidato, di norma, al Ministero <img loading=\"lazy\" decoding=\"async\" class=\"wp-image-66756 alignright\" src=\"https:\/\/www.fedaiisf.it\/wp-content\/uploads\/2022\/08\/medici-cubani10.jpeg\" alt=\"\" width=\"310\" height=\"195\" srcset=\"https:\/\/www.fedaiisf.it\/wp-content\/uploads\/2022\/08\/medici-cubani10.jpeg 560w, https:\/\/www.fedaiisf.it\/wp-content\/uploads\/2022\/08\/medici-cubani10-300x189.jpeg 300w\" sizes=\"auto, (max-width: 310px) 100vw, 310px\" \/>della Salute crea disparit\u00e0. Crea disparit\u00e0 rispetto ai professionisti italiani, che devono studiare dai 9 agli 11 anni per acquisire le competenze necessarie a esercitare nel nostro Servizio sanitario nazionale, e poi iscriversi agli Ordini. Crea disparit\u00e0 rispetto a quei professionisti che sinora hanno seguito, come in questo caso, il normale iter. E, cosa pi\u00f9 importante, crea disuguaglianze nell\u2019accesso alle cure, perch\u00e9 i cittadini, a seconda della Regione in cui vivono, vengono affidati a professionisti con competenze e vincoli deontologici non uniformi\u201d<\/em><\/p>\n<p><em>\u201c<strong>I medici stranieri chiamati in deroga, infatti \u2013\u00a0<\/strong><\/em><strong>conclude Anelli<\/strong><em><strong>\u00a0\u2013 non sono sottoposti n\u00e9 a una certificazione approfondita delle competenze da parte del Ministero, n\u00e9 al controllo deontologico da parte degli Ordini, che non possono verificare neppure la conoscenza della lingua italiana, importante perch\u00e9, come dice la legge, la comunicazione \u00e8 tempo di cura<\/strong>. Per questo riteniamo che il provvedimento, voluto dalle Regioni per mettere una \u201ctoppa\u201d a una situazione che esse stesse hanno contribuito a creare, con anni di tagli alla sanit\u00e0 e di programmazione \u201cal risparmio\u201d dei fabbisogni di specialisti, debba essere cambiato, prevedendo controlli e vincoli pi\u00f9 stringenti, tra i quali anche l\u2019obbligo dell\u2019iscrizione agli Albi italiani. Non vogliamo certo impedire ai colleghi extracomunitari di esercitare in Italia: quello che chiediamo \u00e8 che siano verificati i loro titoli\u201d.<\/em><\/p>\n<p>FNOMCeO Press and Information Office<br \/>\ninformazione@fnomceo.it<br \/>\nwww.fnomceo.it<br \/>\n04\/01\/2023<\/p>\n<p>&nbsp;<\/p>\n<p>Related news:\u00a0<a href=\"https:\/\/www.quotidianosanita.it\/lettere-al-direttore\/articolo.php?articolo_id=109967\" target=\"_blank\" rel=\"noopener\">Il \u201cgioco di prestigio\u201d di Agenas per risolvere la carenza di medici<\/a><\/p>\n<p><a href=\"https:\/\/latinatu.it\/sanita-ugl-nei-pronto-soccorso-del-lazio-e-caos\/\" target=\"_blank\" rel=\"noopener\">Nel Lazio il servizio dei Pronto Soccorso \u00e8 nel caos<\/a><\/p>\n<p class=\"titolo\"><a href=\"https:\/\/www.corriereadriatico.it\/marche\/marche_sanita_mancano_medici_emergenza_personale_cosa_succede-7156260.html\" target=\"_blank\" rel=\"noopener\">La falla nella sanit\u00e0 marchigiana: mancano all\u2019appello pi\u00f9 di 300 medici. Ecco dove<\/a><\/p>\n<p>&nbsp;<\/p>","protected":false},"excerpt":{"rendered":"<p>Il segretario Monaco a Elisir: \u201cCarenza di medici nasce da cattiva programmazione\u201d FNOMCeO &#8211; 5 gennaio 2023 Questa mattina il segretario FNOMCeO Roberto Monaco \u00e8 stato ospite della diretta di Rai3: \u00e8 infatti intervenuto a Elisirsulla carenza di medici e per commentare la recente decisione della Regione Calabria di richiedere l\u2019invio di professionisti dall\u2019estero, stimando &hellip;<\/p>","protected":false},"author":4,"featured_media":69908,"comment_status":"closed","ping_status":"closed","sticky":false,"template":"","format":"standard","meta":{"footnotes":""},"categories":[1],"tags":[79],"class_list":["post-69900","post","type-post","status-publish","format-standard","has-post-thumbnail","hentry","category-notizie","tag-ssn"],"amp_enabled":true,"_links":{"self":[{"href":"https:\/\/www.fedaiisf.it\/en\/wp-json\/wp\/v2\/posts\/69900","targetHints":{"allow":["GET"]}}],"collection":[{"href":"https:\/\/www.fedaiisf.it\/en\/wp-json\/wp\/v2\/posts"}],"about":[{"href":"https:\/\/www.fedaiisf.it\/en\/wp-json\/wp\/v2\/types\/post"}],"author":[{"embeddable":true,"href":"https:\/\/www.fedaiisf.it\/en\/wp-json\/wp\/v2\/users\/4"}],"replies":[{"embeddable":true,"href":"https:\/\/www.fedaiisf.it\/en\/wp-json\/wp\/v2\/comments?post=69900"}],"version-history":[{"count":9,"href":"https:\/\/www.fedaiisf.it\/en\/wp-json\/wp\/v2\/posts\/69900\/revisions"}],"predecessor-version":[{"id":69913,"href":"https:\/\/www.fedaiisf.it\/en\/wp-json\/wp\/v2\/posts\/69900\/revisions\/69913"}],"wp:featuredmedia":[{"embeddable":true,"href":"https:\/\/www.fedaiisf.it\/en\/wp-json\/wp\/v2\/media\/69908"}],"wp:attachment":[{"href":"https:\/\/www.fedaiisf.it\/en\/wp-json\/wp\/v2\/media?parent=69900"}],"wp:term":[{"taxonomy":"category","embeddable":true,"href":"https:\/\/www.fedaiisf.it\/en\/wp-json\/wp\/v2\/categories?post=69900"},{"taxonomy":"post_tag","embeddable":true,"href":"https:\/\/www.fedaiisf.it\/en\/wp-json\/wp\/v2\/tags?post=69900"}],"curies":[{"name":"wp","href":"https:\/\/api.w.org\/{rel}","templated":true}]}}