{"id":70507,"date":"2023-02-15T11:16:50","date_gmt":"2023-02-15T10:16:50","guid":{"rendered":"https:\/\/www.fedaiisf.it\/?p=70507"},"modified":"2023-02-16T11:52:21","modified_gmt":"2023-02-16T10:52:21","slug":"snami-dichiara-lo-stato-di-agitazione-a-tutela-dei-medici-sempre-piu-vessati","status":"publish","type":"post","link":"https:\/\/www.fedaiisf.it\/en\/snami-dichiara-lo-stato-di-agitazione-a-tutela-dei-medici-sempre-piu-vessati\/","title":{"rendered":"SNAMI declares a state of agitation to protect increasingly harassed doctors!"},"content":{"rendered":"<h2><img loading=\"lazy\" decoding=\"async\" class=\"size-full wp-image-70508 aligncenter\" src=\"https:\/\/www.fedaiisf.it\/wp-content\/uploads\/2023\/02\/SNAMI-comunicato-stampa.png\" alt=\"\" width=\"953\" height=\"186\" srcset=\"https:\/\/www.fedaiisf.it\/wp-content\/uploads\/2023\/02\/SNAMI-comunicato-stampa.png 953w, https:\/\/www.fedaiisf.it\/wp-content\/uploads\/2023\/02\/SNAMI-comunicato-stampa-300x59.png 300w, https:\/\/www.fedaiisf.it\/wp-content\/uploads\/2023\/02\/SNAMI-comunicato-stampa-768x150.png 768w\" sizes=\"auto, (max-width: 953px) 100vw, 953px\" \/><\/h2>\n<h2 style=\"text-align: center;\"><span style=\"color: #800000;\">SNAMI dichiara lo stato di agitazione <\/span><br \/>\n<span style=\"color: #800000;\">a tutela dei medici sempre pi\u00f9 vessati !<\/span><\/h2>\n<p style=\"font-weight: 400; text-align: justify;\"><span style=\"color: #000000;\">Roma, 13 febbraio 2023 \u2013 Il comitato centrale Snami, riunito il 12 febbraio 2023, dichiara lo stato di agitazione di tutti i medici di medicina generale e dei pediatri di libera scelta che aderiscono al sindacato perch\u00e9 la misura e\u0300 colma.<\/span><br \/>\n<span style=\"color: #000000;\">Il sindacato ha stilato una sorta di lista di ci\u00f2 che non va e che sta mettendo a rischio la salvaguardia di un\u2019intera categoria, quella pi\u00f9 esposta nei territori e che ha gi\u00e0 patito il peso enorme della pandemia e sono diversi i punti sensibili indicati dal sindacato.<\/span><\/p>\n<p style=\"font-weight: 400; text-align: justify;\"><span style=\"color: #000000;\">\u201cOggi, dichiariamo lo stato di agitazione \u2013 spiega Angelo Testa, presidente nazionale Snami \u2013 e non escludiamo ulteriori iniziative anche di piazza. Le\u00a0<\/span><span style=\"color: #000000;\">istituzioni sembrano sorde e non possiamo accettare un sistema che impone ai medici di medicina generale e ai pediatri di dover stare attivi sette giorni su sette, senza alcuna possibilit\u00e0 di sostituzione, con alternanza articolata dell\u2019apertura degli studi o presso la sede di riferimento dell\u2019aggregazione funzionale territoriale.<\/span><\/p>\n<p style=\"font-weight: 400; text-align: justify;\"><span style=\"color: #000000;\">Medici e pediatri, ancora, dovrebbero farsi carico, nel caso di necessita\u0300 di un consulto specialistico, di programmare e comunicare direttamente all\u2019assistito il riferimento e la tempistica della prestazione specialistica o diagnostica, attivando le procedure di tipo burocratico disposte dall\u2019azienda.<\/span><\/p>\n<p style=\"font-weight: 400; text-align: justify;\"><span style=\"color: #000000;\">Nell\u2019ordine, lo Snami indica ancora la propria idea dell\u2019autocertificazione per i primi tre giorni di malattia, la inattuabilit\u00e0 delle case di comunit\u00e0 e degli ospedali di comunit\u00e0, la burocrazia asfissiante e il sovramansionamento non conforme al ruolo, i piani terapeutici e le note Aifa che andrebbero aboliti, l\u2019aumento del massimale a 1800 non contrattato e senza un surplus economico, la totale assenza di sostituti nei casi di malattia, gravidanza e ferie e che occorra eliminare tutte le incompatibilit\u00e0 dei medici di medicina generale.<\/span><\/p>\n<p style=\"font-weight: 400; text-align: justify;\"><span style=\"color: #000000;\">Senza risposte concrete-conclude il leader dello Snami-, le proteste della categoria andranno avanti a tutela dei Medici e dei cittadini che entrambi subiscono una sanita\u0300 cronicamente sottofinanziata, bene prezioso che non pu\u00f2 non essere tutelata e difesa da tutti noi.\u201d<\/span><\/p>\n<p style=\"font-weight: 400; text-align: justify;\"><span style=\"color: #000000;\">Salvatore Cauchi ad<\/span>detto stampa nazionale<\/p>\n<p style=\"text-align: justify;\"><a href=\"https:\/\/www.snami.org\/wp-content\/uploads\/clicca-qui-per-leggere-13-febbraio-2023-COMUNICATO-STAMPA-NAZIONALE-SNAMI.pdf\" target=\"_blank\" rel=\"noopener\">Comunicato Stampa SNAMI &#8211; 13 febbraio 2023<\/a><\/p>\n<p style=\"text-align: justify;\">","protected":false},"excerpt":{"rendered":"<p>SNAMI dichiara lo stato di agitazione a tutela dei medici sempre pi\u00f9 vessati ! Roma, 13 febbraio 2023 \u2013 Il comitato centrale Snami, riunito il 12 febbraio 2023, dichiara lo stato di agitazione di tutti i medici di medicina generale e dei pediatri di libera scelta che aderiscono al sindacato perch\u00e9 la misura e\u0300 colma. &hellip;<\/p>","protected":false},"author":4,"featured_media":70512,"comment_status":"closed","ping_status":"closed","sticky":false,"template":"","format":"standard","meta":{"footnotes":""},"categories":[1],"tags":[],"class_list":["post-70507","post","type-post","status-publish","format-standard","has-post-thumbnail","hentry","category-notizie"],"amp_enabled":true,"_links":{"self":[{"href":"https:\/\/www.fedaiisf.it\/en\/wp-json\/wp\/v2\/posts\/70507","targetHints":{"allow":["GET"]}}],"collection":[{"href":"https:\/\/www.fedaiisf.it\/en\/wp-json\/wp\/v2\/posts"}],"about":[{"href":"https:\/\/www.fedaiisf.it\/en\/wp-json\/wp\/v2\/types\/post"}],"author":[{"embeddable":true,"href":"https:\/\/www.fedaiisf.it\/en\/wp-json\/wp\/v2\/users\/4"}],"replies":[{"embeddable":true,"href":"https:\/\/www.fedaiisf.it\/en\/wp-json\/wp\/v2\/comments?post=70507"}],"version-history":[{"count":4,"href":"https:\/\/www.fedaiisf.it\/en\/wp-json\/wp\/v2\/posts\/70507\/revisions"}],"predecessor-version":[{"id":70539,"href":"https:\/\/www.fedaiisf.it\/en\/wp-json\/wp\/v2\/posts\/70507\/revisions\/70539"}],"wp:featuredmedia":[{"embeddable":true,"href":"https:\/\/www.fedaiisf.it\/en\/wp-json\/wp\/v2\/media\/70512"}],"wp:attachment":[{"href":"https:\/\/www.fedaiisf.it\/en\/wp-json\/wp\/v2\/media?parent=70507"}],"wp:term":[{"taxonomy":"category","embeddable":true,"href":"https:\/\/www.fedaiisf.it\/en\/wp-json\/wp\/v2\/categories?post=70507"},{"taxonomy":"post_tag","embeddable":true,"href":"https:\/\/www.fedaiisf.it\/en\/wp-json\/wp\/v2\/tags?post=70507"}],"curies":[{"name":"wp","href":"https:\/\/api.w.org\/{rel}","templated":true}]}}