{"id":70564,"date":"2023-02-17T07:52:13","date_gmt":"2023-02-17T06:52:13","guid":{"rendered":"https:\/\/www.fedaiisf.it\/?p=70564"},"modified":"2023-02-21T18:16:13","modified_gmt":"2023-02-21T17:16:13","slug":"un-informatore-al-congresso-filctem-dobbiamo-intraprendere-un-percorso-che-sia-aderente-alla-legge","status":"publish","type":"post","link":"https:\/\/www.fedaiisf.it\/en\/un-informatore-al-congresso-filctem-dobbiamo-intraprendere-un-percorso-che-sia-aderente-alla-legge\/","title":{"rendered":"A Whistleblower at Filctem Congress: &quot;We must take a path that is compliant with the law&quot;"},"content":{"rendered":"<p><em>Per la prima volta, almeno non abbiamo memoria di casi simili, un Informatore Scientifico,<strong> Antonio Daniele<\/strong>, ha presentato una relazione al IV Congresso Nazionale Filctem CGIL sulla propria categoria. Ne riportiamo il testo.<\/em><\/p>\n<hr \/>\n<p style=\"font-weight: 400;\"><img loading=\"lazy\" decoding=\"async\" class=\"wp-image-70567 alignright\" src=\"https:\/\/www.fedaiisf.it\/wp-content\/uploads\/2023\/02\/Daniele-Congresso-Filctem.png\" alt=\"\" width=\"273\" height=\"431\" srcset=\"https:\/\/www.fedaiisf.it\/wp-content\/uploads\/2023\/02\/Daniele-Congresso-Filctem.png 383w, https:\/\/www.fedaiisf.it\/wp-content\/uploads\/2023\/02\/Daniele-Congresso-Filctem-190x300.png 190w\" sizes=\"auto, (max-width: 273px) 100vw, 273px\" \/><span style=\"color: #000000;\">Ringrazio per l\u2019opportunit\u00e0 che mi \u00e8 stata data di relazionare. Parlare da questo palco \u00e8 come seminare, perch\u00e9 fuori, tutti potranno ascoltare le tematiche oggetto del dibattito nella FILCTEM. Doveroso un grazie a Collettiva. Vengo al tema oggetto del mio intervento.<\/span><\/p>\n<p style=\"font-weight: 400;\"><span style=\"color: #000000;\">La Farmaceutica, l\u2019informazione scientifica e l\u2019accesso alle cure. Cosa unisce queste tre grandi aree?<\/span><\/p>\n<p style=\"font-weight: 400;\"><span style=\"color: #000000;\">L\u2019appartenenza al nostro SSN!<\/span><\/p>\n<p style=\"font-weight: 400;\"><span style=\"color: #000000;\">Le aziende farmaceutiche, di fronte ad un legislatore che guarda al futuro del farmaco come un costo e non come servizio\/risorsa, si sono mosse per cercare di imporre un modello di pubblicit\u00e0 sui farmaci che le svincoli dalla legge. Cos\u00ec provano a trasformare il servizio in sistema per massimizzare i profitti.<\/span><\/p>\n<p style=\"font-weight: 400;\"><span style=\"color: #000000;\">Al di l\u00e0 dei proclami hanno di fatto precarizzato il lavoro, spostato le produzioni dove si possono ottenere maggiori margini operativi e trasformato il servizio di informazione scientifica, adeguandolo alla logica di mercato.<\/span><\/p>\n<p style=\"font-weight: 400;\"><span style=\"color: #000000;\">\u00c8 sotto gli occhi di tutti il proliferare delle partite iva tra gli informatori scientifici, cosa anacronistica per un ruolo che non pu\u00f2 per legge vendere.<\/span><\/p>\n<p style=\"font-weight: 400;\"><span style=\"color: #000000;\">Allo stesso tempo, per superare le restrizioni della legge che disciplina il servizio di informazione scientifica presso gli operatori, ne hanno spacchettato il ruolo.<\/span><\/p>\n<p style=\"font-weight: 400;\"><span style=\"color: #000000;\">Come dei maghi, hanno estratto dal cilindro, funzioni non previste dal legislatore in modo da poter operare, superando i limiti che la legge invece impone agli informatori scientifici. Tutto questo, posso presumere, lo abbiano fatto per provare a creare una consuetudine cos\u00ec quando la politica si sar\u00e0 svegliata tutto sar\u00e0 stato gi\u00e0 consolidato e di difficile rimozione.<\/span><\/p>\n<p style=\"font-weight: 400;\"><span style=\"color: #000000;\">Si sono comportati come i costruttori abusivi, una volta che la casa \u00e8 fatta sar\u00e0 molto probabile che nessuno la demolisca e che, prima o poi, arrivi una sanatoria che legalizzi tutto. <strong>Noi della FILCTEM CGIL ci siamo accorti e con la supervisione di Marco abbiamo gi\u00e0 intrapreso un percorso negoziale per portare le legittime aspettative delle imprese, nell\u2019interpretare la trasformazione del lavoro, in un percorso che sia aderente alla legge e allo stesso tempo scongiurare: licenziamenti, derive commerciali e difesa del nostro SSN.<\/strong><\/span><\/p>\n<p style=\"font-weight: 400;\"><span style=\"color: #000000;\"><strong>A proposito di SSN, dovete sapere che \u00e8 il servizio pi\u00f9 invidiato al mondo per efficienza e costi!!!<\/strong><\/span><\/p>\n<p style=\"font-weight: 400;\"><span style=\"color: #000000;\"><strong>\u00c8 nato nel lontano 1978 ad opera del PCI, si avete sentito bene \u00e8 stato voluto dai comunisti e ne rappresenta la massima opera sociale creata in Italia.<\/strong><\/span><\/p>\n<p style=\"font-weight: 400;\"><span style=\"color: #000000;\">\u00c8 compito di tutti noi difenderlo!!! Perch\u00e9 se \u00e8 vero che ce lo invidiano \u00e8 anche vero che i suoi miliardi di euro fanno gola a molti&#8230;aziende e politicanti di stato compresi. L\u201980% dei bilanci regionali sono in sanit\u00e0<\/span><\/p>\n<p style=\"font-weight: 400;\"><span style=\"color: #000000;\"><img loading=\"lazy\" decoding=\"async\" class=\"wp-image-70569 alignleft\" src=\"https:\/\/www.fedaiisf.it\/wp-content\/uploads\/2023\/02\/Schermata-2023-02-17-alle-07.19.58.png\" alt=\"\" width=\"454\" height=\"233\" srcset=\"https:\/\/www.fedaiisf.it\/wp-content\/uploads\/2023\/02\/Schermata-2023-02-17-alle-07.19.58.png 946w, https:\/\/www.fedaiisf.it\/wp-content\/uploads\/2023\/02\/Schermata-2023-02-17-alle-07.19.58-300x154.png 300w, https:\/\/www.fedaiisf.it\/wp-content\/uploads\/2023\/02\/Schermata-2023-02-17-alle-07.19.58-768x395.png 768w\" sizes=\"auto, (max-width: 454px) 100vw, 454px\" \/>I tagli sconsiderati al suo budget, ne hanno minato la sua sostenibilit\u00e0. Come dice il prof Mennini sono quindici anni consecutivi che, come riportano i dati OSCE, il rapporto tra, spesa sanitaria procapite e PIL procapite, d\u00e0 come risultato un numero inferiore ad uno, a testimoniare che i soldi per sostenerlo, c\u2019erano e ci sono, ma si \u00e8 preferito tagliare per far cassa. Tutto questo ha un prezzo, come ha sottolineato Marco, questi tagli si sono tradotti, nelle imprese, in tagli alla ricerca, alle produzioni e alla promozione del farmaco!!! <strong>La legge 833\\78, istitutiva del SSN, e la successiva 219\\2006 disciplinano tutta la filiera che va dalla organizzazione dei medici, alla pubblicit\u00e0 sui farmaci, passando dalla produzione e commercializzazione.<\/strong><\/span><\/p>\n<p style=\"font-weight: 400;\"><span style=\"color: #000000;\"><strong>Questo ci fa capire che siamo obbligati ad una visione d\u2019insieme, senza personalismi e senza creare compartimenti stagni, perch\u00e9 se cade un pezzo cade tutto.<\/strong><\/span><\/p>\n<p style=\"font-weight: 400;\"><span style=\"color: #000000;\">Mancano medici ma ancor di pi\u00f9 mancano i farmaci e rischiamo di perdere un\u2019eccellenza mondiale sia come servizio che come produzione. La miopia della politica impone anche il payback che rischia di far saltare molte aziende perch\u00e9 non riescono pi\u00f9 a star dietro a prezzi stabiliti da gare anacronistiche.<\/span><\/p>\n<p style=\"font-weight: 400;\"><span style=\"color: #000000;\">Ormai una scatola di compresse costa molto meno di una scatola di caramelle.<\/span><\/p>\n<p style=\"font-weight: 400;\"><span style=\"color: #000000;\">Se non vogliamo questa deriva commerciale, dettata dalle gare al minimo ribasso, dobbiamo ripristinare la sacralit\u00e0 del servizio che vede il cittadino ammalato come una risorsa e non come un costo da ridurre&#8230;magari augurandoci che muoia.<\/span><\/p>\n<p style=\"font-weight: 400;\"><span style=\"color: #000000;\">Di queste tematiche si sono accorti anche i proprietari della filiera, cos\u00ec Egualia ma anche Farmindustria guarda a noi per fare sistema nei confronti di una politica attenta solo ai costi e poco al sistema farmaco.<\/span><\/p>\n<p style=\"font-weight: 400;\"><span style=\"color: #000000;\">Alcune settimane fa l\u2019ex presidente di AIFA Nello Martini lancia l\u2019allarme relativo all\u2019assenza di informazione scientifica da parte delle aziende nei confronti dei medici di medicina generale.<\/span><\/p>\n<p style=\"font-weight: 400;\"><span style=\"color: #000000;\">Questo ha bloccato l\u2019uso di farmaci specialistici che il medico di medicina generale non conoscendo, non prescrive, bloccando, di fatto, l\u2019accesso alle cure dei pazienti.<\/span><\/p>\n<p style=\"font-weight: 400;\"><span style=\"color: #000000;\"><img loading=\"lazy\" decoding=\"async\" class=\"wp-image-70572 alignright\" src=\"https:\/\/www.fedaiisf.it\/wp-content\/uploads\/2023\/02\/daniele-sfondo.png\" alt=\"\" width=\"276\" height=\"414\" srcset=\"https:\/\/www.fedaiisf.it\/wp-content\/uploads\/2023\/02\/daniele-sfondo.png 476w, https:\/\/www.fedaiisf.it\/wp-content\/uploads\/2023\/02\/daniele-sfondo-200x300.png 200w\" sizes=\"auto, (max-width: 276px) 100vw, 276px\" \/>Il caso specifico si riferiva ai nuovi anticoagulanti NAO che prima erano appannaggio solo degli specialisti, verso cui le case farmaceutiche erano molto attive. Quando sono passati ad essere prescritti anche dai medici di medicina generale, questo per favorire l\u2019accesso alle cure abbattendo le liste d\u2019attesa, si \u00e8 visto che le aziende da tempo non fornivano pi\u00f9 tale servizio.<\/span><\/p>\n<p style=\"font-weight: 400;\"><span style=\"color: #000000;\">Si cari compagni questo servizio \u00e8 previsto dalla legge istitutiva del SSN, la 833\/78, che delega alle aziende il servizio di informazione scientifica.<\/span><\/p>\n<p style=\"font-weight: 400;\"><span style=\"color: #000000;\"><strong>Lo delega, attenzione non lascia loro la facolt\u00e0 di farlo, di fatto le obbliga!<\/strong><\/span><\/p>\n<p style=\"font-weight: 400;\"><span style=\"color: #000000;\">Peccato che lo smantellando di questo servizio \u00e8 avvenuto nell\u2019indifferenza del legislatore e di AIFA.<\/span><\/p>\n<p style=\"font-weight: 400;\"><span style=\"color: #000000;\"><strong>Cos\u00ec oggi abbiamo perso posti di lavoro, servizio, accesso alle cure e relativa produzione!!!<\/strong><\/span><\/p>\n<p style=\"font-weight: 400;\"><span style=\"color: #000000;\">Tutto questo per star dietro all\u2019ubriacatura dei tagli alla spesa per far cassa, perch\u00e9 una regionalizzazione bizzarra ha generato virtuosismi e sacche di malasanit\u00e0.<\/span><\/p>\n<p style=\"font-weight: 400;\"><span style=\"color: #000000;\">Oggi anche il presidente di EFPIA, che sarebbe la Confindustria europea, chiede maggiore attenzione all\u2019innovazione e al sistema farmaco in Europa. Lo fa alla vigilia del varo di una legge europea che discipliner\u00e0 i farmaci e la loro fruizione nella comunit\u00e0 europea.<\/span><\/p>\n<p style=\"font-weight: 400;\"><span style=\"color: #000000;\">Lo fa dal suo pulpito, pensando al profitto che pu\u00f2 generare ma noi non possiamo non vigilare su leggi <img loading=\"lazy\" decoding=\"async\" class=\"wp-image-70582 alignleft\" src=\"https:\/\/www.fedaiisf.it\/wp-content\/uploads\/2023\/02\/Anjtonio-Daniele-alla-Filctem.png\" alt=\"\" width=\"155\" height=\"249\" srcset=\"https:\/\/www.fedaiisf.it\/wp-content\/uploads\/2023\/02\/Anjtonio-Daniele-alla-Filctem.png 281w, https:\/\/www.fedaiisf.it\/wp-content\/uploads\/2023\/02\/Anjtonio-Daniele-alla-Filctem-187x300.png 187w\" sizes=\"auto, (max-width: 155px) 100vw, 155px\" \/>che potrebbero disinvestire dal pubblico e orientare sempre di pi\u00f9 verso una privatizzazione strisciante del servizio sanitario.<\/span><\/p>\n<p style=\"font-weight: 400;\"><span style=\"color: #000000;\">Non dobbiamo dimenticare che tutte le grandi scoperte sono avvenute con il sostegno pubblico, senza quelle risorse nessun servizio potr\u00e0 essere innovativo e fruibile da tutti. <strong>Dalla difesa della produzione, dell\u2019informazione scientifica e della classe medica passa la difesa del SSN, delle imprese, del lavoro e della salute di tutti noi.<\/strong><\/span><\/p>\n<hr \/>\n<p>Editor&#039;s note: <em>\u00c8 auspicabile che anche le altre sigle sindacali diano spazio alla voce degli informatori. Solo unitariamente potremo ottenere ad un tavolo contrattuale un grande risultato.<\/em><\/p>","protected":false},"excerpt":{"rendered":"<p>Per la prima volta, almeno non abbiamo memoria di casi simili, un Informatore Scientifico, Antonio Daniele, ha presentato una relazione al IV Congresso Nazionale Filctem CGIL sulla propria categoria. Ne riportiamo il testo. Ringrazio per l\u2019opportunit\u00e0 che mi \u00e8 stata data di relazionare. Parlare da questo palco \u00e8 come seminare, perch\u00e9 fuori, tutti potranno ascoltare &hellip;<\/p>","protected":false},"author":4,"featured_media":70570,"comment_status":"closed","ping_status":"closed","sticky":false,"template":"","format":"standard","meta":{"footnotes":""},"categories":[16],"tags":[21,44],"class_list":["post-70564","post","type-post","status-publish","format-standard","has-post-thumbnail","hentry","category-primo-piano","tag-informatori-scientifici","tag-sindacati"],"amp_enabled":true,"_links":{"self":[{"href":"https:\/\/www.fedaiisf.it\/en\/wp-json\/wp\/v2\/posts\/70564","targetHints":{"allow":["GET"]}}],"collection":[{"href":"https:\/\/www.fedaiisf.it\/en\/wp-json\/wp\/v2\/posts"}],"about":[{"href":"https:\/\/www.fedaiisf.it\/en\/wp-json\/wp\/v2\/types\/post"}],"author":[{"embeddable":true,"href":"https:\/\/www.fedaiisf.it\/en\/wp-json\/wp\/v2\/users\/4"}],"replies":[{"embeddable":true,"href":"https:\/\/www.fedaiisf.it\/en\/wp-json\/wp\/v2\/comments?post=70564"}],"version-history":[{"count":11,"href":"https:\/\/www.fedaiisf.it\/en\/wp-json\/wp\/v2\/posts\/70564\/revisions"}],"predecessor-version":[{"id":70583,"href":"https:\/\/www.fedaiisf.it\/en\/wp-json\/wp\/v2\/posts\/70564\/revisions\/70583"}],"wp:featuredmedia":[{"embeddable":true,"href":"https:\/\/www.fedaiisf.it\/en\/wp-json\/wp\/v2\/media\/70570"}],"wp:attachment":[{"href":"https:\/\/www.fedaiisf.it\/en\/wp-json\/wp\/v2\/media?parent=70564"}],"wp:term":[{"taxonomy":"category","embeddable":true,"href":"https:\/\/www.fedaiisf.it\/en\/wp-json\/wp\/v2\/categories?post=70564"},{"taxonomy":"post_tag","embeddable":true,"href":"https:\/\/www.fedaiisf.it\/en\/wp-json\/wp\/v2\/tags?post=70564"}],"curies":[{"name":"wp","href":"https:\/\/api.w.org\/{rel}","templated":true}]}}