{"id":7059,"date":"2015-01-09T12:42:43","date_gmt":"2015-01-09T11:42:43","guid":{"rendered":"http:\/\/www.fedaiisf.it\/?p=7059"},"modified":"2015-01-15T11:19:19","modified_gmt":"2015-01-15T10:19:19","slug":"federanziani-chiede-le-dimissioni-dei-funzionari-della-sanita-del-veneto","status":"publish","type":"post","link":"https:\/\/www.fedaiisf.it\/en\/federanziani-chiede-le-dimissioni-dei-funzionari-della-sanita-del-veneto\/","title":{"rendered":"Federanziani calls for the resignation of the Veneto health officials"},"content":{"rendered":"<p>Rimuovere I responsabili del \u00abnegato rimborso delle statine agli over 80 in Veneto.\u00a0\u00abL\u2019interpretazione delle varie Regioni e delle Asl che omettono il riferimento alla prevenzione secondaria \u00e8 errata, ed appare ispirata esclusivamente ad una logica di carattere ragionieristico\u00bb.<\/p>\n<h5><a href=\"http:\/\/www.healthdesk.it\/cronache\/federanziani_chiede_le_dimissioni_dei_funzionari_della_sanit_del_veneto\/1420748805\" target=\"_blank\" rel=\"noopener\">GIOVED\u00cc 8 GENNAIO 2015 &#8211; healthdesk<\/a><\/h5>\n<p><img loading=\"lazy\" decoding=\"async\" class=\"alignleft\" alt=\"\" src=\"https:\/\/encrypted-tbn1.gstatic.com\/images?q=tbn:ANd9GcS9sFENULp_hgdZloZa7tgkoN-o-J1pgoKts59PiOIOWTWWew-z\" width=\"259\" height=\"194\" \/>\u00abRedigere delibere e determine \u00e8 un atto delicatissimo e non si possono omettere frasi importanti come quelle della <a href=\"http:\/\/www.gazzettaufficiale.it\/do\/atto\/serie_generale\/caricaPdf?cdimg=14A0507900100010110001&amp;dgu=2014-07-08&amp;art.dataPubblicazioneGazzetta=2014-07-08&amp;art.codiceRedazionale=14A05079&amp;art.num=1&amp;art.tiposerie=SG\" target=\"_blank\" rel=\"noopener\">nota 13 Aifa<\/a> sui pazienti anziani\u00bb. \u00c8 questa la<a href=\"http:\/\/www.federanziani.it\/category\/c01-comunicati\/\" target=\"_blank\" rel=\"noopener\"> premessa di Federanziani<\/a> alla richiesta di rimuovere quelli che ritiene responsabili del \u00abnegato rimborso delle statine agli over 80 in Veneto\u00bb.<\/p>\n<p>Nella nota Aifa, ricorda l&#8217;associazione \u00e8 \u00abben specificato che \u201cnei pazienti con et\u00e0 maggiore di 65 anni ma con evidenza di malattia coronarica, vascolare o diabete mellito la rimborsabilit\u00e0 dei farmaci ipolipemizzanti \u00e8 a carico del Ssn per definizione, dovendosi considerare questi pazienti in prevenzione secondaria\u00bb. La nota sostiene Federanziani non afferma che al compimento degli 80 anni la spesa non \u00e8 pi\u00f9 a carico dell\u2019Ssn, salvo che per la prevenzione secondaria. Pertanto \u00abl\u2019interpretazione delle varie Regioni e delle Asl che omettono il riferimento alla prevenzione secondaria \u00e8 errata, ed appare ispirata esclusivamente ad una logica di carattere ragionieristico. Un alto funzionario sanitario dello Stato non pu\u00f2 omettere tali eccezioni, perch\u00e9 genera confusione tra i medici, i quali non esercitano l\u2019attivit\u00e0 di burocrati leggendo a menadito ogni determina dell\u2019Aifa ma ricevono istruzioni dalle varie Asl\u00bb. Sulla base di queste considerazioni e \u00abper questi gravi motivi FederAnziani chiede a gran voce la rimozione di questi funzionari al fine di non dar colpa ai politici che, come nel Veneto, sono riusciti a dare alti standard qualitativi alla Sanit\u00e0 regionale\u00bb.<\/p>\n<p><img loading=\"lazy\" decoding=\"async\" class=\"alignright\" alt=\"roberto messina federanziani\" src=\"http:\/\/www.figliefamiglia.it\/wp-content\/uploads\/2012\/05\/DSC_00152.jpg\" width=\"213\" height=\"155\" \/>Le decisioni dello Stato, dice <strong>Roberto Messina<\/strong>, presidente di Federanziani, \u00abnon possono essere applicate e interpretate sempre in una logica di convenienza ragionieristica. Portiamo un caso fra tutti come esempio, ovvero la legge sui farmaci equivalenti che prevede la prescrizione del principio attivo solo ed esclusivamente per la nuova cronicit\u00e0 mentre tutte le Regioni dispensano anche ai vecchi cronici il farmaco equivalente. Secondo la legge italiana \u2013 prosegue &#8211; la responsabilit\u00e0 della salute dei cittadini \u00e8 di competenza delle Regioni e delle Asl e non dell\u2019Aifa, quindi nell\u2019atto di applicare e interpretare una determina dell\u2019Aifa si esercita la responsabilit\u00e0 delle Regioni e delle Asl nei confronti del cittadino. Non \u00e8 colpa degli over 80 se sono longevi \u2013 conclude Messina &#8211; e ribadiamo ancora che non \u00e8 colpa dei cittadini se non sono stati effettuati studi clinici sull\u2019efficienza e l\u2019efficacia dei farmaci sugli over 80\u00bb. Ecco perch\u00e9, infine, FederAnziani invita l\u2019Aifa a farsi promotrice di uno studio clinico con questi obiettivi.<\/p>\n<p>Related news: <a href=\"http:\/\/www.federanziani.it\/2015\/01\/federanziani-a-vertici-sanita-chioggia-veneto-da-oggi-siete-responsabili-in-solido-di-ogni-morte-degli-over-80\/\" target=\"_blank\" rel=\"noopener\">Federanziani a vertici sanit\u00e0 Chioggia (Veneto): da oggi siete responsabili in solido di ogni morte degli over 80<\/a><\/p>","protected":false},"excerpt":{"rendered":"<p>Rimuovere I responsabili del \u00abnegato rimborso delle statine agli over 80 in Veneto.\u00a0\u00abL\u2019interpretazione delle varie Regioni e delle Asl che omettono il riferimento alla prevenzione secondaria \u00e8 errata, ed appare ispirata esclusivamente ad una logica di carattere ragionieristico\u00bb. GIOVED\u00cc 8 GENNAIO 2015 &#8211; healthdesk \u00abRedigere delibere e determine \u00e8 un atto delicatissimo e non si &hellip;<\/p>","protected":false},"author":4,"featured_media":7065,"comment_status":"closed","ping_status":"closed","sticky":false,"template":"","format":"standard","meta":{"footnotes":""},"categories":[1],"tags":[49,41,79],"class_list":["post-7059","post","type-post","status-publish","format-standard","has-post-thumbnail","hentry","category-notizie","tag-aifa","tag-leggisentenze","tag-ssn"],"amp_enabled":true,"_links":{"self":[{"href":"https:\/\/www.fedaiisf.it\/en\/wp-json\/wp\/v2\/posts\/7059","targetHints":{"allow":["GET"]}}],"collection":[{"href":"https:\/\/www.fedaiisf.it\/en\/wp-json\/wp\/v2\/posts"}],"about":[{"href":"https:\/\/www.fedaiisf.it\/en\/wp-json\/wp\/v2\/types\/post"}],"author":[{"embeddable":true,"href":"https:\/\/www.fedaiisf.it\/en\/wp-json\/wp\/v2\/users\/4"}],"replies":[{"embeddable":true,"href":"https:\/\/www.fedaiisf.it\/en\/wp-json\/wp\/v2\/comments?post=7059"}],"version-history":[{"count":0,"href":"https:\/\/www.fedaiisf.it\/en\/wp-json\/wp\/v2\/posts\/7059\/revisions"}],"wp:featuredmedia":[{"embeddable":true,"href":"https:\/\/www.fedaiisf.it\/en\/wp-json\/wp\/v2\/media\/7065"}],"wp:attachment":[{"href":"https:\/\/www.fedaiisf.it\/en\/wp-json\/wp\/v2\/media?parent=7059"}],"wp:term":[{"taxonomy":"category","embeddable":true,"href":"https:\/\/www.fedaiisf.it\/en\/wp-json\/wp\/v2\/categories?post=7059"},{"taxonomy":"post_tag","embeddable":true,"href":"https:\/\/www.fedaiisf.it\/en\/wp-json\/wp\/v2\/tags?post=7059"}],"curies":[{"name":"wp","href":"https:\/\/api.w.org\/{rel}","templated":true}]}}